{"id":8254,"date":"2026-04-26T19:31:05","date_gmt":"2026-04-26T19:31:05","guid":{"rendered":"https:\/\/noivezetok.eu\/?p=8254"},"modified":"2026-04-28T08:57:13","modified_gmt":"2026-04-28T08:57:13","slug":"gondolatok-megfigyelese-szemlelo-mod","status":"publish","type":"post","link":"https:\/\/noivezetok.eu\/en_en\/gondolatok-megfigyelese-szemlelo-mod\/","title":{"rendered":"Ne \u00e1ll\u00edtsd meg a gondolataidat, csak figyeld \u0151ket"},"content":{"rendered":"<link rel=\"preconnect\" href=\"https:\/\/fonts.googleapis.com\">\n<link rel=\"preconnect\" href=\"https:\/\/fonts.gstatic.com\" crossorigin>\n<link href=\"https:\/\/fonts.googleapis.com\/css2?family=Cormorant+Garamond:ital,wght@0,300;0,400;0,500;0,600;1,400;1,500&#038;family=Inter:wght@300;400;500;600&#038;family=JetBrains+Mono:wght@400;500&#038;display=swap\" rel=\"stylesheet\">\n<style>\n.sj-blog {\n  --ivory:        #F7F3EE;\n  --ivory-deep:   #EFE8DF;\n  --paper:        #FBF8F4;\n  --mauve-soft:   #D9C4C7;\n  --mauve:        #B89BA0;\n  --mauve-deep:   #6B4E54;\n  --plum:         #4A363B;\n  --ink:          #2A2226;\n  --rule:         rgba(107, 78, 84, 0.18);\n  --rule-soft:    rgba(107, 78, 84, 0.10);\n  --serif: \"Cormorant Garamond\", \"Hoefler Text\", Garamond, serif;\n  --sans:  \"Inter\", -apple-system, \"Helvetica Neue\", Arial, sans-serif;\n  --mono:  \"JetBrains Mono\", ui-monospace, \"SF Mono\", Menlo, monospace;\n  background: var(--ivory);\n  color: var(--ink);\n  font-family: var(--sans);\n  font-size: 17px;\n  line-height: 1.75;\n  font-weight: 380;\n  letter-spacing: 0.005em;\n  padding: 72px 32px 96px;\n  box-sizing: border-box;\n  width: 100%;\n  font-feature-settings: \"ss01\", \"kern\";\n}\n.sj-blog *, .sj-blog *::before, .sj-blog *::after { box-sizing: border-box; }\n.sj-blog .sj-eyebrow { font-family: var(--mono); font-size: 11px; letter-spacing: 0.22em; text-transform: uppercase; color: var(--mauve-deep); font-weight: 500; }\n.sj-blog .sj-meta { font-size: 13px; letter-spacing: 0.02em; color: var(--mauve-deep); font-weight: 400; }\n.sj-blog h1 { font-family: var(--serif); font-weight: 400; color: var(--plum); letter-spacing: -0.015em; line-height: 1.04; margin: 0; }\n.sj-blog h2 { font-family: var(--serif); font-weight: 500; font-size: 32px; line-height: 1.2; color: var(--plum); letter-spacing: -0.01em; margin: 48px 0 18px; }\n.sj-blog h3 { font-family: var(--sans); font-weight: 500; font-size: 15px; letter-spacing: 0.06em; text-transform: uppercase; color: var(--mauve-deep); margin: 36px 0 12px; }\n.sj-blog p { margin: 0 0 22px; color: #3A2F33; }\n.sj-blog .sj-lede { font-family: var(--serif); font-style: italic; font-weight: 400; font-size: 24px; line-height: 1.5; color: var(--plum); letter-spacing: 0; }\n.sj-blog .sj-dropcap::first-letter { font-family: var(--serif); font-weight: 500; font-size: 76px; line-height: 0.9; float: left; padding: 8px 12px 0 0; color: var(--mauve-deep); }\n.sj-blog a { color: var(--mauve-deep); text-decoration: underline; text-underline-offset: 3px; text-decoration-thickness: 1px; text-decoration-color: var(--mauve); }\n.sj-blog .sj-ornament { display: flex; align-items: center; justify-content: center; gap: 18px; margin: 56px 0; color: var(--mauve); }\n.sj-blog .sj-ornament::before, .sj-blog .sj-ornament::after { content: \"\"; flex: 1; height: 1px; background: var(--rule); max-width: 160px; }\n.sj-blog blockquote { margin: 44px 0; padding: 0; font-family: var(--serif); font-style: italic; font-weight: 400; font-size: 30px; line-height: 1.32; color: var(--plum); letter-spacing: -0.005em; text-align: center; }\n.sj-blog blockquote::before { content: \"\\201C\"; display: block; font-size: 64px; line-height: 0.8; color: var(--mauve); margin-bottom: 8px; font-style: normal; }\n.sj-blog blockquote cite { display: block; margin-top: 18px; font-family: var(--mono); font-style: normal; font-size: 11px; letter-spacing: 0.22em; text-transform: uppercase; color: var(--mauve-deep); font-weight: 500; }\n.sj-blog .sj-ritual { list-style: none; padding: 0; margin: 32px 0 40px; counter-reset: ritual; }\n.sj-blog .sj-ritual li { counter-increment: ritual; display: grid; grid-template-columns: 64px 1fr; gap: 20px; padding: 24px 0; border-top: 1px solid var(--rule); align-items: baseline; }\n.sj-blog .sj-ritual li:last-child { border-bottom: 1px solid var(--rule); }\n.sj-blog .sj-ritual li::before { content: counter(ritual, decimal-leading-zero); font-family: var(--serif); font-style: italic; font-weight: 400; font-size: 36px; color: var(--mauve); line-height: 1; }\n.sj-blog .sj-ritual h4 { font-family: var(--serif); font-weight: 500; font-size: 22px; color: var(--plum); margin: 0 0 6px; letter-spacing: -0.005em; }\n.sj-blog .sj-ritual p { margin: 0; font-size: 16px; line-height: 1.7; }\n.sj-blog .sj-figure { margin: 36px 0; }\n.sj-blog .sj-figure figcaption { font-family: var(--mono); font-size: 10.5px; letter-spacing: 0.18em; text-transform: uppercase; color: var(--mauve-deep); margin-top: 12px; display: flex; justify-content: space-between; gap: 16px; }\n.sj-blog .sj-placeholder { width: 100%; background: var(--ivory-deep); border-radius: 2px; position: relative; overflow: hidden; }\n.sj-blog .sj-placeholder svg { display: block; width: 100%; height: 100%; }\n.sj-blog .sj-placeholder .sj-ph-label { position: absolute; inset: 0; display: flex; align-items: center; justify-content: center; font-family: var(--mono); font-size: 11px; letter-spacing: 0.22em; text-transform: uppercase; color: var(--mauve-deep); background: rgba(247, 243, 238, 0.6); padding: 8px 16px; text-align: center; pointer-events: none; }\n.sj-blog .sj-placeholder.sj-wide  { aspect-ratio: 16 \/ 9; }\n.sj-blog .sj-placeholder.sj-bleed { aspect-ratio: 21 \/ 9; }\n.sj-blog .sj-placeholder.sj-square{ aspect-ratio: 1 \/ 1; }\n.sj-blog .sj-share { display: flex; align-items: center; flex-wrap: wrap; gap: 14px; padding: 28px 0; border-top: 1px solid var(--rule); border-bottom: 1px solid var(--rule); margin: 48px 0 24px; }\n.sj-blog .sj-share-label { font-family: var(--mono); font-size: 11px; letter-spacing: 0.22em; text-transform: uppercase; color: var(--mauve-deep); margin-right: auto; }\n.sj-blog .sj-share-btn { width: 40px; height: 40px; border-radius: 999px; background: transparent; border: 1px solid var(--rule); display: inline-flex; align-items: center; justify-content: center; color: var(--mauve-deep); cursor: pointer; transition: background 160ms ease, border-color 160ms ease, color 160ms ease; text-decoration: none; }\n.sj-blog .sj-share-btn:hover { background: var(--mauve-deep); border-color: var(--mauve-deep); color: var(--paper); }\n.sj-blog .sj-share-btn.sj-pill { width: auto; padding: 0 18px; font-family: var(--mono); font-size: 11px; letter-spacing: 0.22em; text-transform: uppercase; gap: 8px; }\n.sj-blog .sj-hero { text-align: center; max-width: 760px; margin: 0 auto 56px; }\n.sj-blog .sj-hero .sj-eyebrow { display: inline-block; margin-bottom: 24px; }\n.sj-blog .sj-hero h1 { font-size: 76px; margin-bottom: 28px; }\n.sj-blog .sj-hero .sj-lede { max-width: 620px; margin: 0 auto 28px; }\n.sj-blog .sj-hero .sj-meta { display: flex; align-items: center; justify-content: center; flex-wrap: wrap; gap: 16px; }\n.sj-blog .sj-hero .sj-dot { width: 3px; height: 3px; border-radius: 50%; background: var(--mauve); }\n.sj-blog .sj-hero-image { max-width: 1040px; margin: 0 auto 64px; }\n.sj-blog .sj-article { max-width: 660px; margin: 0 auto; }\n@media (max-width: 720px) {\n  .sj-blog { padding: 48px 22px 72px; }\n  .sj-blog .sj-hero h1 { font-size: 48px; }\n  .sj-blog .sj-hero .sj-lede { font-size: 20px; }\n  .sj-blog h2 { font-size: 26px; }\n  .sj-blog blockquote { font-size: 22px; }\n  .sj-blog .sj-ritual li { grid-template-columns: 44px 1fr; gap: 12px; }\n  .sj-blog .sj-ritual li::before { font-size: 28px; }\n  .sj-blog .sj-ritual h4 { font-size: 19px; }\n  .sj-blog .sj-dropcap::first-letter { font-size: 56px; padding: 6px 10px 0 0; }\n}\n<\/style>\n<article class=\"sj-blog\">\n<header class=\"sj-hero\">\n    <span class=\"sj-eyebrow\">T\u00falgondol\u00e1s \u00b7 2026 Tavasz<\/span><\/p>\n<h1>Ne \u00e1ll\u00edtsd meg a gondolataidat, csak figyeld \u0151ket<\/h1>\n<p class=\"sj-lede\">\n      A p\u00f6rg\u0151 gondolatok akkor halkulnak le, amikor szeml\u00e9l\u0151v\u00e9 v\u00e1lsz, nem amikor harcoss\u00e1. Itt a metakognit\u00edv megk\u00f6zel\u00edt\u00e9s alapja, \u00e9s egy egyszer\u0171 \u00f6tperces gyakorlat hozz\u00e1.\n    <\/p>\n<div class=\"sj-meta\">\n      <span>N\u0151i Vezet\u0151k<\/span><br \/>\n      <span class=\"sj-dot\"><\/span><br \/>\n      <span>2026. \u00e1prilis 26.<\/span><br \/>\n      <span class=\"sj-dot\"><\/span><br \/>\n      <span>9 perc olvas\u00e1s<\/span>\n    <\/div>\n<\/header>\n<div class=\"sj-hero-image\">\n<figure class=\"sj-figure\">\n<div class=\"sj-placeholder sj-bleed\">\n        <svg viewbox=\"0 0 100 100\" preserveaspectratio=\"none\" aria-hidden=\"true\">\n          <defs>\n            <pattern id=\"sj-stripes-hero\" patternunits=\"userSpaceOnUse\" width=\"3\" height=\"3\" patterntransform=\"rotate(45)\">\n              <rect width=\"3\" height=\"3\" fill=\"#EFE8DF\" \/>\n              <line x1=\"0\" y1=\"0\" x2=\"0\" y2=\"3\" stroke=\"#E6DCD0\" stroke-width=\"1.2\" \/>\n            <\/pattern>\n          <\/defs>\n          <rect width=\"100\" height=\"100\" fill=\"url(#sj-stripes-hero)\" \/>\n        <\/svg><br \/>\n        <span class=\"sj-ph-label\">bor\u00edt\u00f3 \u00b7 n\u0151 a konyhaablakn\u00e1l, tavaszi reggel<\/span>\n      <\/div>\n<\/figure><\/div>\n<div class=\"sj-article\">\n<p class=\"sj-dropcap\">\n      Reggel h\u00e9t \u00f3ra, a k\u00e1v\u00e9d m\u00e9g g\u0151z\u00f6l\u00f6g, a telefon n\u00e9ma. Te m\u00e9gis m\u00e1r harmadszor p\u00f6r\u00f6gsz v\u00e9gig egy tegnapi besz\u00e9lget\u00e9sen, \u00e9s pr\u00f3b\u00e1lod lecsendes\u00edteni a fejedet. Nem megy. Min\u00e9l hat\u00e1rozottabban mondod bel\u00fcl, hogy &#8222;el\u00e9g&#8221;, ann\u00e1l hangosabb lesz ugyanaz a h\u00e1rom mondat, ugyanaz az arckifejez\u00e9s, ugyanaz a &#8222;mit kellett volna mondanom helyette&#8221; spir\u00e1l.\n    <\/p>\n<p>\n      Van erre egy egyszer\u0171 magyar\u00e1zat, \u00e9s enn\u00e9l is fontosabb, egy egyszer\u0171 ki\u00fat. A t\u00falgondol\u00e1s nem az\u00e9rt tartja mag\u00e1t, mert gyeng\u00e9n pr\u00f3b\u00e1lod le\u00e1ll\u00edtani, hanem az\u00e9rt, mert a le\u00e1ll\u00edt\u00e1s maga az \u00fczemanyaga. Ha ma egyetlen gondolatot viszel magaddal a cikkb\u0151l, legyen ez: a p\u00f6rg\u0151 gondolatok akkor halkulnak le, amikor szeml\u00e9l\u0151v\u00e9 v\u00e1lsz, nem amikor harcoss\u00e1.\n    <\/p>\n<h2>Mi\u00e9rt nem m\u0171k\u00f6dik, ha &#8222;le\u00e1ll\u00edtan\u00e1d&#8221; a gondolatokat<\/h2>\n<p>\n      Daniel Wegner, a Harvard pszichol\u00f3gusa arra k\u00e9rt egyszer embereket, hogy \u00f6t percen \u00e1t ne gondoljanak egy feh\u00e9r medv\u00e9re. Egy cseng\u0151 volt n\u00e1luk, minden alkalommal meg kellett nyomniuk, amikor a medve bevillant. Azt\u00e1n a k\u00f6vetkez\u0151 \u00f6t percben m\u00e1r szabadon gondolhattak r\u00e1. Az eredm\u00e9ny meglep\u0151 volt: akik el\u0151sz\u00f6r tiltott\u00e1k a medv\u00e9t, a felszabadul\u00e1s ut\u00e1n sokkal gyakrabban gondoltak r\u00e1, mint az a kontrollcsoport, amelyik v\u00e9gig szabadon gondolhatott r\u00e1. Wegner ezt ironikus folyamatnak nevezte el.\n    <\/p>\n<p>\n      Az elme \u00fagy van huzalozva, hogy a &#8222;ne gondolj erre&#8221; parancs egyidej\u0171leg beszerkeszti a &#8222;gondolj erre&#8221; eml\u00e9keztet\u0151t a h\u00e1tt\u00e9rbe. Pont olyan, mint amikor valaki azt mondja, most ne k\u00e9pzeld el azt a citromot, amibe beleharapsz. M\u00e1r \u00e9rzed is az \u00edz\u00e9t a sz\u00e1dban.\n    <\/p>\n<p>\n      Ez az oka annak, hogy amikor reggel h\u00e9tkor azt mondod magadnak, most m\u00e1r t\u00e9nyleg hagyd abba a rumin\u00e1l\u00e1st, a mondat els\u0151 fel\u00e9t az agyad hallja, a m\u00e1sodik fel\u00e9t nem. Csak a rumin\u00e1l\u00e1s marad, csak most m\u00e1r van mell\u00e9 egy plusz adag b\u0171ntudat is, hogy nem megy le a parancssz\u00f3ra.\n    <\/p>\n<h3>A metakognit\u00edv hozz\u00e1\u00e1ll\u00e1s<\/h3>\n<p>\n      A metakognit\u00edv ter\u00e1pia pontosan ezt az ellentmond\u00e1st oldja fel. A n\u00e9v bonyolultan hangzik, a logik\u00e1ja nem. Ahelyett, hogy a gondolatok tartalm\u00e1val vitatkozn\u00e1l (jogos volt a reakci\u00f3m vagy sem, val\u00f3ban ennyire katasztrof\u00e1lis a helyzet vagy sem), a gondolkod\u00e1ssal val\u00f3 viszonyodat cser\u00e9led le. A c\u00e9l nem az, hogy egyetlen gondolat se j\u00f6jj\u00f6n. A c\u00e9l az, hogy ne kelljen minden gondolatot v\u00e9gignyomozni.\n    <\/p>\n<p>\n      Ez megk\u00fcl\u00f6nb\u00f6zteti a klasszikus kognit\u00edv viselked\u00e9ster\u00e1pi\u00e1t\u00f3l (CBT), ami \u00e1ltal\u00e1ban azt tan\u00edtja, hogyan \u00edrd \u00e1t a torz gondolatot egy kiegyens\u00falyozottabbra. Amikor a p\u00f6rg\u00e9s magas fokon van, a CBT-s \u00e1t\u00edr\u00e1s viszont m\u00e9g t\u00f6bb gondolatot gy\u00e1rt, mert tov\u00e1bbra is a tartalomban vagy. A metakognit\u00edv \u00fat ezzel szemben kil\u00e9p a tartalomb\u00f3l, \u00e9s egy szintet feljebb kapcsol. A gondolkod\u00e1sr\u00f3l val\u00f3 gondolkod\u00e1s, innen j\u00f6n a n\u00e9v.\n    <\/p>\n<figure class=\"sj-figure\">\n<div class=\"sj-placeholder sj-wide\">\n        <svg viewbox=\"0 0 100 100\" preserveaspectratio=\"none\" aria-hidden=\"true\">\n          <defs>\n            <pattern id=\"sj-stripes-1\" patternunits=\"userSpaceOnUse\" width=\"3\" height=\"3\" patterntransform=\"rotate(45)\">\n              <rect width=\"3\" height=\"3\" fill=\"#EFE8DF\" \/>\n              <line x1=\"0\" y1=\"0\" x2=\"0\" y2=\"3\" stroke=\"#E6DCD0\" stroke-width=\"1.2\" \/>\n            <\/pattern>\n          <\/defs>\n          <rect width=\"100\" height=\"100\" fill=\"url(#sj-stripes-1)\" \/>\n        <\/svg><br \/>\n        <span class=\"sj-ph-label\">napl\u00f3 \u00e9s b\u00f6gre, reggeli f\u00e9ny<\/span>\n      <\/div><figcaption>\n        <span>K\u00e9p \u00b7 01<\/span><br \/>\n        <span>Otthon k\u00e9sz\u00fclt, tavaszi d\u00e9lel\u0151tt<\/span><br \/>\n      <\/figcaption><\/figure>\n<h2>Mit csin\u00e1l pontosan egy megfigyel\u0151 tudat<\/h2>\n<p>\n      K\u00e9pzeld el, hogy egy moziterem legjobb sz\u00e9k\u00e9n \u00fclsz, \u00e9s a v\u00e1szon a saj\u00e1t fejed. Felvillan egy jelenet: &#8222;mit gondol most r\u00f3lam a f\u0151n\u00f6k\u00f6m&#8221;. K\u00e9t dolog t\u00f6rt\u00e9nhet. Az egyik: felugrasz a sz\u00e9kr\u0151l, beugrasz a v\u00e1szonba, \u00e9s elkezdesz ott kiab\u00e1lni a szerepl\u0151kkel. \u00c9rvelsz, v\u00e9dekezel, magyar\u00e1zkodsz. Ez a t\u00falgondol\u00e1s. A m\u00e1sik: maradsz a sz\u00e9ken, \u00e9s csak n\u00e9zed, ahogy a jelenet megjelenik, peregni kezd, majd lassan elt\u0171nik. Ez a megfigyel\u00e9s.\n    <\/p>\n<p>\n      A k\u00fcl\u00f6nbs\u00e9g nem az, hogy a v\u00e1sznon mi jelenik meg. A k\u00fcl\u00f6nbs\u00e9g az, hogy te hol vagy. A megfigyel\u0151 tudatnak k\u00e9t megk\u00fcl\u00f6nb\u00f6ztet\u0151 jegye van: t\u00e1vols\u00e1g \u00e9s semlegess\u00e9g. T\u00e1vols\u00e1g, mert nem azonosulsz minden felvillan\u00f3 k\u00e9ppel. Semlegess\u00e9g, mert nem c\u00edmk\u00e9zed j\u00f3nak vagy rossznak azt a t\u00e9nyt, hogy egy gondolat megjelent.\n    <\/p>\n<p>\n      Ez nehezebben hangzik, mint amilyen. A gyakorlatban annyi, hogy amikor megjelenik a &#8222;mit kellett volna mondanom neki&#8221; sz\u00f6veg, azt mondod bel\u00fcl: &#8222;itt van egy gondolat arr\u00f3l, hogy mit kellett volna mondanom neki&#8221;. Ugyanaz a mondat, k\u00e9tszer. De a m\u00e1sodik v\u00e1ltozat nyelvtanilag m\u00e1r elmozd\u00edt a szerepl\u0151i helyzetb\u0151l a n\u00e9z\u0151i helyzetbe. Nincs nagyobb tr\u00fckk. Ez az eg\u00e9sz.\n    <\/p>\n<blockquote><p>\n      Nem \u00e1ll\u00edtod meg a gondolataidat. Csak figyeled \u0151ket.<br \/>\n      <cite>Egy mondat a fejezetb\u0151l<\/cite>\n    <\/p><\/blockquote>\n<h2>A Nolen-Hoeksema kutat\u00e1s, amit \u00e9rdemes ismerned<\/h2>\n<p>\n      Susan Nolen-Hoeksema, a Yale pszichol\u00f3gusa \u00e9vtizedeken \u00e1t vizsg\u00e1lta, mi\u00e9rt rumin\u00e1lnak a n\u0151k statisztikailag t\u00f6bbet, mint a f\u00e9rfiak. Az eredm\u00e9ny egy\u00e9rtelm\u0171: n\u00e1lunk n\u0151kn\u00e9l nagyj\u00e1b\u00f3l k\u00e9tszeres a depresszi\u00f3 el\u0151fordul\u00e1sa, \u00e9s ennek a k\u00fcl\u00f6nbs\u00e9gnek egy jelent\u0151s r\u00e9sz\u00e9t a rumin\u00e1l\u00f3 gondolkod\u00e1si st\u00edlus adja. Nem az\u00e9rt, mert \u00e9rz\u00e9kenyebbek vagyunk. Az\u00e9rt, mert a kult\u00fara \u00e9s sok esetben a csal\u00e1di minta is arra tan\u00edtott, hogy az \u00e9rz\u00e9sekkel egy\u00fctt kell lenni, v\u00e9gig kell n\u00e9zni \u0151ket, meg kell \u00e9rteni az okukat.\n    <\/p>\n<p>\n      Ez \u00f6nmag\u00e1ban sz\u00e9p \u00e9s emberi. A probl\u00e9ma akkor kezd\u0151dik, amikor a &#8222;meg\u00e9rt\u00e9s&#8221; \u00e9szrev\u00e9tlen\u00fcl \u00e1tcs\u00faszik ism\u00e9tl\u00e9sbe. Az els\u0151 \u00e1tgondol\u00e1s seg\u00edt. A tizen\u00f6t\u00f6dik m\u00e1r nem. A k\u00fcl\u00f6nbs\u00e9g nem annyira a gondolat min\u0151s\u00e9g\u00e9n m\u00falik, hanem azon, hogy mikor hagyod el a sz\u00e9kedet, \u00e9s m\u00e1szol bele a v\u00e1szonba.\n    <\/p>\n<p>\n      Nolen-Hoeksema egyik leger\u0151sebb \u00fczenete, hogy a rumin\u00e1ci\u00f3 nem \u00f6r\u00f6k \u00e9s nem jellemvon\u00e1s. Akik megtanultak szeml\u00e9l\u0151 m\u00f3dban maradni, nem csak a gondolatp\u00f6rg\u00e9st cs\u00f6kkentett\u00e9k, hanem a hozz\u00e1 kapcsol\u00f3d\u00f3 depresszi\u00f3s t\u00fcneteket is. A kutat\u00e1sa alapj\u00e1n h\u00e1rom dolog seg\u00edt a legink\u00e1bb: a fizikai mozg\u00e1s, a k\u00f6zvetlen (asszert\u00edv) kommunik\u00e1ci\u00f3 a kapcsolati \u00fcgyekben, \u00e9s az olyan figyelmi gyakorlat, ami a jelen pillanathoz k\u00f6t. Az ut\u00f3bbi pontosan az, amir\u0151l itt sz\u00f3 van.\n    <\/p>\n<h2>\u00d6t perc figyelt bels\u0151 zaj<\/h2>\n<p>\n      Itt van egy konkr\u00e9t, otthon is elv\u00e9gezhet\u0151 protokoll. \u00d6t percbe ker\u00fcl, eszk\u00f6z nem kell hozz\u00e1, csak egy id\u0151z\u00edt\u0151. Reggel \u00e9s este is beiktathat\u00f3, de ne er\u0151ltesd a maratont: v\u00e1lassz egy id\u0151pontot, \u00e9s tartsd k\u00e9t h\u00e9tig.\n    <\/p>\n<ol class=\"sj-ritual\">\n<li>\n<div>\n<h4>\u00c1ll\u00edts be egy id\u0151z\u00edt\u0151t 5 percre<\/h4>\n<p>\u00dclj le egy olyan helyre, ahol nem zavarnak. Nem kell l\u00f3tusz\u00fcl\u00e9s, egy konyhai sz\u00e9k is megteszi. A telefonodat ford\u00edtsd le vagy tedd a szomsz\u00e9d szob\u00e1ba. Csukd be a szemed, ha seg\u00edt. Ha nem, n\u00e9zz egy semleges pontot a padl\u00f3n.<\/p>\n<\/p><\/div>\n<\/li>\n<li>\n<div>\n<h4>Ne pr\u00f3b\u00e1lj &#8222;gondolattalan&#8221; lenni<\/h4>\n<p>Ez nem medit\u00e1ci\u00f3 olyan \u00e9rtelemben, hogy a gondolatok elt\u0171njenek. Engedd, hogy j\u00f6jjenek. Ne v\u00e1rd, ne sz\u00f3l\u00edtsd, de ne is utas\u00edtsd el \u0151ket. Az els\u0151 gondolat egyszer\u0171en itt van. A m\u00e1sodik is. A huszadik is.<\/p>\n<\/p><\/div>\n<\/li>\n<li>\n<div>\n<h4>Nevezd meg a gondolatot, \u00e9s ne folytasd<\/h4>\n<p>Amikor egy gondolat felbukkan, mondd magadnak bel\u00fcl: &#8222;itt van egy gondolat a tegnapi besz\u00e9lget\u00e9sr\u0151l&#8221;. Pont. Ne folytasd, ne \u00e9rvelj vele, ne jav\u00edtgasd. A c\u00edmke maga a n\u00e9z\u0151i \u00fcl\u00e9s.<\/p>\n<\/p><\/div>\n<\/li>\n<li>\n<div>\n<h4>Ha belekapsz, gyere vissza<\/h4>\n<p>Elker\u00fclhetetlen, hogy k\u00f6zben n\u00e9ha belemer\u00fclj a tartalomba. Ez nem kudarc. Amint \u00e9szreveszed, hogy m\u00e1r nem n\u00e9zed a jelenetet, hanem benne vagy, csak jel\u00f6ld meg: &#8222;visszakaptam&#8221;, \u00e9s kezdd \u00fajra a c\u00edmk\u00e9z\u00e9st.<\/p>\n<\/p><\/div>\n<\/li>\n<li>\n<div>\n<h4>Az id\u0151z\u00edt\u0151 letelt\u00e9vel ne mozogj azonnal<\/h4>\n<p>Maradj m\u00e9g f\u00e9l percig, \u00e9s vedd \u00e9szre, mit \u00e9rzel. K\u00f6nnyebb lett a fejed? Ugyanolyan neh\u00e9z? Tal\u00e1n f\u00e1radtabb? Ne \u00e9rt\u00e9keld j\u00f3nak vagy rossznak. Csak regisztr\u00e1ld.<\/p>\n<\/p><\/div>\n<\/li>\n<\/ol>\n<p>\n      Ennek k\u00e9t hete alatt \u00e1ltal\u00e1ban \u00e9rz\u00e9kelhet\u0151v\u00e9 v\u00e1lik egy finom v\u00e1ltoz\u00e1s: a p\u00f6rg\u0151 gondolatoknak elkezd cs\u00f6kkenni a hosszuk. Nem t\u0171nnek el, csak r\u00f6videbb ideig tudnak bent tartani.\n    <\/p>\n<div class=\"sj-ornament\" aria-hidden=\"true\">\n      <svg width=\"14\" height=\"14\" viewbox=\"0 0 14 14\" fill=\"none\">\n        <rect x=\"7\" y=\"0.5\" width=\"9.19\" height=\"9.19\" transform=\"rotate(45 7 0.5)\" stroke=\"currentColor\" stroke-width=\"0.8\" \/>\n      <\/svg>\n    <\/div>\n<h2>Hogyan n\u00e9z ki ez egy \u00e1tlagos h\u00e9tk\u00f6znapon<\/h2>\n<p>\n      Tegy\u00fck fel, hogy h\u00e9tf\u0151 reggel van, \u00e9s f\u00e9l \u00f3r\u00e1s kritikus megbesz\u00e9l\u00e9sed volt a f\u0151n\u00f6k\u00f6ddel. A megbesz\u00e9l\u00e9s felkavar\u00f3an \u00e9rt v\u00e9get, nyitva maradtak k\u00e9rd\u00e9sek. Vissza\u00fclsz az asztalodhoz, \u00e9s elkezd\u0151dik.\n    <\/p>\n<p>\n      Kor\u00e1bban \u00edgy n\u00e9zett volna ki a k\u00f6vetkez\u0151 egy \u00f3ra: \u00fajra meg \u00fajra lej\u00e1tszani a besz\u00e9lget\u00e9st, elk\u00e9pzelni, hogy a f\u0151n\u00f6k mit gondol, megfogalmazni t\u00edz v\u00e1ltozatot arra, amit v\u00e1laszolni kellett volna, azt\u00e1n ezt a t\u00edz v\u00e1ltozatot \u00f6sszehasonl\u00edtani egym\u00e1ssal, azt\u00e1n r\u00e1j\u00f6nni, hogy egyik sem lett volna j\u00f3, azt\u00e1n indulni egy \u00fajabb k\u00f6rrel. K\u00f6zben a munka \u00e1ll, a k\u00e1v\u00e9 kih\u0171l, a koll\u00e9g\u00e1k l\u00e1tj\u00e1k az arcodat.\n    <\/p>\n<p>\n      A megfigyel\u0151 gyakorlat beh\u00faz egy nagyon apr\u00f3 k\u00fcl\u00f6nbs\u00e9get. Amikor harmadszor fordul be ugyanaz a mondat, hogy &#8222;\u00fagy \u00e9reztette, mintha nem b\u00edzn\u00e1nak bennem&#8221;, bel\u00fcl kimondod: &#8222;itt van egy gondolat arr\u00f3l, hogy \u00fagy \u00e9reztettek, mintha nem b\u00edzn\u00e1nak bennem&#8221;. Ennyi. Nem gy\u0151z\u00f6d le, nem \u00e9rveled fel\u00fcl, nem vigasztalod magad. Megjel\u00f6l\u00f6d, \u00e9s dolgozol tov\u00e1bb. Ha t\u00edz perc m\u00falva visszaj\u00f6n ugyanaz, megint megjel\u00f6l\u00f6d. M\u00e1sodik alkalomra m\u00e1r \u00e9rz\u00e9kelhet\u0151en gyorsabban megy tov\u00e1bb.\n    <\/p>\n<p>\n      Ez nem var\u00e1zslat. Ez gyakorl\u00e1s. Az elej\u00e9n furcsa lesz, mert m\u00e9g az a reflexed, hogy &#8222;de nekem most meg kell oldanom ezt a k\u00e9rd\u00e9st, nem megjel\u00f6ln\u00f6m&#8221;. Pedig a t\u00e9nyleges megold\u00e1st nem ott fogod meghozni, ahol tizen\u00f6t\u00f6dsz\u00f6r p\u00f6rgeted ugyanazt a mondatot. Hanem akkor, amikor a fejed kicsit csendesebb.\n    <\/p>\n<figure class=\"sj-figure\">\n<div class=\"sj-placeholder sj-square\">\n        <svg viewbox=\"0 0 100 100\" preserveaspectratio=\"none\" aria-hidden=\"true\">\n          <defs>\n            <pattern id=\"sj-stripes-2\" patternunits=\"userSpaceOnUse\" width=\"3\" height=\"3\" patterntransform=\"rotate(45)\">\n              <rect width=\"3\" height=\"3\" fill=\"#E2D2D5\" \/>\n              <line x1=\"0\" y1=\"0\" x2=\"0\" y2=\"3\" stroke=\"#D9C4C7\" stroke-width=\"1.2\" \/>\n            <\/pattern>\n          <\/defs>\n          <rect width=\"100\" height=\"100\" fill=\"url(#sj-stripes-2)\" \/>\n        <\/svg><br \/>\n        <span class=\"sj-ph-label\">cserepes vir\u00e1g, f\u00e9nyes asztal<\/span>\n      <\/div><figcaption>\n        <span>K\u00e9p \u00b7 02<\/span><br \/>\n        <span>Tavaszi reggel, csendes sarok<\/span><br \/>\n      <\/figcaption><\/figure>\n<h2>Mit ne v\u00e1rj a gyakorlatt\u00f3l<\/h2>\n<p>\n      Els\u0151 alkalomra sokakn\u00e1l \u00fagy t\u0171nik, hogy a gyakorlat kudarc volt, mert &#8222;t\u00f6bb gondolat j\u00f6tt, mint m\u00e1skor&#8221;. Val\u00f3j\u00e1ban nem. Ugyanannyi j\u00f6tt. Most m\u00e1r csak \u00e9szreveszed \u0151ket. Kor\u00e1bban \u00fagy p\u00f6r\u00f6gtek le a h\u00e1tt\u00e9rben, hogy \u00e9szre sem vetted, ugyanaz az \u00f6t mondat folyamatosan ism\u00e9tl\u0151dik.\n    <\/p>\n<p>\n      A megfigyel\u0151 gyakorlat nem a gondolatok sz\u00e1m\u00e1t cs\u00f6kkenti, hanem a hozz\u00e1juk val\u00f3 ragaszkod\u00e1st. Ez a kett\u0151 nagyon k\u00fcl\u00f6nb\u00f6z\u0151. Az els\u0151 szinte lehetetlen sz\u00e1nd\u00e9kos \u00faton. A m\u00e1sodik viszont tanulhat\u00f3, \u00e9s k\u00f6r\u00fclbel\u00fcl k\u00e9t h\u00e9t k\u00f6vetkezetes gyakorl\u00e1s ut\u00e1n m\u00e1r nem csak a gyakorlat k\u00f6zben \u00e9rezhet\u0151, hanem napk\u00f6zben is.\n    <\/p>\n<p>\n      A m\u00e1sik tipikus csapda, hogy gyorsan akarsz &#8222;haladni&#8221;. K\u00e9t alkalom ut\u00e1n r\u00e1k\u00e9rdezel magadt\u00f3l, j\u00f3, de mikor lesz v\u00e9gre csend. Ez maga is egy gondolat, amit sz\u00e9pen meg lehet c\u00edmk\u00e9zni. &#8222;Itt van egy gondolat arr\u00f3l, hogy nem t\u00f6rt\u00e9nik el\u00e9g gyorsan.&#8221;\n    <\/p>\n<h2>Amikor megakad a folyamat<\/h2>\n<h3>Ha \u00e9rzelmi hull\u00e1m j\u00f6n<\/h3>\n<p>\n      El\u0151fordul, hogy a semleges megfigyel\u00e9s k\u00f6zben felbukkan egy r\u00e9gi f\u00e1jdalom, egy elfojtott szomor\u00fas\u00e1g, egy r\u00e9g\u00f3ta cipelt harag. Ilyenkor a c\u00e9l tov\u00e1bbra is az, hogy n\u00e9z\u0151k\u00e9nt maradj bent. Jel\u00f6ld meg: &#8222;itt van egy hull\u00e1m szomor\u00fas\u00e1g&#8221;. Hagyd, hogy \u00e1tmenjen rajtad. Nem kell megoldani, nem kell megmagyar\u00e1zni. Az \u00e9rz\u00e9sek, ak\u00e1rcsak a gondolatok, r\u00f6videbb \u00e9let\u0171ek, mint gondoln\u00e1d, ha nem t\u00e1pl\u00e1lod \u0151ket.\n    <\/p>\n<p>\n      Ha rendszeresen olyan er\u0151s anyag j\u00f6n fel, amit egyed\u00fcl nehezen kezelsz, \u00e9rdemes szakember mellett v\u00e9gezni a gyakorlatot. A metakognit\u00edv ter\u00e1pia Magyarorsz\u00e1gon is el\u00e9rhet\u0151, sok pszichol\u00f3gus integr\u00e1lta m\u00e1r a m\u00f3dszertan\u00e1ba.\n    <\/p>\n<h3>Ha elalszom<\/h3>\n<p>\n      Akkor val\u00f3sz\u00edn\u0171leg nagyon f\u00e1radt vagy, \u00e9s a tested ezt a ritka csendes pillanatot haszn\u00e1lja ki. Ez nem a gyakorlat hib\u00e1ja, ink\u00e1bb visszajelz\u00e9s: t\u00f6bb alv\u00e1sra van sz\u00fcks\u00e9ged. Pr\u00f3b\u00e1ld meg nem este, hanem reggel, vagy napk\u00f6zben, \u00e9bren, nyitott szemmel. A c\u00e9l nem az, hogy elaludj. A c\u00e9l az, hogy \u00e9bren legy\u00e9l a saj\u00e1t fejedben.\n    <\/p>\n<h3>Ha unatkozom<\/h3>\n<p>\n      Az is jel. Az unalom sok esetben azt mutatja, hogy a rendszered elkezdett kisz\u00e1llni a kr\u00f3nikus \u00e9bers\u00e9g \u00e1llapot\u00e1b\u00f3l. Amikor \u00e9vek \u00f3ta p\u00f6rg\u00e9sben vagy, a csend el\u0151sz\u00f6r nem b\u00e9k\u00e9snek, hanem \u00fcresnek \u00e9rz\u0151dik. Ezt a f\u00e1zist egyszer\u0171en ki kell v\u00e1rni. Ugyanaz a jelens\u00e9g, mint amikor egy hangos zene ut\u00e1n a csend f\u00e1jdalmasnak t\u0171nik el\u0151sz\u00f6r, azt\u00e1n f\u00e9l perc m\u00falva m\u00e1r kellemes.\n    <\/p>\n<h2>Mi\u00e9rt pont tavasszal \u00e9rdemes elkezdeni<\/h2>\n<p>\n      A tavasz nem csak kultur\u00e1lis szimb\u00f3lum, hanem fiziol\u00f3giai \u00e1tmenet. A n\u00f6vekv\u0151 napf\u00e9ny szab\u00e1lyozza a szerotonin- \u00e9s melatoninszintet, a k\u00fcls\u0151 vil\u00e1g elmozdul a &#8222;pizsama \u00e9s plusz pokr\u00f3c&#8221; \u00fczemm\u00f3db\u00f3l, \u00e9s k\u00f6nnyebb \u00f6sszek\u00f6tni egy \u00faj bels\u0151 gyakorlatot egy \u00faj k\u00fcls\u0151 ritmussal. Janu\u00e1rban az \u00f6nmagaddal k\u00f6t\u00f6tt alkuk s\u00falya alatt k\u00f6nnyen elf\u00e1radsz. \u00c1prilisban a k\u00f6rnyezet m\u00e1r seg\u00edt.\n    <\/p>\n<p>\n      A napi \u00f6t perc \u00edgy m\u00e9g kisebb l\u00e9p\u00e9snek t\u0171nik, \u00e9s pont ez az, ami miatt teljes\u00fcl is. A <a href=\"https:\/\/noivezetok.eu\/en_en\/\">N\u0151i Vezet\u0151k<\/a> k\u00f6z\u00f6ss\u00e9g\u00e9ben sokakn\u00e1l ilyen tavaszi kis kapaszkod\u00f3kb\u00f3l alakultak ki a leger\u0151sebb szok\u00e1sok. Nem a janu\u00e1ri nagy fogadalmak tartanak ki, hanem azok a gyakorlatok, amiket kev\u00e9s dr\u00e1m\u00e1val, de k\u00f6vetkezetesen teszel.\n    <\/p>\n<h3>Egy apr\u00f3 mozdulat m\u00e1ra<\/h3>\n<p>\n      Nem kell holnapt\u00f3l reggel h\u00e9tkor \u00f6tperces gyakorlatot beiktatnod. El\u00e9g, ha a mai nap sor\u00e1n egyszer, amikor \u00e9szreveszed, hogy ugyanazt a gondolatot p\u00f6rgeted harmadszor, bel\u00fcl kimondod magadnak: &#8222;itt van egy gondolat arr\u00f3l, hogy &#8230;&#8221;. Csak ennyi. Egy mondat, egy semleges c\u00edmke, \u00e9s hagyd, hogy haladjon tov\u00e1bb.\n    <\/p>\n<p>\n      Ha egy ilyen pillanat siker\u00fcl ma, m\u00e1r megkezdted az \u00faj viszonyodat a saj\u00e1t elm\u00e9ddel. A t\u00f6bbi, az \u00f6tperces \u00fcl\u00e9s, a rendszeress\u00e9g, a tudom\u00e1nyos kutat\u00e1sok r\u00e9szletei, mind csak kieg\u00e9sz\u00edtik ezt az egy alapmozdulatot. Nem \u00e1ll\u00edtod meg a gondolataidat. Csak figyeled \u0151ket. \u00c9s ez sokszor el\u00e9g.\n    <\/p>\n<div class=\"sj-share\">\n      <span class=\"sj-share-label\">Oszd meg a cikket<\/span><br \/>\n      <a class=\"sj-share-btn\" href=\"#\" aria-label=\"Pinterest ment\u00e9s\"><br \/>\n        <svg width=\"16\" height=\"16\" viewbox=\"0 0 24 24\" fill=\"none\" stroke=\"currentColor\" stroke-width=\"1.5\">\n          <circle cx=\"12\" cy=\"12\" r=\"9.5\" \/>\n          <path d=\"M11 7.5c-2.2 0-4 1.6-4 3.8 0 1.4.7 2.4 1.7 2.7.2.05.3 0 .35-.2.04-.15.1-.4.13-.55.05-.2.03-.27-.1-.45-.3-.4-.5-.9-.5-1.6 0-2.05 1.5-3.9 3.95-3.9 2.15 0 3.35 1.3 3.35 3.05 0 2.3-1 4.25-2.5 4.25-.85 0-1.5-.7-1.3-1.55.25-1.05.7-2.15.7-2.9 0-.65-.35-1.2-1.1-1.2-.85 0-1.55.9-1.55 2.1 0 .75.25 1.25.25 1.25l-1.05 4.5c-.3 1.3.05 2.85.05 2.85\" \/>\n        <\/svg><br \/>\n      <\/a><br \/>\n      <a class=\"sj-share-btn\" href=\"#\" aria-label=\"Instagram megoszt\u00e1s\"><br \/>\n        <svg width=\"16\" height=\"16\" viewbox=\"0 0 24 24\" fill=\"none\" stroke=\"currentColor\" stroke-width=\"1.5\">\n          <rect x=\"3.5\" y=\"3.5\" width=\"17\" height=\"17\" rx=\"4.5\" \/>\n          <circle cx=\"12\" cy=\"12\" r=\"3.8\" \/>\n          <circle cx=\"17\" cy=\"7\" r=\"0.9\" fill=\"currentColor\" stroke=\"none\" \/>\n        <\/svg><br \/>\n      <\/a><br \/>\n      <a class=\"sj-share-btn\" href=\"#\" aria-label=\"Email k\u00fcld\u00e9s\"><br \/>\n        <svg width=\"16\" height=\"16\" viewbox=\"0 0 24 24\" fill=\"none\" stroke=\"currentColor\" stroke-width=\"1.5\">\n          <rect x=\"3\" y=\"5.5\" width=\"18\" height=\"13\" rx=\"1.5\" \/>\n          <path d=\"M3.5 6.5l8.5 6.5 8.5-6.5\" \/>\n        <\/svg><br \/>\n      <\/a><br \/>\n      <a class=\"sj-share-btn\" href=\"#\" aria-label=\"Link m\u00e1sol\u00e1sa\"><br \/>\n        <svg width=\"16\" height=\"16\" viewbox=\"0 0 24 24\" fill=\"none\" stroke=\"currentColor\" stroke-width=\"1.5\" stroke-linecap=\"round\">\n          <path d=\"M10 14a4 4 0 0 0 5.66 0l3-3a4 4 0 1 0-5.66-5.66l-1 1\" \/>\n          <path d=\"M14 10a4 4 0 0 0-5.66 0l-3 3a4 4 0 1 0 5.66 5.66l1-1\" \/>\n        <\/svg><br \/>\n      <\/a>\n    <\/div>\n<p class=\"sj-meta\" style=\"text-align: center; margin-top: 24px;\">\n      Pill\u00e9r \u00b7 <a href=\"https:\/\/noivezetok.eu\/en_en\/\">T\u00falgondol\u00e1s<\/a> \u00b7 <a href=\"https:\/\/noivezetok.eu\/en_en\/\">\u00d6nbecs\u00fcl\u00e9s<\/a> \u00b7 <a href=\"https:\/\/noivezetok.eu\/en_en\/\">Reggeli ritu\u00e1l\u00e9k<\/a>\n    <\/p>\n<\/p><\/div>\n<\/article>","protected":false},"excerpt":{"rendered":"<p>A p\u00f6rg\u0151 gondolatok akkor halkulnak le, amikor megfigyeled \u0151ket, nem amikor er\u0151vel le\u00e1ll\u00edtan\u00e1d. Itt a metakognit\u00edv megk\u00f6zel\u00edt\u00e9s alapja \u00e9s egy gyakorlat.<\/p>","protected":false},"author":5,"featured_media":0,"comment_status":"open","ping_status":"open","sticky":false,"template":"","format":"standard","meta":{"rank_math_focus_keyword":"gondolatok megfigyel\u00e9se","rank_math_title":"Gondolatok megfigyel\u00e9se: \u00edgy hagyd abba a t\u00falgondol\u00e1st","rank_math_description":"Gondolatok megfigyel\u00e9se a t\u00falgondol\u00e1s legk\u00f6nnyebb ellenszere. N\u00e9zz\u00fck, mi\u00e9rt kudarcos a gondolat-le\u00e1ll\u00edt\u00e1s, \u00e9s milyen egyszer\u0171 gyakorlat cser\u00e9li le.","footnotes":""},"categories":[104],"tags":[154],"class_list":["post-8254","post","type-post","status-publish","format-standard","hentry","category-onbecsules-onszeretet","tag-tulgondolas"],"_links":{"self":[{"href":"https:\/\/noivezetok.eu\/en_en\/wp-json\/wp\/v2\/posts\/8254","targetHints":{"allow":["GET"]}}],"collection":[{"href":"https:\/\/noivezetok.eu\/en_en\/wp-json\/wp\/v2\/posts"}],"about":[{"href":"https:\/\/noivezetok.eu\/en_en\/wp-json\/wp\/v2\/types\/post"}],"author":[{"embeddable":true,"href":"https:\/\/noivezetok.eu\/en_en\/wp-json\/wp\/v2\/users\/5"}],"replies":[{"embeddable":true,"href":"https:\/\/noivezetok.eu\/en_en\/wp-json\/wp\/v2\/comments?post=8254"}],"version-history":[{"count":1,"href":"https:\/\/noivezetok.eu\/en_en\/wp-json\/wp\/v2\/posts\/8254\/revisions"}],"predecessor-version":[{"id":8255,"href":"https:\/\/noivezetok.eu\/en_en\/wp-json\/wp\/v2\/posts\/8254\/revisions\/8255"}],"wp:attachment":[{"href":"https:\/\/noivezetok.eu\/en_en\/wp-json\/wp\/v2\/media?parent=8254"}],"wp:term":[{"taxonomy":"category","embeddable":true,"href":"https:\/\/noivezetok.eu\/en_en\/wp-json\/wp\/v2\/categories?post=8254"},{"taxonomy":"post_tag","embeddable":true,"href":"https:\/\/noivezetok.eu\/en_en\/wp-json\/wp\/v2\/tags?post=8254"}],"curies":[{"name":"wp","href":"https:\/\/api.w.org\/{rel}","templated":true}]}}