{"id":5406,"date":"2025-09-20T11:00:23","date_gmt":"2025-09-20T11:00:23","guid":{"rendered":"https:\/\/noivezetok.eu\/?p=5406"},"modified":"2026-03-17T18:36:09","modified_gmt":"2026-03-17T18:36:09","slug":"penzugyi-tudatossag-noknek-konkret-peldak-2025","status":"publish","type":"post","link":"https:\/\/noivezetok.eu\/en_en\/penzugyi-tudatossag-noknek-konkret-peldak-2025\/","title":{"rendered":"P\u00e9nz\u00fcgyi tudatoss\u00e1g: mi\u00e9rt maradunk le, \u00e9s mit tanulhatunk k\u00fclf\u00f6ldt\u0151l?"},"content":{"rendered":"\t\t<div data-elementor-type=\"wp-post\" data-elementor-id=\"5406\" class=\"elementor elementor-5406\" data-elementor-post-type=\"post\">\n\t\t\t\t<div class=\"elementor-element elementor-element-db4fd82 e-flex e-con-boxed e-con e-parent\" data-id=\"db4fd82\" data-element_type=\"container\" data-e-type=\"container\">\n\t\t\t\t\t<div class=\"e-con-inner\">\n\t\t\t\t<div class=\"elementor-element elementor-element-2be2d74 elementor-widget elementor-widget-text-editor\" data-id=\"2be2d74\" data-element_type=\"widget\" data-e-type=\"widget\" data-widget_type=\"text-editor.default\">\n\t\t\t\t<div class=\"elementor-widget-container\">\n\t\t\t\t\t\t\t\t\t<p><span style=\"font-weight: 400; font-size: 19px;\">Ha k\u00f6rben\u00e9z\u00fcnk magunk k\u00f6r\u00fcl, hamar kider\u00fcl: a p\u00e9nz k\u00e9rd\u00e9se, a p\u00e9nz\u00fcgyi tudatoss\u00e1g az egyik legnagyobb tabut\u00e9ma Magyarorsz\u00e1gon. Sokan vagy t\u00fals\u00e1gosan r\u00e1g\u00f6rcs\u00f6lnek \u2013 \u00e1lland\u00f3an a sz\u00e1ml\u00e1kon \u00e9s a kiad\u00e1sokon kattognak \u2013, vagy \u00e9pp teljesen elengedik a t\u00e9m\u00e1t, mondv\u00e1n, \u201evalahogy majd csak lesz\u201d. Ez a kett\u0151ss\u00e9g k\u00fcl\u00f6n\u00f6sen er\u0151sen jelenik meg a n\u0151k \u00e9let\u00e9ben: egyszerre pr\u00f3b\u00e1ljuk k\u00e9zben tartani a csal\u00e1d p\u00e9nz\u00fcgyeit, a gyerekek sz\u00fcks\u00e9gleteit \u00e9s a saj\u00e1t karrier\u00fcnket, mik\u00f6zben sokszor h\u00e1tt\u00e9rbe szorul a hossz\u00fa t\u00e1v\u00fa, tudatos tervez\u00e9s.<\/span><\/p><p><span style=\"font-weight: 400; font-size: 19px;\">A helyzet azonban nem v\u00e9letlen. A p\u00e9nz\u00fcgyi tudatoss\u00e1g hi\u00e1ny\u00e1t legt\u00f6bben nem feln\u0151ttk\u00e9nt, hanem gyerekkorban \u201etanuljuk\u201d. Magyarorsz\u00e1gon ugyanis az iskolai rendszerben szinte alig esik sz\u00f3 arr\u00f3l, hogyan m\u0171k\u00f6dik egy k\u00f6lts\u00e9gvet\u00e9s, mit jelent a hitel, a befektet\u00e9s, vagy ak\u00e1r az ad\u00f3kedvezm\u00e9nyek. \u00cdgy amikor bel\u00e9p\u00fcnk a feln\u0151tt \u00e9letbe, legt\u00f6bbsz\u00f6r magunknak kell kikaparni a geszteny\u00e9t, sokszor hib\u00e1k \u00e1r\u00e1n.<\/span><\/p><p><span style=\"font-weight: 400; font-size: 19px;\">Ezzel szemben k\u00fclf\u00f6ld\u00f6n \u2013 legyen sz\u00f3 Skandin\u00e1vi\u00e1r\u00f3l, Kanad\u00e1r\u00f3l vagy \u00c1zsi\u00e1r\u00f3l \u2013 eg\u00e9szen m\u00e1s a helyzet. Ott a p\u00e9nz\u00fcgyi tudatoss\u00e1g m\u00e1r az iskolapadban term\u00e9szetes r\u00e9sze a tanulm\u00e1nynak. Nem luxusnak tekintik, hanem az \u00e9lethez sz\u00fcks\u00e9ges alapk\u00e9szs\u00e9gnek \u2013 ugyan\u00fagy, mint az \u00edr\u00e1st vagy az olvas\u00e1st. \u00c9s ha belegondolunk: mi\u00e9rt is ne? Hiszen mindenki p\u00e9nzt haszn\u00e1l, nap mint nap d\u00f6nt\u00fcnk arr\u00f3l, hogy mire k\u00f6lt\u00fcnk, mennyit tesz\u00fcnk f\u00e9lre, vagy hogyan biztos\u00edtjuk a j\u00f6v\u0151nket.<\/span><\/p><p><span style=\"font-weight: 400; font-size: 19px;\">Ez a blog most arra keresi a v\u00e1laszt, hogy mi\u00e9rt \u00e1ll ilyen gyerekcip\u0151ben a p\u00e9nz\u00fcgyi tudatoss\u00e1g Magyarorsz\u00e1gon, mit csin\u00e1lnak m\u00e1s orsz\u00e1gokban, \u00e9s mi, n\u0151k hogyan tehet\u00fcnk t\u00f6bbet az\u00e9rt, hogy ne csak reag\u00e1ljunk a p\u00e9nzhez kapcsol\u00f3d\u00f3 kih\u00edv\u00e1sokra, hanem tudatosan form\u00e1ljuk a saj\u00e1t \u00e9s csal\u00e1dunk anyagi j\u00f6v\u0151j\u00e9t. V\u00e9g\u00fcl pedig megmutatom, hogyan kapcsol\u00f3dhatsz be egy ingyenes, gyakorlati tud\u00e1st ny\u00fajt\u00f3 webin\u00e1rba, ahol a 2025-\u00f6s ad\u00f3v\u00e1ltoz\u00e1sokr\u00f3l \u00e9s kedvezm\u00e9nyekr\u0151l kaphatsz k\u00f6z\u00e9rthet\u0151 \u00fatmutat\u00e1st.<\/span><\/p>\t\t\t\t\t\t\t\t<\/div>\n\t\t\t\t<\/div>\n\t\t\t\t<div class=\"elementor-element elementor-element-3770a64 elementor-widget elementor-widget-image\" data-id=\"3770a64\" data-element_type=\"widget\" data-e-type=\"widget\" data-widget_type=\"image.default\">\n\t\t\t\t<div class=\"elementor-widget-container\">\n\t\t\t\t\t\t\t\t\t\t\t\t\t\t\t<img fetchpriority=\"high\" decoding=\"async\" width=\"800\" height=\"437\" src=\"https:\/\/noivezetok.eu\/wp-content\/uploads\/2025\/09\/2-Penzugyi-oktatas-hianya-a-magyar-iskolakban-1024x559.png\" class=\"attachment-large size-large wp-image-5411\" alt=\"P\u00e9nz\u00fcgyi tudatoss\u00e1g: K\u00f6z\u00e9piskolai di\u00e1kok tanteremben, p\u00e9nz\u00fcgyi oktat\u00e1s n\u00e9lk\u00fcl\" srcset=\"https:\/\/noivezetok.eu\/wp-content\/uploads\/2025\/09\/2-Penzugyi-oktatas-hianya-a-magyar-iskolakban-1024x559.png 1024w, https:\/\/noivezetok.eu\/wp-content\/uploads\/2025\/09\/2-Penzugyi-oktatas-hianya-a-magyar-iskolakban-300x164.png 300w, https:\/\/noivezetok.eu\/wp-content\/uploads\/2025\/09\/2-Penzugyi-oktatas-hianya-a-magyar-iskolakban-768x419.png 768w, https:\/\/noivezetok.eu\/wp-content\/uploads\/2025\/09\/2-Penzugyi-oktatas-hianya-a-magyar-iskolakban-18x10.png 18w, https:\/\/noivezetok.eu\/wp-content\/uploads\/2025\/09\/2-Penzugyi-oktatas-hianya-a-magyar-iskolakban-600x327.png 600w, https:\/\/noivezetok.eu\/wp-content\/uploads\/2025\/09\/2-Penzugyi-oktatas-hianya-a-magyar-iskolakban.png 1408w\" sizes=\"(max-width: 800px) 100vw, 800px\" \/>\t\t\t\t\t\t\t\t\t\t\t\t\t\t\t<\/div>\n\t\t\t\t<\/div>\n\t\t\t\t<div class=\"elementor-element elementor-element-cde008f elementor-widget elementor-widget-heading\" data-id=\"cde008f\" data-element_type=\"widget\" data-e-type=\"widget\" data-widget_type=\"heading.default\">\n\t\t\t\t<div class=\"elementor-widget-container\">\n\t\t\t\t\t<h2 class=\"elementor-heading-title elementor-size-default\">Mi\u00e9rt nem tanulunk a p\u00e9nzr\u0151l?<\/h2>\t\t\t\t<\/div>\n\t\t\t\t<\/div>\n\t\t\t\t<div class=\"elementor-element elementor-element-9e51619 elementor-widget elementor-widget-text-editor\" data-id=\"9e51619\" data-element_type=\"widget\" data-e-type=\"widget\" data-widget_type=\"text-editor.default\">\n\t\t\t\t<div class=\"elementor-widget-container\">\n\t\t\t\t\t\t\t\t\t<p><span style=\"font-weight: 400; font-size: 19px;\">A legt\u00f6bb\u00fcnk sz\u00e1m\u00e1ra a p\u00e9nz\u00fcgyi tud\u00e1s nem az iskolapadb\u00f3l, hanem a csal\u00e1db\u00f3l vagy saj\u00e1t tapasztalatainkb\u00f3l sz\u00e1rmazik. De valljuk be: a \u201esz\u00fcleinkt\u0151l hozott mint\u00e1k\u201d gyakran nem a tudatoss\u00e1gr\u00f3l sz\u00f3lnak. Ink\u00e1bb arr\u00f3l, hogy \u201esp\u00f3rolj, mert b\u00e1rmikor j\u00f6het rossz id\u0151\u201d, vagy arr\u00f3l, hogy \u201ene v\u00e1gj bele t\u00fal nagy dolgokba, mert k\u00f6nnyen el\u00faszhatsz\u201d. B\u00e1r ezek nem rossz sz\u00e1nd\u00e9k\u00fa tan\u00e1csok, m\u00e9gis korl\u00e1tozz\u00e1k a gondolkod\u00e1sunkat, \u00e9s gyakran f\u00e9lelmet \u00fcltetnek bel\u00e9nk a p\u00e9nzzel kapcsolatban.<\/span><\/p><p><span style=\"font-weight: 400; font-size: 19px;\">Az iskolai rendszer sem seg\u00edt ebben. Az OECD PISA felm\u00e9r\u00e9seiben, ahol a 15\u201316 \u00e9vesek p\u00e9nz\u00fcgyi m\u0171velts\u00e9g\u00e9t m\u00e9rik, Magyarorsz\u00e1g \u00e9vek \u00f3ta az utols\u00f3 harmadban szerepel. Egy 2018-as m\u00e9r\u00e9s p\u00e9ld\u00e1ul azt mutatta, hogy a magyar di\u00e1kok mind\u00f6ssze 47%-a \u00e9rte el az alapvet\u0151 p\u00e9nz\u00fcgyi tudatoss\u00e1gi szintet, m\u00edg a k\u00ednai \u00e9s \u00e9szak-eur\u00f3pai di\u00e1kokn\u00e1l ez az ar\u00e1ny 90% felett volt. Ez azt jelenti, hogy n\u00e1lunk minden m\u00e1sodik fiatal \u00fagy l\u00e9p ki az iskol\u00e1b\u00f3l, hogy nincs tiszt\u00e1ban olyan alapfogalmakkal, mint a hitelk\u00e1rtya, a megtakar\u00edt\u00e1si kamat vagy az ad\u00f3z\u00e1s.<\/span><\/p><p><span style=\"font-weight: 400; font-size: 19px;\">\u00c9s mi, n\u0151k, m\u00e9g ink\u00e1bb h\u00e1tr\u00e1nyb\u00f3l indulunk. A csal\u00e1d p\u00e9nz\u00fcgyeiben sokszor mi vagyunk a \u201ekincst\u00e1rnokok\u201d, vagyis mi int\u00e9zz\u00fck a mindennapi kiad\u00e1sokat, bev\u00e1s\u00e1rl\u00e1st, gyerekek sz\u00fcks\u00e9gleteit. Ez azonban sokszor csup\u00e1n r\u00f6vid t\u00e1v\u00fa d\u00f6nt\u00e9sek sorozata, \u00e9s nem jelent val\u00f3di p\u00e9nz\u00fcgyi tervez\u00e9st. A hossz\u00fa t\u00e1v\u00fa p\u00e9nz\u00fcgyi d\u00f6nt\u00e9seket \u2013 mint p\u00e9ld\u00e1ul befektet\u00e9s, biztos\u00edt\u00e1s vagy nyugd\u00edjtervez\u00e9s \u2013 gyakran a f\u00e9rfiak hozz\u00e1k meg. \u00cdgy sok n\u0151 csak akkor kezd el tudatosan foglalkozni a p\u00e9nz\u00fcgyeivel, amikor m\u00e1r r\u00e1k\u00e9nyszer\u00fcl, p\u00e9ld\u00e1ul v\u00e1l\u00e1s vagy munkahelyv\u00e1lt\u00e1s ut\u00e1n.<\/span><\/p><p><span style=\"font-weight: 400; font-size: 19px;\">A probl\u00e9ma teh\u00e1t rendszerszint\u0171: nincs int\u00e9zm\u00e9nyes\u00edtett p\u00e9nz\u00fcgyi oktat\u00e1s, a csal\u00e1dokban sincs minta, a t\u00e1rsadalmi elv\u00e1r\u00e1sok pedig sokszor azt sugallj\u00e1k, hogy a n\u0151knek nem kell \u00e9rteni\u00fck a p\u00e9nz\u00fcgyekhez. Pedig ez \u00f3ri\u00e1si t\u00e9ved\u00e9s, hiszen a p\u00e9nz\u00fcgyi tudatoss\u00e1g nem csak \u201eszakmai k\u00e9rd\u00e9s\u201d, hanem az \u00e9letmin\u0151s\u00e9g egyik legfontosabb alapja.<\/span><\/p>\t\t\t\t\t\t\t\t<\/div>\n\t\t\t\t<\/div>\n\t\t\t\t<div class=\"elementor-element elementor-element-4897e84 elementor-widget elementor-widget-image\" data-id=\"4897e84\" data-element_type=\"widget\" data-e-type=\"widget\" data-widget_type=\"image.default\">\n\t\t\t\t<div class=\"elementor-widget-container\">\n\t\t\t\t\t\t\t\t\t\t\t\t\t\t\t<img decoding=\"async\" width=\"800\" height=\"437\" src=\"https:\/\/noivezetok.eu\/wp-content\/uploads\/2025\/09\/3-Penzugyi-tudatossag-tanitasa-kulfoldon-1024x559.png\" class=\"attachment-large size-large wp-image-5410\" alt=\"P\u00e9nz\u00fcgyi tudatoss\u00e1g: Skandin\u00e1v st\u00edlus\u00fa tanteremben tanul\u00f3 di\u00e1kok p\u00e9nz\u00fcgyi ismeretekr\u0151l\" srcset=\"https:\/\/noivezetok.eu\/wp-content\/uploads\/2025\/09\/3-Penzugyi-tudatossag-tanitasa-kulfoldon-1024x559.png 1024w, https:\/\/noivezetok.eu\/wp-content\/uploads\/2025\/09\/3-Penzugyi-tudatossag-tanitasa-kulfoldon-300x164.png 300w, https:\/\/noivezetok.eu\/wp-content\/uploads\/2025\/09\/3-Penzugyi-tudatossag-tanitasa-kulfoldon-768x419.png 768w, https:\/\/noivezetok.eu\/wp-content\/uploads\/2025\/09\/3-Penzugyi-tudatossag-tanitasa-kulfoldon-18x10.png 18w, https:\/\/noivezetok.eu\/wp-content\/uploads\/2025\/09\/3-Penzugyi-tudatossag-tanitasa-kulfoldon-600x327.png 600w, https:\/\/noivezetok.eu\/wp-content\/uploads\/2025\/09\/3-Penzugyi-tudatossag-tanitasa-kulfoldon.png 1408w\" sizes=\"(max-width: 800px) 100vw, 800px\" \/>\t\t\t\t\t\t\t\t\t\t\t\t\t\t\t<\/div>\n\t\t\t\t<\/div>\n\t\t\t\t<div class=\"elementor-element elementor-element-13fdc71 elementor-widget elementor-widget-heading\" data-id=\"13fdc71\" data-element_type=\"widget\" data-e-type=\"widget\" data-widget_type=\"heading.default\">\n\t\t\t\t<div class=\"elementor-widget-container\">\n\t\t\t\t\t<h2 class=\"elementor-heading-title elementor-size-default\">Hogyan csin\u00e1lj\u00e1k k\u00fclf\u00f6ld\u00f6n? \u2013 P\u00e9ld\u00e1k \u00e9s statisztik\u00e1k\n<\/h2>\t\t\t\t<\/div>\n\t\t\t\t<\/div>\n\t\t\t\t<div class=\"elementor-element elementor-element-3e0d22d elementor-widget elementor-widget-text-editor\" data-id=\"3e0d22d\" data-element_type=\"widget\" data-e-type=\"widget\" data-widget_type=\"text-editor.default\">\n\t\t\t\t<div class=\"elementor-widget-container\">\n\t\t\t\t\t\t\t\t\t<p><span style=\"font-weight: 400; font-size: 19px;\">Ha kitekint\u00fcnk a hat\u00e1rainkon t\u00falra, azonnal l\u00e1tszik: a p\u00e9nz\u00fcgyi tudatoss\u00e1g k\u00e9rd\u00e9s\u00e9t sok orsz\u00e1gban nem b\u00edzz\u00e1k a v\u00e9letlenre. Ott m\u00e1r gyerekkorban elkezdik tan\u00edtani a p\u00e9nz\u00fcgyi alapokat, mert pontosan tudj\u00e1k, hogy a k\u00e9s\u0151bbi anyagi biztons\u00e1g nem az els\u0151 fizet\u00e9sn\u00e9l kezd\u0151dik, hanem ann\u00e1l, hogyan gondolkodunk a p\u00e9nzr\u0151l.<\/span><\/p>\t\t\t\t\t\t\t\t<\/div>\n\t\t\t\t<\/div>\n\t\t<div class=\"elementor-element elementor-element-1f790da e-con-full e-flex e-con e-child\" data-id=\"1f790da\" data-element_type=\"container\" data-e-type=\"container\">\n\t\t<div class=\"elementor-element elementor-element-ab6f9d2 e-grid e-con-full e-con e-child\" data-id=\"ab6f9d2\" data-element_type=\"container\" data-e-type=\"container\">\n\t\t\t\t<div class=\"elementor-element elementor-element-17815cf elementor-widget elementor-widget-global elementor-global-7730 elementor-widget-text-editor\" data-id=\"17815cf\" data-element_type=\"widget\" data-e-type=\"widget\" data-widget_type=\"text-editor.default\">\n\t\t\t\t<div class=\"elementor-widget-container\">\n\t\t\t\t\t\t\t\t\t<p><span style=\"font-size: 25px;\"><strong>Be That Woman\u00ae!\u00a0<\/strong><\/span><\/p><p>Csatlakozz a <b data-path-to-node=\"11,0\" data-index-in-node=\"13\">N\u0151i Vezet\u0151k\u00ae<\/b> k\u00f6z\u00f6ss\u00e9g\u00e9hez, \u00e9s kapd meg els\u0151k\u00e9nt a leg\u00fajabb <b data-path-to-node=\"11,0\" data-index-in-node=\"72\">Be That Woman\u00ae<\/b> tippeket, exkluz\u00edv aj\u00e1nlatokat \u00e9s vezet\u0151i inspir\u00e1ci\u00f3kat k\u00f6zvetlen\u00fcl a postal\u00e1d\u00e1dba.<\/p>\t\t\t\t\t\t\t\t<\/div>\n\t\t\t\t<\/div>\n\t\t\t\t<div class=\"elementor-element elementor-element-72f1000 elementor-button-align-stretch elementor-widget elementor-widget-global elementor-global-7727 elementor-widget-form\" data-id=\"72f1000\" data-element_type=\"widget\" data-e-type=\"widget\" data-settings=\"{&quot;step_next_label&quot;:&quot;K\\u00f6vetkez\\u0151&quot;,&quot;step_previous_label&quot;:&quot;El\\u0151z\\u0151&quot;,&quot;button_width&quot;:&quot;100&quot;,&quot;step_type&quot;:&quot;number_text&quot;,&quot;step_icon_shape&quot;:&quot;circle&quot;}\" data-widget_type=\"form.default\">\n\t\t\t\t<div class=\"elementor-widget-container\">\n\t\t\t\t\t\t\t<form class=\"elementor-form\" method=\"post\" name=\"\u00daj \u0171rlap\" aria-label=\"\u00daj \u0171rlap\">\n\t\t\t<input type=\"hidden\" name=\"post_id\" value=\"5406\"\/>\n\t\t\t<input type=\"hidden\" name=\"form_id\" value=\"72f1000\"\/>\n\t\t\t<input type=\"hidden\" name=\"referer_title\" value=\"\" \/>\n\n\t\t\t\n\t\t\t<div class=\"elementor-form-fields-wrapper elementor-labels-\">\n\t\t\t\t\t\t\t\t<div class=\"elementor-field-type-text elementor-field-group elementor-column elementor-field-group-name elementor-col-100\">\n\t\t\t\t\t\t\t\t\t\t\t\t<label for=\"form-field-name\" class=\"elementor-field-label elementor-screen-only\">\n\t\t\t\t\t\t\t\tN\u00e9v\t\t\t\t\t\t\t<\/label>\n\t\t\t\t\t\t\t\t\t\t\t\t\t\t<input size=\"1\" type=\"text\" name=\"form_fields[name]\" id=\"form-field-name\" class=\"elementor-field elementor-size-sm  elementor-field-textual\" placeholder=\"N\u00e9v\">\n\t\t\t\t\t\t\t\t\t\t\t<\/div>\n\t\t\t\t\t\t\t\t<div class=\"elementor-field-type-email elementor-field-group elementor-column elementor-field-group-email elementor-col-100 elementor-field-required\">\n\t\t\t\t\t\t\t\t\t\t\t\t<label for=\"form-field-email\" class=\"elementor-field-label elementor-screen-only\">\n\t\t\t\t\t\t\t\tEmail\t\t\t\t\t\t\t<\/label>\n\t\t\t\t\t\t\t\t\t\t\t\t\t\t<input size=\"1\" type=\"email\" name=\"form_fields[email]\" id=\"form-field-email\" class=\"elementor-field elementor-size-sm  elementor-field-textual\" placeholder=\"Email\" required=\"required\">\n\t\t\t\t\t\t\t\t\t\t\t<\/div>\n\t\t\t\t\t\t\t\t<div class=\"elementor-field-group elementor-column elementor-field-type-submit elementor-col-100 e-form__buttons\">\n\t\t\t\t\t<button class=\"elementor-button elementor-size-sm\" type=\"submit\">\n\t\t\t\t\t\t<span class=\"elementor-button-content-wrapper\">\n\t\t\t\t\t\t\t\t\t\t\t\t\t\t\t\t\t\t\t\t\t\t<span class=\"elementor-button-text\">Csatlakozom<\/span>\n\t\t\t\t\t\t\t\t\t\t\t\t\t<\/span>\n\t\t\t\t\t<\/button>\n\t\t\t\t<\/div>\n\t\t\t<\/div>\n\t\t<\/form>\n\t\t\t\t\t\t<\/div>\n\t\t\t\t<\/div>\n\t\t\t\t<\/div>\n\t\t\t\t<\/div>\n\t\t\t\t<div class=\"elementor-element elementor-element-2b79329 elementor-widget elementor-widget-heading\" data-id=\"2b79329\" data-element_type=\"widget\" data-e-type=\"widget\" data-widget_type=\"heading.default\">\n\t\t\t\t<div class=\"elementor-widget-container\">\n\t\t\t\t\t<h3 class=\"elementor-heading-title elementor-size-default\">Skandin\u00e1v p\u00e9lda \u2013 p\u00e9nz\u00fcgyi tudatoss\u00e1g az iskolapadban\n<\/h3>\t\t\t\t<\/div>\n\t\t\t\t<\/div>\n\t\t\t\t<div class=\"elementor-element elementor-element-4f93a93 elementor-widget elementor-widget-text-editor\" data-id=\"4f93a93\" data-element_type=\"widget\" data-e-type=\"widget\" data-widget_type=\"text-editor.default\">\n\t\t\t\t<div class=\"elementor-widget-container\">\n\t\t\t\t\t\t\t\t\t<p><span style=\"font-weight: 400; font-size: 19px;\">Norv\u00e9gi\u00e1ban \u00e9s Sv\u00e9dorsz\u00e1gban m\u00e1r \u00e1ltal\u00e1nos iskol\u00e1ban megjelenik a p\u00e9nz\u00fcgyi nevel\u00e9s. A gyerekek j\u00e1t\u00e9kos feladatokon kereszt\u00fcl tanulj\u00e1k meg, hogyan kell beosztani a p\u00e9nzt, mi\u00e9rt fontos f\u00e9lretenni, \u00e9s hogyan lehet c\u00e9lokra megtakar\u00edtani. A tananyag nem a bonyolult k\u00e9pletekr\u0151l sz\u00f3l, hanem az \u00e9letszer\u0171 k\u00e9rd\u00e9sekr\u0151l: \u201eVegy\u00e9l meg mindent most, vagy gy\u0171jts egy nagyobb c\u00e9lra?\u201d Ez a szeml\u00e9let seg\u00edt abban, hogy a fiatalok feln\u0151ttk\u00e9nt term\u00e9szetesnek vegy\u00e9k a p\u00e9nzzel val\u00f3 tudatos b\u00e1n\u00e1sm\u00f3dot.<\/span><\/p>\t\t\t\t\t\t\t\t<\/div>\n\t\t\t\t<\/div>\n\t\t\t\t<div class=\"elementor-element elementor-element-64d5bb8 elementor-widget elementor-widget-heading\" data-id=\"64d5bb8\" data-element_type=\"widget\" data-e-type=\"widget\" data-widget_type=\"heading.default\">\n\t\t\t\t<div class=\"elementor-widget-container\">\n\t\t\t\t\t<h3 class=\"elementor-heading-title elementor-size-default\">\u00c9szak-Amerika \u2013 k\u00f6telez\u0151 tananyag\n<\/h3>\t\t\t\t<\/div>\n\t\t\t\t<\/div>\n\t\t\t\t<div class=\"elementor-element elementor-element-6e639b6 elementor-widget elementor-widget-text-editor\" data-id=\"6e639b6\" data-element_type=\"widget\" data-e-type=\"widget\" data-widget_type=\"text-editor.default\">\n\t\t\t\t<div class=\"elementor-widget-container\">\n\t\t\t\t\t\t\t\t\t<p><span style=\"font-size: 19px;\"><span style=\"font-weight: 400;\">Az Egyes\u00fclt \u00c1llamokban \u00e9s Kanad\u00e1ban az elm\u00falt \u00e9vekben egyre elterjedtebb a p\u00e9nz\u00fcgyi ismeretek tant\u00e1rgy. 2023-ban m\u00e1r 30 amerikai \u00e1llamban k\u00f6telez\u0151, hogy a k\u00f6z\u00e9piskol\u00e1sok p\u00e9nz\u00fcgyi kurzust v\u00e9gezzenek el az \u00e9retts\u00e9gihez \u2013 olyan t\u00e9m\u00e1kat, mint a hitel, ad\u00f3z\u00e1s, k\u00f6lts\u00e9gvet\u00e9s vagy befektet\u00e9s. A Next Gen Personal Finance (<\/span><a href=\"https:\/\/www.ngpf.org\/blog\/advocacy\/how-many-states-require-students-to-take-a-personal-finance-course-before-graduating-from-high-school-is-it-6-or-is-it-21\/\" target=\"_blank\" rel=\"noopener\"><span style=\"font-weight: 400;\">NGPF<\/span><\/a><span style=\"font-weight: 400;\">) \u00f6sszes\u00edt\u00e9se szerint az elm\u00falt 10 \u00e9vben t\u00f6bb mint k\u00e9tszeres\u00e9re n\u0151tt azon \u00e1llamok sz\u00e1ma, ahol ez k\u00f6telez\u0151.<\/span><span style=\"font-weight: 400;\"><br \/><\/span><\/span><\/p>\t\t\t\t\t\t\t\t<\/div>\n\t\t\t\t<\/div>\n\t\t\t\t<div class=\"elementor-element elementor-element-4fdef5b elementor-widget elementor-widget-heading\" data-id=\"4fdef5b\" data-element_type=\"widget\" data-e-type=\"widget\" data-widget_type=\"heading.default\">\n\t\t\t\t<div class=\"elementor-widget-container\">\n\t\t\t\t\t<h3 class=\"elementor-heading-title elementor-size-default\">OECD PISA felm\u00e9r\u00e9s \u2013 kem\u00e9ny sz\u00e1mok<\/h3>\t\t\t\t<\/div>\n\t\t\t\t<\/div>\n\t\t\t\t<div class=\"elementor-element elementor-element-99990ae elementor-widget elementor-widget-text-editor\" data-id=\"99990ae\" data-element_type=\"widget\" data-e-type=\"widget\" data-widget_type=\"text-editor.default\">\n\t\t\t\t<div class=\"elementor-widget-container\">\n\t\t\t\t\t\t\t\t\t<p><span style=\"font-size: 19px;\"><span style=\"font-weight: 400;\">Az <\/span><a href=\"https:\/\/www.oecd.org\/en\/publications\/pisa-2022-results-volume-iv_5a849c2a-en.html\" target=\"_blank\" rel=\"noopener\"><span style=\"font-weight: 400;\">OECD <\/span><\/a><span style=\"font-weight: 400;\">legut\u00f3bbi, 2022-es PISA felm\u00e9r\u00e9se a 15 \u00e9vesek p\u00e9nz\u00fcgyi m\u0171velts\u00e9g\u00e9t vizsg\u00e1lta. Az eredm\u00e9nyek szerint Szingap\u00far, K\u00edna \u00e9s \u00c9sztorsz\u00e1g di\u00e1kjai kiemelked\u0151en teljes\u00edtettek: t\u00f6bb mint 85%-uk el\u00e9rte a legmagasabb szintet. Magyarorsz\u00e1g ezzel szemben az als\u00f3 harmadban v\u00e9gzett, ahol a di\u00e1kok kevesebb mint fele \u00e9rte el az alap szintet.<\/span><span style=\"font-weight: 400;\"><br \/><\/span><\/span><\/p>\t\t\t\t\t\t\t\t<\/div>\n\t\t\t\t<\/div>\n\t\t\t\t<div class=\"elementor-element elementor-element-de25b3c elementor-widget elementor-widget-heading\" data-id=\"de25b3c\" data-element_type=\"widget\" data-e-type=\"widget\" data-widget_type=\"heading.default\">\n\t\t\t\t<div class=\"elementor-widget-container\">\n\t\t\t\t\t<h3 class=\"elementor-heading-title elementor-size-default\">Feln\u0151tt lakoss\u00e1g \u2013 OECD\/INFE felm\u00e9r\u00e9s\n<\/h3>\t\t\t\t<\/div>\n\t\t\t\t<\/div>\n\t\t\t\t<div class=\"elementor-element elementor-element-a61bdd2 elementor-widget elementor-widget-text-editor\" data-id=\"a61bdd2\" data-element_type=\"widget\" data-e-type=\"widget\" data-widget_type=\"text-editor.default\">\n\t\t\t\t<div class=\"elementor-widget-container\">\n\t\t\t\t\t\t\t\t\t<p><span style=\"font-size: 19px;\"><span style=\"font-weight: 400;\">A feln\u0151ttek k\u00f6r\u00e9ben v\u00e9gzett <\/span><a href=\"https:\/\/www.oecd.org\/content\/dam\/oecd\/en\/publications\/reports\/2023\/12\/oecd-infe-2023-international-survey-of-adult-financial-literacy_8ce94e2c\/56003a32-en.pdf\" target=\"_blank\" rel=\"noopener\"><span style=\"font-weight: 400;\">OECD\/INFE<\/span><\/a><span style=\"font-weight: 400;\"> 2023-as kutat\u00e1s szint\u00e9n riaszt\u00f3 k\u00e9pet mutat: Magyarorsz\u00e1g a vizsg\u00e1lt orsz\u00e1gok k\u00f6z\u00f6tt az als\u00f3 harmadban szerepelt. A magyar v\u00e1laszad\u00f3k \u00e1tlagpontsz\u00e1ma 12 volt a 21-b\u0151l, m\u00edg az OECD-\u00e1tlag 13, a vezet\u0151 orsz\u00e1gok pedig 14\u201315 pontot \u00e9rtek el.<\/span><span style=\"font-weight: 400;\"><br \/><\/span><\/span><\/p>\t\t\t\t\t\t\t\t<\/div>\n\t\t\t\t<\/div>\n\t\t\t\t<div class=\"elementor-element elementor-element-6969cdc elementor-widget elementor-widget-heading\" data-id=\"6969cdc\" data-element_type=\"widget\" data-e-type=\"widget\" data-widget_type=\"heading.default\">\n\t\t\t\t<div class=\"elementor-widget-container\">\n\t\t\t\t\t<h3 class=\"elementor-heading-title elementor-size-default\">Hazai helyzet \u2013 MNB\/Hitelint\u00e9zeti Szemle\n<\/h3>\t\t\t\t<\/div>\n\t\t\t\t<\/div>\n\t\t\t\t<div class=\"elementor-element elementor-element-b51fc96 elementor-widget elementor-widget-text-editor\" data-id=\"b51fc96\" data-element_type=\"widget\" data-e-type=\"widget\" data-widget_type=\"text-editor.default\">\n\t\t\t\t<div class=\"elementor-widget-container\">\n\t\t\t\t\t\t\t\t\t<p><span style=\"font-size: 19px;\"><span style=\"font-weight: 400;\">A magyar csal\u00e1dok fele nem rendelkezik semmilyen megtakar\u00edt\u00e1ssal, \u00e9s a lakoss\u00e1g 30%-\u00e1nak egy v\u00e1ratlan, 100 ezer forintos kiad\u00e1s is komoly probl\u00e9m\u00e1t jelentene.<\/span><span style=\"font-weight: 400;\"><br \/><\/span><a href=\"https:\/\/hitelintezetiszemle.mnb.hu\/sw\/static\/file\/fer-23-1-ove1-hergar-kovacs-nemeth.pdf\" target=\"_blank\" rel=\"noopener\"><span style=\"font-weight: 400;\">Hitelint\u00e9zeti Szemle \u2013 The Status and Development of Financial Literacy in Hungary<\/span><\/a><\/span><\/p>\t\t\t\t\t\t\t\t<\/div>\n\t\t\t\t<\/div>\n\t\t\t\t<div class=\"elementor-element elementor-element-fa3df30 elementor-widget elementor-widget-heading\" data-id=\"fa3df30\" data-element_type=\"widget\" data-e-type=\"widget\" data-widget_type=\"heading.default\">\n\t\t\t\t<div class=\"elementor-widget-container\">\n\t\t\t\t\t<h3 class=\"elementor-heading-title elementor-size-default\">N\u0151i f\u00f3kusz\n<\/h3>\t\t\t\t<\/div>\n\t\t\t\t<\/div>\n\t\t\t\t<div class=\"elementor-element elementor-element-018f5a0 elementor-widget elementor-widget-text-editor\" data-id=\"018f5a0\" data-element_type=\"widget\" data-e-type=\"widget\" data-widget_type=\"text-editor.default\">\n\t\t\t\t<div class=\"elementor-widget-container\">\n\t\t\t\t\t\t\t\t\t<p><span style=\"font-weight: 400; font-size: 19px;\">Skandin\u00e1vi\u00e1ban \u00e9s \u00c9szak-Amerik\u00e1ban a p\u00e9nz\u00fcgyi oktat\u00e1s sor\u00e1n kifejezetten figyelnek a l\u00e1nyokra: tudatos\u00edtj\u00e1k benn\u00fck, hogy ugyan\u00fagy hely\u00fck van a hossz\u00fa t\u00e1v\u00fa p\u00e9nz\u00fcgyi d\u00f6nt\u00e9sekben, mint a mindennapi kiad\u00e1sok kezel\u00e9s\u00e9ben. Ennek k\u00f6sz\u00f6nhet\u0151en a n\u0151k b\u00e1trabban fektetnek be, tudatosabban terveznek a nyugd\u00edjra, \u00e9s kev\u00e9sb\u00e9 passz\u00edv szerepl\u0151i a csal\u00e1di p\u00e9nz\u00fcgyeknek. Magyarorsz\u00e1gon ezzel szemben m\u00e9g mindig sok n\u0151 ink\u00e1bb \u201er\u00e1b\u00edzza mag\u00e1t\u201d a f\u00e9rjre vagy a csal\u00e1dra, pedig \u0151k is ugyanannyira \u00e9rintettek \u2013 s\u0151t, az \u00e9lettartam \u00e9s a nyugd\u00edjk\u00fcl\u00f6nbs\u00e9gek miatt tal\u00e1n m\u00e9g ink\u00e1bb.<\/span><\/p>\t\t\t\t\t\t\t\t<\/div>\n\t\t\t\t<\/div>\n\t\t\t\t<div class=\"elementor-element elementor-element-d5190a5 elementor-widget elementor-widget-image\" data-id=\"d5190a5\" data-element_type=\"widget\" data-e-type=\"widget\" data-widget_type=\"image.default\">\n\t\t\t\t<div class=\"elementor-widget-container\">\n\t\t\t\t\t\t\t\t\t\t\t\t\t\t\t<img decoding=\"async\" width=\"800\" height=\"437\" src=\"https:\/\/noivezetok.eu\/wp-content\/uploads\/2025\/09\/4-Nok-es-a-penzugyi-tudatossag-fontossaga-1024x559.png\" class=\"attachment-large size-large wp-image-5409\" alt=\"P\u00e9nz\u00fcgyi tudatoss\u00e1g: Magabiztos \u00fczletasszony tervez\u0151vel a kez\u00e9ben a v\u00e1rosban\" srcset=\"https:\/\/noivezetok.eu\/wp-content\/uploads\/2025\/09\/4-Nok-es-a-penzugyi-tudatossag-fontossaga-1024x559.png 1024w, https:\/\/noivezetok.eu\/wp-content\/uploads\/2025\/09\/4-Nok-es-a-penzugyi-tudatossag-fontossaga-300x164.png 300w, https:\/\/noivezetok.eu\/wp-content\/uploads\/2025\/09\/4-Nok-es-a-penzugyi-tudatossag-fontossaga-768x419.png 768w, https:\/\/noivezetok.eu\/wp-content\/uploads\/2025\/09\/4-Nok-es-a-penzugyi-tudatossag-fontossaga-18x10.png 18w, https:\/\/noivezetok.eu\/wp-content\/uploads\/2025\/09\/4-Nok-es-a-penzugyi-tudatossag-fontossaga-600x327.png 600w, https:\/\/noivezetok.eu\/wp-content\/uploads\/2025\/09\/4-Nok-es-a-penzugyi-tudatossag-fontossaga.png 1408w\" sizes=\"(max-width: 800px) 100vw, 800px\" \/>\t\t\t\t\t\t\t\t\t\t\t\t\t\t\t<\/div>\n\t\t\t\t<\/div>\n\t\t\t\t<div class=\"elementor-element elementor-element-33cfde8 elementor-widget elementor-widget-heading\" data-id=\"33cfde8\" data-element_type=\"widget\" data-e-type=\"widget\" data-widget_type=\"heading.default\">\n\t\t\t\t<div class=\"elementor-widget-container\">\n\t\t\t\t\t<h2 class=\"elementor-heading-title elementor-size-default\">Mi\u00e9rt fontos ez nek\u00fcnk, n\u0151knek?\n<\/h2>\t\t\t\t<\/div>\n\t\t\t\t<\/div>\n\t\t\t\t<div class=\"elementor-element elementor-element-3342b7e elementor-widget elementor-widget-text-editor\" data-id=\"3342b7e\" data-element_type=\"widget\" data-e-type=\"widget\" data-widget_type=\"text-editor.default\">\n\t\t\t\t<div class=\"elementor-widget-container\">\n\t\t\t\t\t\t\t\t\t<p><span style=\"font-weight: 400; font-size: 19px;\">Amikor a p\u00e9nz\u00fcgyi tudatoss\u00e1gr\u00f3l besz\u00e9l\u00fcnk, hajlamosak vagyunk \u00e1ltal\u00e1nos\u00edtani: mindenkinek sz\u00fcks\u00e9ge van r\u00e1. Ez igaz, de ha k\u00f6zelebbr\u0151l megn\u00e9zz\u00fck a sz\u00e1mokat \u00e9s a val\u00f3s\u00e1got, kider\u00fcl, hogy a n\u0151ket k\u00fcl\u00f6n\u00f6sen \u00e9rz\u00e9kenyen \u00e9rinti a hi\u00e1nya. Ennek t\u00f6bb, egym\u00e1ssal \u00f6sszef\u00fcgg\u0151 oka van: hosszabb \u00e9lettartam, alacsonyabb b\u00e9rek, kisebb nyugd\u00edj \u00e9s a csal\u00e1di kiad\u00e1sok terh\u00e9nek nagyobb r\u00e9sze.<\/span><\/p><p><span style=\"font-size: 19px;\"><b>Hosszabb \u00e9lettartam, kisebb tartal\u00e9k<\/b><b><br \/><\/b><span style=\"font-weight: 400;\"> Az Eurostat adatai szerint az eur\u00f3pai n\u0151k \u00e1tlagosan 5\u20136 \u00e9vvel tov\u00e1bb \u00e9lnek, mint a f\u00e9rfiak (Magyarorsz\u00e1gon a k\u00fcl\u00f6nbs\u00e9g m\u00e9g nagyobb, kb. 7 \u00e9v) \u3010<\/span><a href=\"https:\/\/ec.europa.eu\/eurostat\/databrowser\/view\/demo_mlexpec\/default\/table?lang=en\" target=\"_blank\" rel=\"noopener\"><span style=\"font-weight: 400;\">Eurostat \u2013 Life expectancy at birth<\/span><\/a><span style=\"font-weight: 400;\">\u3011. Ez azt jelenti, hogy t\u00f6bb megtakar\u00edt\u00e1sra lenne sz\u00fcks\u00e9g\u00fcnk, hogy biztons\u00e1gban \u00e9lj\u00fcnk id\u0151s korunkban. A val\u00f3s\u00e1g azonban pont ford\u00edtva alakul: sok n\u0151 kevesebb j\u00f6vedelemb\u0151l gazd\u00e1lkodik, \u00e9s \u00edgy kisebb \u00f6sszeget tud f\u00e9lretenni.<\/span><\/span><\/p><p><span style=\"font-size: 19px;\"><b>B\u00e9rszakad\u00e9k \u2013 kevesebb p\u00e9nz, kevesebb lehet\u0151s\u00e9g<\/b><b><br \/><\/b><span style=\"font-weight: 400;\">Az Eur\u00f3pai Uni\u00f3ban a nemek k\u00f6z\u00f6tti b\u00e9rszakad\u00e9k \u00e1tlagosan 12,7% volt 2021-ben, Magyarorsz\u00e1gon pedig 17,3% \u3010<\/span><a href=\"https:\/\/ec.europa.eu\/eurostat\/statistics-explained\/index.php?title=Gender_pay_gap_statistics\" target=\"_blank\" rel=\"noopener\"><span style=\"font-weight: 400;\">Eurostat \u2013 Gender pay gap<\/span><\/a><span style=\"font-weight: 400;\">\u3011. Ez azt jelenti, hogy ugyanaz\u00e9rt a munk\u00e1\u00e9rt a n\u0151k \u00e1tlagosan majdnem egy\u00f6t\u00f6d\u00e9vel kevesebb fizet\u00e9st kapnak, mint a f\u00e9rfiak. Ez a k\u00fcl\u00f6nbs\u00e9g eg\u00e9sz \u00e9let\u00fcnk\u00f6n v\u00e9giggy\u0171r\u0171zik: alacsonyabb fizet\u00e9s \u2192 alacsonyabb megtakar\u00edt\u00e1s \u2192 alacsonyabb nyugd\u00edj.<\/span><\/span><\/p><p><span style=\"font-size: 19px;\"><b>Nyugd\u00edjk\u00fcl\u00f6nbs\u00e9gek \u2013 dupla h\u00e1tr\u00e1ny<\/b><b><br \/><\/b><span style=\"font-weight: 400;\">A nyugd\u00edjakn\u00e1l a k\u00fcl\u00f6nbs\u00e9g m\u00e9g szembet\u0171n\u0151bb: az EU-ban \u00e1tlagosan 29%-kal kisebb nyugd\u00edjat kapnak a n\u0151k, mint a f\u00e9rfiak \u3010<\/span><a href=\"https:\/\/ec.europa.eu\/info\/policies\/justice-and-fundamental-rights\/gender-equality\/gender-equality-strategy\/gender-pension-gap_en\" target=\"_blank\" rel=\"noopener\"><span style=\"font-weight: 400;\">European Commission \u2013 Pension gap<\/span><\/a><span style=\"font-weight: 400;\">\u3011(). Ennek oka nemcsak az alacsonyabb b\u00e9rez\u00e9s, hanem az is, hogy a n\u0151k gyakrabban szak\u00edtj\u00e1k meg a karrierj\u00fcket gyermekv\u00e1llal\u00e1s miatt, \u00edgy kevesebb szolg\u00e1lati id\u0151t szereznek.<\/span><\/span><\/p>\t\t\t\t\t\t\t\t<\/div>\n\t\t\t\t<\/div>\n\t\t<div class=\"elementor-element elementor-element-51a5dba e-con-full e-flex e-con e-child\" data-id=\"51a5dba\" data-element_type=\"container\" data-e-type=\"container\">\n\t\t<div class=\"elementor-element elementor-element-eba886c e-grid e-con-full e-con e-child\" data-id=\"eba886c\" data-element_type=\"container\" data-e-type=\"container\">\n\t\t\t\t<div class=\"elementor-element elementor-element-e3f0f8c elementor-widget elementor-widget-global elementor-global-7730 elementor-widget-text-editor\" data-id=\"e3f0f8c\" data-element_type=\"widget\" data-e-type=\"widget\" data-widget_type=\"text-editor.default\">\n\t\t\t\t<div class=\"elementor-widget-container\">\n\t\t\t\t\t\t\t\t\t<p><span style=\"font-size: 25px;\"><strong>Be That Woman\u00ae!\u00a0<\/strong><\/span><\/p><p>Csatlakozz a <b data-path-to-node=\"11,0\" data-index-in-node=\"13\">N\u0151i Vezet\u0151k\u00ae<\/b> k\u00f6z\u00f6ss\u00e9g\u00e9hez, \u00e9s kapd meg els\u0151k\u00e9nt a leg\u00fajabb <b data-path-to-node=\"11,0\" data-index-in-node=\"72\">Be That Woman\u00ae<\/b> tippeket, exkluz\u00edv aj\u00e1nlatokat \u00e9s vezet\u0151i inspir\u00e1ci\u00f3kat k\u00f6zvetlen\u00fcl a postal\u00e1d\u00e1dba.<\/p>\t\t\t\t\t\t\t\t<\/div>\n\t\t\t\t<\/div>\n\t\t\t\t<div class=\"elementor-element elementor-element-c7b41fd elementor-button-align-stretch elementor-widget elementor-widget-global elementor-global-7727 elementor-widget-form\" data-id=\"c7b41fd\" data-element_type=\"widget\" data-e-type=\"widget\" data-settings=\"{&quot;step_next_label&quot;:&quot;K\\u00f6vetkez\\u0151&quot;,&quot;step_previous_label&quot;:&quot;El\\u0151z\\u0151&quot;,&quot;button_width&quot;:&quot;100&quot;,&quot;step_type&quot;:&quot;number_text&quot;,&quot;step_icon_shape&quot;:&quot;circle&quot;}\" data-widget_type=\"form.default\">\n\t\t\t\t<div class=\"elementor-widget-container\">\n\t\t\t\t\t\t\t<form class=\"elementor-form\" method=\"post\" name=\"\u00daj \u0171rlap\" aria-label=\"\u00daj \u0171rlap\">\n\t\t\t<input type=\"hidden\" name=\"post_id\" value=\"5406\"\/>\n\t\t\t<input type=\"hidden\" name=\"form_id\" value=\"c7b41fd\"\/>\n\t\t\t<input type=\"hidden\" name=\"referer_title\" value=\"\" \/>\n\n\t\t\t\n\t\t\t<div class=\"elementor-form-fields-wrapper elementor-labels-\">\n\t\t\t\t\t\t\t\t<div class=\"elementor-field-type-text elementor-field-group elementor-column elementor-field-group-name elementor-col-100\">\n\t\t\t\t\t\t\t\t\t\t\t\t<label for=\"form-field-name\" class=\"elementor-field-label elementor-screen-only\">\n\t\t\t\t\t\t\t\tN\u00e9v\t\t\t\t\t\t\t<\/label>\n\t\t\t\t\t\t\t\t\t\t\t\t\t\t<input size=\"1\" type=\"text\" name=\"form_fields[name]\" id=\"form-field-name\" class=\"elementor-field elementor-size-sm  elementor-field-textual\" placeholder=\"N\u00e9v\">\n\t\t\t\t\t\t\t\t\t\t\t<\/div>\n\t\t\t\t\t\t\t\t<div class=\"elementor-field-type-email elementor-field-group elementor-column elementor-field-group-email elementor-col-100 elementor-field-required\">\n\t\t\t\t\t\t\t\t\t\t\t\t<label for=\"form-field-email\" class=\"elementor-field-label elementor-screen-only\">\n\t\t\t\t\t\t\t\tEmail\t\t\t\t\t\t\t<\/label>\n\t\t\t\t\t\t\t\t\t\t\t\t\t\t<input size=\"1\" type=\"email\" name=\"form_fields[email]\" id=\"form-field-email\" class=\"elementor-field elementor-size-sm  elementor-field-textual\" placeholder=\"Email\" required=\"required\">\n\t\t\t\t\t\t\t\t\t\t\t<\/div>\n\t\t\t\t\t\t\t\t<div class=\"elementor-field-group elementor-column elementor-field-type-submit elementor-col-100 e-form__buttons\">\n\t\t\t\t\t<button class=\"elementor-button elementor-size-sm\" type=\"submit\">\n\t\t\t\t\t\t<span class=\"elementor-button-content-wrapper\">\n\t\t\t\t\t\t\t\t\t\t\t\t\t\t\t\t\t\t\t\t\t\t<span class=\"elementor-button-text\">Csatlakozom<\/span>\n\t\t\t\t\t\t\t\t\t\t\t\t\t<\/span>\n\t\t\t\t\t<\/button>\n\t\t\t\t<\/div>\n\t\t\t<\/div>\n\t\t<\/form>\n\t\t\t\t\t\t<\/div>\n\t\t\t\t<\/div>\n\t\t\t\t<\/div>\n\t\t\t\t<\/div>\n\t\t\t\t<div class=\"elementor-element elementor-element-a8dd3a7 elementor-widget elementor-widget-image\" data-id=\"a8dd3a7\" data-element_type=\"widget\" data-e-type=\"widget\" data-widget_type=\"image.default\">\n\t\t\t\t<div class=\"elementor-widget-container\">\n\t\t\t\t\t\t\t\t\t\t\t\t\t\t\t<img loading=\"lazy\" decoding=\"async\" width=\"800\" height=\"437\" src=\"https:\/\/noivezetok.eu\/wp-content\/uploads\/2025\/09\/Csaladi-bevasarlas-ar-osszehasonlitassal-\u2013-tudatos-dontesek-1024x559.png\" class=\"attachment-large size-large wp-image-5417\" alt=\"P\u00e9nz\u00fcgyi tudatoss\u00e1g: Anya a szupermarketben telefonon \u00e1rakat hasonl\u00edt \u00f6ssze, mellette k\u00e9t gyerek a bev\u00e1s\u00e1rl\u00f3kocsin\u00e1l\" srcset=\"https:\/\/noivezetok.eu\/wp-content\/uploads\/2025\/09\/Csaladi-bevasarlas-ar-osszehasonlitassal-\u2013-tudatos-dontesek-1024x559.png 1024w, https:\/\/noivezetok.eu\/wp-content\/uploads\/2025\/09\/Csaladi-bevasarlas-ar-osszehasonlitassal-\u2013-tudatos-dontesek-300x164.png 300w, https:\/\/noivezetok.eu\/wp-content\/uploads\/2025\/09\/Csaladi-bevasarlas-ar-osszehasonlitassal-\u2013-tudatos-dontesek-768x419.png 768w, https:\/\/noivezetok.eu\/wp-content\/uploads\/2025\/09\/Csaladi-bevasarlas-ar-osszehasonlitassal-\u2013-tudatos-dontesek-18x10.png 18w, https:\/\/noivezetok.eu\/wp-content\/uploads\/2025\/09\/Csaladi-bevasarlas-ar-osszehasonlitassal-\u2013-tudatos-dontesek-600x327.png 600w, https:\/\/noivezetok.eu\/wp-content\/uploads\/2025\/09\/Csaladi-bevasarlas-ar-osszehasonlitassal-\u2013-tudatos-dontesek.png 1408w\" sizes=\"(max-width: 800px) 100vw, 800px\" \/>\t\t\t\t\t\t\t\t\t\t\t\t\t\t\t<\/div>\n\t\t\t\t<\/div>\n\t\t\t\t<div class=\"elementor-element elementor-element-2b5c477 elementor-widget elementor-widget-text-editor\" data-id=\"2b5c477\" data-element_type=\"widget\" data-e-type=\"widget\" data-widget_type=\"text-editor.default\">\n\t\t\t\t<div class=\"elementor-widget-container\">\n\t\t\t\t\t\t\t\t\t<p><span style=\"font-size: 19px;\"><b>Csal\u00e1di p\u00e9nz\u00fcgyek \u2013 l\u00e1thatatlan munka<\/b><b><br \/><\/b><span style=\"font-weight: 400;\">K\u00f6zben a mindennapi p\u00e9nz\u00fcgyi d\u00f6nt\u00e9sek t\u00f6bbs\u00e9g\u00e9t \u2013 \u00e9lelmiszer, gyereknevel\u00e9s, h\u00e1ztart\u00e1si kiad\u00e1sok \u2013 n\u0151k hozz\u00e1k meg. Ez azonban sokszor nem tudatos p\u00e9nz\u00fcgyi tervez\u00e9st jelent, hanem t\u0171zolt\u00e1st: hogyan osszuk be a fizet\u00e9st h\u00f3nap v\u00e9g\u00e9ig, hogyan fizess\u00fck ki a sz\u00e1ml\u00e1kat, mib\u0151l jusson a gyerek cip\u0151j\u00e9re \u00e9s az \u00e9lelmiszerre. A hossz\u00fa t\u00e1v\u00fa strat\u00e9gi\u00e1k (nyugd\u00edj, befektet\u00e9s, biztos\u00edt\u00e1s) gyakran h\u00e1tt\u00e9rbe szorulnak, vagy \u00e1tker\u00fclnek a f\u00e9rfiakhoz.<\/span><\/span><\/p><p><span style=\"font-size: 19px;\"><b>Mi\u00e9rt kell ezen v\u00e1ltoztatni?<\/b><b><br \/><\/b><span style=\"font-weight: 400;\">Mert ha nem l\u00e9p\u00fcnk id\u0151ben, a n\u0151k anyagi biztons\u00e1ga sokkal s\u00e9r\u00fcl\u00e9kenyebb marad. Gondolj bele: hosszabb \u00e9let, alacsonyabb fizet\u00e9s \u00e9s kisebb nyugd\u00edj egy\u00fctt azt eredm\u00e9nyezi, hogy egy n\u0151 \u00e9lete utols\u00f3 10\u201315 \u00e9v\u00e9ben j\u00f3val nagyobb es\u00e9llyel \u00e9l sz\u0171k\u00f6sen, mint egy f\u00e9rfi. Ez nem egy\u00e9ni hiba, hanem rendszerszint\u0171 probl\u00e9ma \u2013 de egy\u00e9ni szinten tudatos d\u00f6nt\u00e9sekkel lehet rajta v\u00e1ltoztatni.<\/span><\/span><\/p><p><span style=\"font-weight: 400; font-size: 19px;\">Ez\u00e9rt kulcsfontoss\u00e1g\u00fa, hogy mi, n\u0151k tudatos\u00edtsuk magunkban: nem el\u00e9g \u201ebeosztani a h\u00f3napot\u201d, hossz\u00fa t\u00e1vra is tervezn\u00fcnk kell. Ak\u00e1r megtakar\u00edt\u00e1sr\u00f3l, befektet\u00e9sr\u0151l vagy ad\u00f3kedvezm\u00e9nyek kihaszn\u00e1l\u00e1s\u00e1r\u00f3l van sz\u00f3, nek\u00fcnk is jogunk \u00e9s felel\u0151ss\u00e9g\u00fcnk belesz\u00f3lni a saj\u00e1t \u00e9s a csal\u00e1dunk anyagi j\u00f6v\u0151j\u00e9be.<\/span><\/p>\t\t\t\t\t\t\t\t<\/div>\n\t\t\t\t<\/div>\n\t\t\t\t<div class=\"elementor-element elementor-element-9228e9e elementor-widget elementor-widget-image\" data-id=\"9228e9e\" data-element_type=\"widget\" data-e-type=\"widget\" data-widget_type=\"image.default\">\n\t\t\t\t<div class=\"elementor-widget-container\">\n\t\t\t\t\t\t\t\t\t\t\t\t\t\t\t<img loading=\"lazy\" decoding=\"async\" width=\"800\" height=\"437\" src=\"https:\/\/noivezetok.eu\/wp-content\/uploads\/2025\/09\/5-Koltsegvetes-es-megtakaritas-tervezese-1024x559.png\" class=\"attachment-large size-large wp-image-5408\" alt=\"P\u00e9nz\u00fcgyi tudatoss\u00e1g: Jegyzetf\u00fczet, sz\u00e1mol\u00f3g\u00e9p \u00e9s k\u00e1v\u00e9 egy asztalon, p\u00e9nz\u00fcgyi tervez\u00e9shez\" srcset=\"https:\/\/noivezetok.eu\/wp-content\/uploads\/2025\/09\/5-Koltsegvetes-es-megtakaritas-tervezese-1024x559.png 1024w, https:\/\/noivezetok.eu\/wp-content\/uploads\/2025\/09\/5-Koltsegvetes-es-megtakaritas-tervezese-300x164.png 300w, https:\/\/noivezetok.eu\/wp-content\/uploads\/2025\/09\/5-Koltsegvetes-es-megtakaritas-tervezese-768x419.png 768w, https:\/\/noivezetok.eu\/wp-content\/uploads\/2025\/09\/5-Koltsegvetes-es-megtakaritas-tervezese-18x10.png 18w, https:\/\/noivezetok.eu\/wp-content\/uploads\/2025\/09\/5-Koltsegvetes-es-megtakaritas-tervezese-600x327.png 600w, https:\/\/noivezetok.eu\/wp-content\/uploads\/2025\/09\/5-Koltsegvetes-es-megtakaritas-tervezese.png 1408w\" sizes=\"(max-width: 800px) 100vw, 800px\" \/>\t\t\t\t\t\t\t\t\t\t\t\t\t\t\t<\/div>\n\t\t\t\t<\/div>\n\t\t\t\t<div class=\"elementor-element elementor-element-d28fec8 elementor-widget elementor-widget-heading\" data-id=\"d28fec8\" data-element_type=\"widget\" data-e-type=\"widget\" data-widget_type=\"heading.default\">\n\t\t\t\t<div class=\"elementor-widget-container\">\n\t\t\t\t\t<h2 class=\"elementor-heading-title elementor-size-default\">Hogyan kezdhetj\u00fck el? \u2013 L\u00e9p\u00e9sek a nagyobb tudatoss\u00e1g fel\u00e9<\/h2>\t\t\t\t<\/div>\n\t\t\t\t<\/div>\n\t\t\t\t<div class=\"elementor-element elementor-element-7a847bd elementor-widget elementor-widget-text-editor\" data-id=\"7a847bd\" data-element_type=\"widget\" data-e-type=\"widget\" data-widget_type=\"text-editor.default\">\n\t\t\t\t<div class=\"elementor-widget-container\">\n\t\t\t\t\t\t\t\t\t<p><span style=\"font-weight: 400; font-size: 19px;\">A p\u00e9nz\u00fcgyi tudatoss\u00e1g hi\u00e1nya els\u0151re \u00f3ri\u00e1si probl\u00e9m\u00e1nak t\u0171nhet, de a j\u00f3 h\u00edr az, hogy nem kell mindent egyszerre megoldani. Nem az a c\u00e9l, hogy egyik napr\u00f3l a m\u00e1sikra p\u00e9nz\u00fcgyi szak\u00e9rt\u0151v\u00e9 v\u00e1ljunk, hanem hogy apr\u00f3, k\u00f6vetkezetes l\u00e9p\u00e9sekkel elkezdj\u00fck \u00e1talak\u00edtani a szeml\u00e9let\u00fcnket. \u00c9s igen, ebben nek\u00fcnk, n\u0151knek k\u00fcl\u00f6n\u00f6sen fontos szerep\u00fcnk van \u2013 hiszen a csal\u00e1d mindennapi k\u00f6lt\u00e9seit sokszor mi ir\u00e1ny\u00edtjuk, \u00e9s rajtunk m\u00falik, hogy mennyire tudatosan kezelj\u00fck a kassz\u00e1t.<\/span><\/p><ol><li><span style=\"font-size: 19px;\"><b> K\u00e9sz\u00edts k\u00f6lts\u00e9gvet\u00e9st \u2013 ak\u00e1r pap\u00edron is<\/b><b><br \/><\/b><span style=\"font-weight: 400;\">Ez az alap. Ha nincs k\u00e9p\u00fcnk arr\u00f3l, hova megy el a p\u00e9nz\u00fcnk, akkor lehetetlen tudatos d\u00f6nt\u00e9seket hozni. Nem kell bonyolult excel-t\u00e1bl\u00e1kkal kezdeni \u2013 el\u00e9g, ha egy h\u00f3napig fel\u00edrod, mire k\u00f6ltesz. M\u00e1r ez is seg\u00edt felismerni, hol lehetne sp\u00f3rolni.<\/span><\/span><\/li><li><span style=\"font-size: 19px;\"><b> Kezdd el a megtakar\u00edt\u00e1st kicsiben<\/b><b><br \/><\/b><span style=\"font-weight: 400;\">A P\u00e9nzir\u00e1nyt\u0171 Alap\u00edtv\u00e1ny kutat\u00e1sa szerint a magyar h\u00e1ztart\u00e1sok 53%-\u00e1nak nincs semmilyen megtakar\u00edt\u00e1sa \u3010<\/span><a href=\"https:\/\/www.mnb.hu\/felugyelet\/penziranytu\" target=\"_blank\" rel=\"noopener\"><span style=\"font-weight: 400;\">MNB \u2013 Lakoss\u00e1gi megtakar\u00edt\u00e1si szok\u00e1sok<\/span><\/a><span style=\"font-weight: 400;\">\u3011. Ez ijeszt\u0151 sz\u00e1m, de azt is mutatja: m\u00e1r azzal is a lakoss\u00e1g fel\u00e9n\u00e9l tudatosabb vagy, ha f\u00e9lreteszel havi 5\u201310 ezer forintot. A l\u00e9nyeg a rendszeress\u00e9g, nem az \u00f6sszeg nagys\u00e1ga.<\/span><\/span><\/li><li><span style=\"font-size: 19px;\"><b> Haszn\u00e1ld ki a kedvezm\u00e9nyeket \u00e9s \u00e1llami t\u00e1mogat\u00e1sokat<\/b><b><br \/><\/b><span style=\"font-weight: 400;\">Sokan nincsenek tiszt\u00e1ban azzal, mennyi ad\u00f3kedvezm\u00e9ny, t\u00e1mogat\u00e1s vagy mentess\u00e9g \u00e9rhet\u0151 el \u2013 k\u00fcl\u00f6n\u00f6sen \u00e9desanyak\u00e9nt. A CSED, GYED, SZJA-mentess\u00e9gek vagy a b\u0151v\u00fcl\u0151 csal\u00e1di ad\u00f3kedvezm\u00e9ny \u00e9vente t\u00f6bb sz\u00e1zezer forintot jelenthetnek. Ha nem t\u00e1j\u00e9koz\u00f3dsz, ezt egyszer\u0171en elvesz\u00edted.<\/span><\/span><\/li><li><span style=\"font-size: 19px;\"><b> Tanulj hiteles forr\u00e1sokb\u00f3l<\/b><b><br \/><\/b><span style=\"font-weight: 400;\">Ne hagyd, hogy a k\u00f6z\u00f6ss\u00e9gi m\u00e9di\u00e1s p\u00e9nz\u00fcgyi tippek legyenek az egyetlen t\u00e1j\u00e9koz\u00f3d\u00e1si pontod. Keress megb\u00edzhat\u00f3 szak\u00e9rt\u0151ket, kurzusokat, k\u00f6nyveket. Az OECD\/INFE felm\u00e9r\u00e9s szerint azok, akik rendszeresen k\u00e9pezik magukat, k\u00e9tszer akkora val\u00f3sz\u00edn\u0171s\u00e9ggel kezelik j\u00f3l a v\u00e1ratlan p\u00e9nz\u00fcgyi helyzeteket \u3010<\/span><a href=\"https:\/\/www.oecd.org\/content\/dam\/oecd\/en\/publications\/reports\/2023\/12\/oecd-infe-2023-international-survey-of-adult-financial-literacy_8ce94e2c\/56003a32-en.pdf\" target=\"_blank\" rel=\"noopener\"><span style=\"font-weight: 400;\">OECD\/INFE \u2013 2023 Survey<\/span><\/a><span style=\"font-weight: 400;\">\u3011<\/span><\/span><\/li><li><span style=\"font-size: 19px;\"><b> K\u00f6z\u00f6ss\u00e9g ereje<\/b><b><br \/><\/b><span style=\"font-weight: 400;\">Sok n\u0151i vezet\u0151, \u00e9desanya vagy v\u00e1llalkoz\u00f3 osztja meg tapasztalatait f\u00f3rumokon, klubokban, workshopokon. Ez nemcsak tud\u00e1st ad, hanem motiv\u00e1ci\u00f3t is \u2013 l\u00e1tod, hogy nem vagy egyed\u00fcl a kih\u00edv\u00e1sokkal.<\/span><\/span><\/li><\/ol><p><span style=\"font-size: 19px;\"><span style=\"font-weight: 400;\">\u00c9s ami a legfontosabb: <\/span><b>merj cselekedni<\/b><span style=\"font-weight: 400;\">. A tudatoss\u00e1g nem att\u00f3l lesz er\u0151sebb, hogy olvasol r\u00f3la, hanem att\u00f3l, hogy kipr\u00f3b\u00e1lod a gyakorlatban. Ehhez remek els\u0151 l\u00e9p\u00e9s lehet <a href=\"https:\/\/noivezetok.eu\/csaladi-adokedvezmenyek-es-mentessegek\/\">Gy\u00f6rfy Ruben ingyenes webin\u00e1rja<\/a>, ahol a 2025-\u00f6s ad\u00f3v\u00e1ltoz\u00e1sokr\u00f3l kapsz k\u00f6z\u00e9rthet\u0151, azonnal haszn\u00e1lhat\u00f3 tud\u00e1st. Ez nemcsak a mostani \u00e9vedet teheti k\u00f6nnyebb\u00e9, hanem hossz\u00fa t\u00e1von is biztons\u00e1got \u00e9p\u00edthet a csal\u00e1dod sz\u00e1m\u00e1ra.<\/span><\/span><\/p>\t\t\t\t\t\t\t\t<\/div>\n\t\t\t\t<\/div>\n\t\t\t\t<div class=\"elementor-element elementor-element-a810907 elementor-widget elementor-widget-image\" data-id=\"a810907\" data-element_type=\"widget\" data-e-type=\"widget\" data-widget_type=\"image.default\">\n\t\t\t\t<div class=\"elementor-widget-container\">\n\t\t\t\t\t\t\t\t\t\t\t\t\t\t\t<img loading=\"lazy\" decoding=\"async\" width=\"800\" height=\"437\" src=\"https:\/\/noivezetok.eu\/wp-content\/uploads\/2025\/09\/6-Online-penzugyi-webinar-\u2013-kozossegi-elmeny-1024x559.png\" class=\"attachment-large size-large wp-image-5407\" alt=\"P\u00e9nz\u00fcgyi tudatoss\u00e1g: Mosolyg\u00f3 n\u0151 otthon laptop el\u0151tt, online p\u00e9nz\u00fcgyi webin\u00e1ron\" srcset=\"https:\/\/noivezetok.eu\/wp-content\/uploads\/2025\/09\/6-Online-penzugyi-webinar-\u2013-kozossegi-elmeny-1024x559.png 1024w, https:\/\/noivezetok.eu\/wp-content\/uploads\/2025\/09\/6-Online-penzugyi-webinar-\u2013-kozossegi-elmeny-300x164.png 300w, https:\/\/noivezetok.eu\/wp-content\/uploads\/2025\/09\/6-Online-penzugyi-webinar-\u2013-kozossegi-elmeny-768x419.png 768w, https:\/\/noivezetok.eu\/wp-content\/uploads\/2025\/09\/6-Online-penzugyi-webinar-\u2013-kozossegi-elmeny-18x10.png 18w, https:\/\/noivezetok.eu\/wp-content\/uploads\/2025\/09\/6-Online-penzugyi-webinar-\u2013-kozossegi-elmeny-600x327.png 600w, https:\/\/noivezetok.eu\/wp-content\/uploads\/2025\/09\/6-Online-penzugyi-webinar-\u2013-kozossegi-elmeny.png 1408w\" sizes=\"(max-width: 800px) 100vw, 800px\" \/>\t\t\t\t\t\t\t\t\t\t\t\t\t\t\t<\/div>\n\t\t\t\t<\/div>\n\t\t\t\t<div class=\"elementor-element elementor-element-a9bbd4b elementor-widget elementor-widget-heading\" data-id=\"a9bbd4b\" data-element_type=\"widget\" data-e-type=\"widget\" data-widget_type=\"heading.default\">\n\t\t\t\t<div class=\"elementor-widget-container\">\n\t\t\t\t\t<h2 class=\"elementor-heading-title elementor-size-default\">Aj\u00e1nl\u00f3 \u2013 Gy\u00f6rfy Ruben ingyenes webin\u00e1rja\n<\/h2>\t\t\t\t<\/div>\n\t\t\t\t<\/div>\n\t\t\t\t<div class=\"elementor-element elementor-element-bd4f72a elementor-widget elementor-widget-text-editor\" data-id=\"bd4f72a\" data-element_type=\"widget\" data-e-type=\"widget\" data-widget_type=\"text-editor.default\">\n\t\t\t\t<div class=\"elementor-widget-container\">\n\t\t\t\t\t\t\t\t\t<p><span style=\"font-weight: 400; font-size: 19px;\">\u0150szint\u00e9n: ki ne szeretn\u00e9, ha t\u00f6bb p\u00e9nz maradna a csal\u00e1di kassz\u00e1ban? \u00a0K\u00e9pzeld el, hogy egy nyugodt h\u00e9tf\u0151 este le\u00fclsz a laptop el\u00e9 egy cs\u00e9sze te\u00e1val, \u00e9s nem a sz\u00e1ml\u00e1k miatt szorul \u00f6ssze a gyomrod, hanem v\u00e9gre azt \u00e9rzed: \u00e1tl\u00e1tod, milyen lehet\u0151s\u00e9geid vannak, \u00e9s hogyan haszn\u00e1lhatod ki \u0151ket. Pont ezt k\u00edn\u00e1lja neked Gy\u00f6rfy Ruben webin\u00e1rja.<\/span><\/p><p><span style=\"font-weight: 400; font-size: 19px;\">Ruben nem fog jogi paragrafusokkal vagy bonyolult t\u00e1bl\u00e1zatokkal untatni. Az \u0151 er\u0151ss\u00e9ge, hogy k\u00f6z\u00e9rthet\u0151en, p\u00e9ld\u00e1kkal mutatja meg, hogyan \u00e9rv\u00e9nyes\u00edtheted a 2025-\u00f6s ad\u00f3kedvezm\u00e9nyeket, mentess\u00e9geket \u00e9s juttat\u00e1sokat. \u00c9s ez nem elm\u00e9let \u2013 ez az a tud\u00e1s, amivel \u00e9vi t\u00f6bb sz\u00e1zezer forintot tarthatsz meg a csal\u00e1dodnak. Gondolj bele: mennyi mindent lehet ebb\u0151l fedezni \u2013 egy ny\u00e1ri t\u00e1bor a gyereknek, egy kisebb csal\u00e1di nyaral\u00e1s, vagy \u00e9pp f\u00e9lretett p\u00e9nz a j\u00f6v\u0151 nagy c\u00e9ljaira.<\/span><\/p><p><span style=\"font-weight: 400; font-size: 19px;\">Ez a webin\u00e1r az\u00e9rt is k\u00fcl\u00f6nleges, mert egyszerre k\u00f6nnyed \u00e9s komoly: Ruben st\u00edlusa bar\u00e1ts\u00e1gos \u00e9s k\u00f6zvetlen, m\u00e9gis \u00e9rz\u0151dik rajta, hogy profi p\u00e9nz\u00fcgyi mentor. Hisz abban, hogy a p\u00e9nz nem ellens\u00e9g, hanem eszk\u00f6z a szabadabb, biztons\u00e1gosabb \u00e9lethez. \u00c9s ezt a szeml\u00e9letet tudja \u00e1tadni neked is, \u00e9rthet\u0151en \u00e9s gyakorlatiasan.<\/span><\/p><p><span style=\"font-size: 19px;\"><b>Id\u0151pont:<\/b><span style=\"font-weight: 400;\"> 2025. szeptember 29. (h\u00e9tf\u0151) 19:00<\/span><span style=\"font-weight: 400;\"><br \/><\/span><b>Helysz\u00edn:<\/b><span style=\"font-weight: 400;\"> Online \u2013 ingyenes, regisztr\u00e1ci\u00f3 ut\u00e1n k\u00fcldj\u00fck a linket e-mailben.<\/span><\/span><\/p><p><span style=\"font-weight: 400; font-size: 19px;\">Ha eddig halogattad, hogy rendet tegy\u00e9l a p\u00e9nz\u00fcgyeidben, akkor ez a legjobb alkalom. Nem kell egyed\u00fcl bogar\u00e1sznod a t\u00f6rv\u00e9nyeket, nem kell a bar\u00e1tn\u0151dt\u0151l vagy a Facebook-csoportb\u00f3l f\u00e9linform\u00e1ci\u00f3kat \u00f6sszeszedegetned \u2013 itt els\u0151 k\u00e9zb\u0151l, hitelesen kapod meg a l\u00e9nyeget.<\/span><\/p><p><span style=\"font-size: 19px;\"><span style=\"font-weight: 400;\"><img decoding=\"async\" class=\"emoji\" role=\"img\" draggable=\"false\" src=\"https:\/\/s.w.org\/images\/core\/emoji\/16.0.1\/svg\/1f449.svg\" alt=\"\ud83d\udc49\" \/><\/span><a href=\"https:\/\/noivezetok.eu\/csaladi-adokedvezmenyek-es-mentessegek\/\"> <span style=\"font-weight: 400;\">Kattints ide, \u00e9s regisztr\u00e1lj most Ruben webin\u00e1rj\u00e1ra<\/span><\/a><span style=\"font-weight: 400;\">, hogy biztos\u00edtsd a helyed, \u00e9s kihaszn\u00e1ld a lehet\u0151s\u00e9geket, amik t\u00e9ged is megilletnek!<\/span><\/span><\/p>\t\t\t\t\t\t\t\t<\/div>\n\t\t\t\t<\/div>\n\t\t<div class=\"elementor-element elementor-element-8eb7f5a e-con-full e-flex e-con e-child\" data-id=\"8eb7f5a\" data-element_type=\"container\" data-e-type=\"container\">\n\t\t<div class=\"elementor-element elementor-element-a83eb56 e-grid e-con-full e-con e-child\" data-id=\"a83eb56\" data-element_type=\"container\" data-e-type=\"container\">\n\t\t\t\t<div class=\"elementor-element elementor-element-8504348 elementor-widget elementor-widget-global elementor-global-7730 elementor-widget-text-editor\" data-id=\"8504348\" data-element_type=\"widget\" data-e-type=\"widget\" data-widget_type=\"text-editor.default\">\n\t\t\t\t<div class=\"elementor-widget-container\">\n\t\t\t\t\t\t\t\t\t<p><span style=\"font-size: 25px;\"><strong>Be That Woman\u00ae!\u00a0<\/strong><\/span><\/p><p>Csatlakozz a <b data-path-to-node=\"11,0\" data-index-in-node=\"13\">N\u0151i Vezet\u0151k\u00ae<\/b> k\u00f6z\u00f6ss\u00e9g\u00e9hez, \u00e9s kapd meg els\u0151k\u00e9nt a leg\u00fajabb <b data-path-to-node=\"11,0\" data-index-in-node=\"72\">Be That Woman\u00ae<\/b> tippeket, exkluz\u00edv aj\u00e1nlatokat \u00e9s vezet\u0151i inspir\u00e1ci\u00f3kat k\u00f6zvetlen\u00fcl a postal\u00e1d\u00e1dba.<\/p>\t\t\t\t\t\t\t\t<\/div>\n\t\t\t\t<\/div>\n\t\t\t\t<div class=\"elementor-element elementor-element-83731ca elementor-button-align-stretch elementor-widget elementor-widget-global elementor-global-7727 elementor-widget-form\" data-id=\"83731ca\" data-element_type=\"widget\" data-e-type=\"widget\" data-settings=\"{&quot;step_next_label&quot;:&quot;K\\u00f6vetkez\\u0151&quot;,&quot;step_previous_label&quot;:&quot;El\\u0151z\\u0151&quot;,&quot;button_width&quot;:&quot;100&quot;,&quot;step_type&quot;:&quot;number_text&quot;,&quot;step_icon_shape&quot;:&quot;circle&quot;}\" data-widget_type=\"form.default\">\n\t\t\t\t<div class=\"elementor-widget-container\">\n\t\t\t\t\t\t\t<form class=\"elementor-form\" method=\"post\" name=\"\u00daj \u0171rlap\" aria-label=\"\u00daj \u0171rlap\">\n\t\t\t<input type=\"hidden\" name=\"post_id\" value=\"5406\"\/>\n\t\t\t<input type=\"hidden\" name=\"form_id\" value=\"83731ca\"\/>\n\t\t\t<input type=\"hidden\" name=\"referer_title\" value=\"\" \/>\n\n\t\t\t\n\t\t\t<div class=\"elementor-form-fields-wrapper elementor-labels-\">\n\t\t\t\t\t\t\t\t<div class=\"elementor-field-type-text elementor-field-group elementor-column elementor-field-group-name elementor-col-100\">\n\t\t\t\t\t\t\t\t\t\t\t\t<label for=\"form-field-name\" class=\"elementor-field-label elementor-screen-only\">\n\t\t\t\t\t\t\t\tN\u00e9v\t\t\t\t\t\t\t<\/label>\n\t\t\t\t\t\t\t\t\t\t\t\t\t\t<input size=\"1\" type=\"text\" name=\"form_fields[name]\" id=\"form-field-name\" class=\"elementor-field elementor-size-sm  elementor-field-textual\" placeholder=\"N\u00e9v\">\n\t\t\t\t\t\t\t\t\t\t\t<\/div>\n\t\t\t\t\t\t\t\t<div class=\"elementor-field-type-email elementor-field-group elementor-column elementor-field-group-email elementor-col-100 elementor-field-required\">\n\t\t\t\t\t\t\t\t\t\t\t\t<label for=\"form-field-email\" class=\"elementor-field-label elementor-screen-only\">\n\t\t\t\t\t\t\t\tEmail\t\t\t\t\t\t\t<\/label>\n\t\t\t\t\t\t\t\t\t\t\t\t\t\t<input size=\"1\" type=\"email\" name=\"form_fields[email]\" id=\"form-field-email\" class=\"elementor-field elementor-size-sm  elementor-field-textual\" placeholder=\"Email\" required=\"required\">\n\t\t\t\t\t\t\t\t\t\t\t<\/div>\n\t\t\t\t\t\t\t\t<div class=\"elementor-field-group elementor-column elementor-field-type-submit elementor-col-100 e-form__buttons\">\n\t\t\t\t\t<button class=\"elementor-button elementor-size-sm\" type=\"submit\">\n\t\t\t\t\t\t<span class=\"elementor-button-content-wrapper\">\n\t\t\t\t\t\t\t\t\t\t\t\t\t\t\t\t\t\t\t\t\t\t<span class=\"elementor-button-text\">Csatlakozom<\/span>\n\t\t\t\t\t\t\t\t\t\t\t\t\t<\/span>\n\t\t\t\t\t<\/button>\n\t\t\t\t<\/div>\n\t\t\t<\/div>\n\t\t<\/form>\n\t\t\t\t\t\t<\/div>\n\t\t\t\t<\/div>\n\t\t\t\t<\/div>\n\t\t\t\t<\/div>\n\t\t\t\t<div class=\"elementor-element elementor-element-3f93204 elementor-widget elementor-widget-heading\" data-id=\"3f93204\" data-element_type=\"widget\" data-e-type=\"widget\" data-widget_type=\"heading.default\">\n\t\t\t\t<div class=\"elementor-widget-container\">\n\t\t\t\t\t<h2 class=\"elementor-heading-title elementor-size-default\">Ne hagyd, hogy a tudatlans\u00e1g p\u00e9nzbe ker\u00fclj\u00f6n\n<\/h2>\t\t\t\t<\/div>\n\t\t\t\t<\/div>\n\t\t\t\t<div class=\"elementor-element elementor-element-47ca5b9 elementor-widget elementor-widget-text-editor\" data-id=\"47ca5b9\" data-element_type=\"widget\" data-e-type=\"widget\" data-widget_type=\"text-editor.default\">\n\t\t\t\t<div class=\"elementor-widget-container\">\n\t\t\t\t\t\t\t\t\t<p><span style=\"font-weight: 400; font-size: 19px;\">Ha egy dolgot \u00e9rdemes hazavinni ebb\u0151l a cikkb\u0151l, az az, hogy a p\u00e9nz\u00fcgyi tudatoss\u00e1g nem extra luxus, hanem t\u00fal\u00e9l\u00e9si eszk\u00f6z. Magyarorsz\u00e1gon sajnos m\u00e9g mindig gyerekcip\u0151ben j\u00e1runk ezen a t\u00e9ren: az iskol\u00e1kban nem tan\u00edtj\u00e1k, a csal\u00e1dokban sokszor hi\u00e1nyzik a minta, \u00e9s a t\u00e1rsadalmi elv\u00e1r\u00e1sok sem \u00f6szt\u00f6n\u00f6znek arra, hogy a n\u0151k magabiztosan kezelj\u00e9k a p\u00e9nz\u00fcgyeiket. Pedig az \u00e9let\u00fcnk minden ter\u00fclet\u00e9n hat\u00e1ssal van r\u00e1nk, mennyire tudatosan b\u00e1nunk a p\u00e9nzzel: a gyerek j\u00f6v\u0151j\u00e9t\u0151l a nyugd\u00edjunkig.<\/span><\/p><p><span style=\"font-weight: 400; font-size: 19px;\">A k\u00fclf\u00f6ldi p\u00e9ld\u00e1k azt mutatj\u00e1k, hogy m\u00e1sk\u00e9pp is lehet. Skandin\u00e1vi\u00e1ban, \u00c9szak-Amerik\u00e1ban vagy \u00c1zsi\u00e1ban term\u00e9szetes r\u00e9sze a tanul\u00e1snak a p\u00e9nz\u00fcgyi nevel\u00e9s. N\u00e1luk a gyerekek m\u00e1r kiskorban megtanulj\u00e1k, hogy a p\u00e9nz nem csak k\u00f6lt\u00e9sre val\u00f3, hanem tervez\u00e9sre, biztons\u00e1gra \u00e9s szabads\u00e1gra is. \u00c9s ha \u0151k meg tudj\u00e1k tan\u00edtani a k\u00f6vetkez\u0151 gener\u00e1ci\u00f3t erre, akkor mi, feln\u0151ttk\u00e9nt is k\u00e9pesek vagyunk r\u00e1 \u2013 csak el kell kezden\u00fcnk.<\/span><\/p><p><span style=\"font-weight: 400; font-size: 19px;\">Nek\u00fcnk, n\u0151knek k\u00fcl\u00f6n\u00f6sen fontos, hogy ezt komolyan vegy\u00fck. Hosszabb \u00e9let, kisebb fizet\u00e9s, alacsonyabb nyugd\u00edj \u2013 ezek egy\u00fctt azt jelentik, hogy ha nem l\u00e9p\u00fcnk id\u0151ben, sokkal s\u00e9r\u00fcl\u00e9kenyebb marad a p\u00e9nz\u00fcgyi biztons\u00e1gunk. De ha tudatosan haszn\u00e1ljuk ki a lehet\u0151s\u00e9geket \u2013 ak\u00e1r ad\u00f3kedvezm\u00e9nyeket, ak\u00e1r megtakar\u00edt\u00e1si form\u00e1kat \u2013, akkor nemcsak a saj\u00e1t j\u00f6v\u0151nket, hanem a csal\u00e1dunk\u00e9t is stabilabb\u00e1 tehetj\u00fck.<\/span><\/p><p><span style=\"font-weight: 400; font-size: 19px;\">\u00c9s itt j\u00f6n k\u00e9pbe a k\u00f6z\u00f6ss\u00e9g \u00e9s a tud\u00e1s. Nem kell egyed\u00fcl v\u00e9gigbogar\u00e1sznod a jogszab\u00e1lyokat vagy a p\u00e9nz\u00fcgyi szakk\u00f6nyveket: el\u00e9g, ha olyan hiteles forr\u00e1sokat keresel, amelyek \u00e9rthet\u0151en, gyakorlatiasan adj\u00e1k \u00e1t a l\u00e9nyeget. Gy\u00f6rfy Ruben webin\u00e1rja pontosan ezt k\u00edn\u00e1lja: k\u00f6nnyed, bar\u00e1ti hangon elmagyar\u00e1zza, hogyan tudsz a 2025-\u00f6s v\u00e1ltoz\u00e1sokb\u00f3l val\u00f3di el\u0151nyt kov\u00e1csolni.<\/span><\/p><p><span style=\"font-weight: 400; font-size: 19px;\">A p\u00e9nz\u00fcgyi tudatoss\u00e1g nem arr\u00f3l sz\u00f3l, hogy milliomos leszel-e, hanem arr\u00f3l, hogy ne szorong\u00e1ssal, hanem biztons\u00e1ggal n\u00e9zz a j\u00f6v\u0151 fel\u00e9. \u00c9s ha van eszk\u00f6z a kezedben \u2013 mi\u00e9rt ne haszn\u00e1ln\u00e1d ki?<\/span><\/p>\t\t\t\t\t\t\t\t<\/div>\n\t\t\t\t<\/div>\n\t\t\t\t\t<\/div>\n\t\t\t\t<\/div>\n\t\t\t\t<\/div>\n\t\t","protected":false},"excerpt":{"rendered":"<p>Ha k\u00f6rben\u00e9z\u00fcnk magunk k\u00f6r\u00fcl, hamar kider\u00fcl: a p\u00e9nz k\u00e9rd\u00e9se, a p\u00e9nz\u00fcgyi tudatoss\u00e1g az egyik legnagyobb tabut\u00e9ma Magyarorsz\u00e1gon. Sokan vagy t\u00fals\u00e1gosan r\u00e1g\u00f6rcs\u00f6lnek \u2013 \u00e1lland\u00f3an a sz\u00e1ml\u00e1kon \u00e9s a kiad\u00e1sokon kattognak \u2013, vagy \u00e9pp teljesen elengedik a t\u00e9m\u00e1t, mondv\u00e1n, \u201evalahogy majd csak lesz\u201d. Ez a kett\u0151ss\u00e9g k\u00fcl\u00f6n\u00f6sen er\u0151sen jelenik meg a n\u0151k \u00e9let\u00e9ben: egyszerre pr\u00f3b\u00e1ljuk k\u00e9zben tartani [&hellip;]<\/p>\n","protected":false},"author":5,"featured_media":5412,"comment_status":"open","ping_status":"open","sticky":false,"template":"","format":"standard","meta":{"rank_math_focus_keyword":"p\u00e9nz\u00fcgyi tudatoss\u00e1g,n\u0151k,k\u00f6lts\u00e9gvet\u00e9s,p\u00e9nz\u00fcgyi oktat\u00e1s,tudatoss\u00e1g","rank_math_title":"P\u00e9nz\u00fcgyi tudatoss\u00e1g 2025 mi\u00e9rt maradunk le, mit tanulhatunk?","rank_math_description":"Mi\u00e9rt maradunk le p\u00e9nz\u00fcgyi tudatoss\u00e1gban, \u00e9s mit tanulhatnak a n\u0151k a k\u00fclf\u00f6ldi p\u00e9ld\u00e1kb\u00f3l is? Gyakorlati tippek + ingyenes webin\u00e1r.","footnotes":""},"categories":[102,117,118],"tags":[63,55,57],"class_list":["post-5406","post","type-post","status-publish","format-standard","has-post-thumbnail","hentry","category-inspiracio","category-motivacio","category-onfejlesztes","tag-motivacio","tag-noi-vezetok","tag-tudatossag"],"_links":{"self":[{"href":"https:\/\/noivezetok.eu\/en_en\/wp-json\/wp\/v2\/posts\/5406","targetHints":{"allow":["GET"]}}],"collection":[{"href":"https:\/\/noivezetok.eu\/en_en\/wp-json\/wp\/v2\/posts"}],"about":[{"href":"https:\/\/noivezetok.eu\/en_en\/wp-json\/wp\/v2\/types\/post"}],"author":[{"embeddable":true,"href":"https:\/\/noivezetok.eu\/en_en\/wp-json\/wp\/v2\/users\/5"}],"replies":[{"embeddable":true,"href":"https:\/\/noivezetok.eu\/en_en\/wp-json\/wp\/v2\/comments?post=5406"}],"version-history":[{"count":40,"href":"https:\/\/noivezetok.eu\/en_en\/wp-json\/wp\/v2\/posts\/5406\/revisions"}],"predecessor-version":[{"id":7920,"href":"https:\/\/noivezetok.eu\/en_en\/wp-json\/wp\/v2\/posts\/5406\/revisions\/7920"}],"wp:featuredmedia":[{"embeddable":true,"href":"https:\/\/noivezetok.eu\/en_en\/wp-json\/wp\/v2\/media\/5412"}],"wp:attachment":[{"href":"https:\/\/noivezetok.eu\/en_en\/wp-json\/wp\/v2\/media?parent=5406"}],"wp:term":[{"taxonomy":"category","embeddable":true,"href":"https:\/\/noivezetok.eu\/en_en\/wp-json\/wp\/v2\/categories?post=5406"},{"taxonomy":"post_tag","embeddable":true,"href":"https:\/\/noivezetok.eu\/en_en\/wp-json\/wp\/v2\/tags?post=5406"}],"curies":[{"name":"wp","href":"https:\/\/api.w.org\/{rel}","templated":true}]}}