{"id":4292,"date":"2025-07-12T11:20:36","date_gmt":"2025-07-12T11:20:36","guid":{"rendered":"https:\/\/noivezetok.eu\/?p=4292"},"modified":"2025-08-16T15:06:51","modified_gmt":"2025-08-16T15:06:51","slug":"nyari-ujratervezes-noi-vallalkozoknak-sablonnal","status":"publish","type":"post","link":"https:\/\/noivezetok.eu\/en_en\/nyari-ujratervezes-noi-vallalkozoknak-sablonnal\/","title":{"rendered":"Ny\u00e1r, csend, \u00fajratervez\u00e9s \u2013 \u00cdgy lesz a pihen\u00e9sb\u0151l lend\u00fclet N\u0151i Vezet\u0151k\u00e9nt"},"content":{"rendered":"<div data-elementor-type=\"wp-post\" data-elementor-id=\"4292\" class=\"elementor elementor-4292\" data-elementor-post-type=\"post\">\n\t\t\t\t<div class=\"elementor-element elementor-element-6c4c11a e-flex e-con-boxed e-con e-parent\" data-id=\"6c4c11a\" data-element_type=\"container\" data-e-type=\"container\">\n\t\t\t\t\t<div class=\"e-con-inner\">\n\t\t\t\t<div class=\"elementor-element elementor-element-1706995 elementor-widget elementor-widget-heading\" data-id=\"1706995\" data-element_type=\"widget\" data-e-type=\"widget\" data-widget_type=\"heading.default\">\n\t\t\t\t<div class=\"elementor-widget-container\">\n\t\t\t\t\t<h2 class=\"elementor-heading-title elementor-size-default\">Nyaral\u00e1s \u2260 Le\u00e1ll\u00e1s? Na persze!<\/h2>\t\t\t\t<\/div>\n\t\t\t\t<\/div>\n\t\t\t\t<div class=\"elementor-element elementor-element-b413983 elementor-widget elementor-widget-text-editor\" data-id=\"b413983\" data-element_type=\"widget\" data-e-type=\"widget\" data-widget_type=\"text-editor.default\">\n\t\t\t\t<div class=\"elementor-widget-container\">\n\t\t\t\t\t\t\t\t\t<p><span style=\"font-weight: 400; font-size: 18px;\">Ha n\u0151i v\u00e1llalkoz\u00f3 vagy, pontosan tudod: a ny\u00e1r nem le\u00e1ll\u00e1s, csup\u00e1n egy m\u00e1sfajta \u00fczemm\u00f3d. Az eleji hajt\u00e1s ut\u00e1n sokan azt v\u00e1rj\u00e1k, hogy v\u00e9gre pihenhetnek, de ez nem mindig ilyen egyszer\u0171. VA-k\u00e9nt, \u00f6t gyerek mellett pontosan tudom, milyen az, amikor egyszerre pr\u00f3b\u00e1lsz nyaral\u00e1st szervezni, munk\u00e1t id\u0151z\u00edteni, gyerekprogramot logisztik\u00e1zni, \u00e9s k\u00f6zben azt is kital\u00e1lni, hogyan ne \u0151r\u00fclj bele abba, hogy mindenki egyszerre akar mindent. Az \u00e9let nem \u00e1ll meg \u2013 csak m\u00e1shogy zajlik, \u00e9s ez a kulcs, az \u00fajratervez\u00e9s.<\/span><\/p><p><span style=\"font-weight: 400; font-size: 18px;\">A ny\u00e1r nem passz\u00edv v\u00e1rakoz\u00e1s, hanem akt\u00edv \u00fajraszervez\u00e9s \u2013 minden n\u0151i vezet\u0151 fej\u00e9ben ez a kett\u0151s \u00fczemm\u00f3d fut. A h\u00e1tt\u00e9rben zajl\u00f3 menedzsment legal\u00e1bb olyan energiaig\u00e9nyes, mint b\u00e1rmely kamp\u00e1nytervez\u00e9s. Ilyenkor nemcsak a feladatokat kell \u00e1trendezni, hanem az \u00e9rzelmi \u00e1llapotokat is: hogyan maradj jelen, mik\u00f6zben a gondolataid a j\u00f6v\u0151n j\u00e1rnak? A rugalmass\u00e1g itt nem gyenges\u00e9g, hanem vezet\u0151i er\u0151forr\u00e1s. Az sem baj, ha n\u00e9ha elf\u00e1radsz \u2013 a vezet\u00e9s nem a kifogyhatatlan lend\u00fclettel egyenl\u0151, hanem azzal, hogy tudod, mikor kell \u00faj energi\u00e1t keresni. A ny\u00e1r nem menek\u00fcl\u00e9s, hanem az \u00e1talakul\u00e1s lehet\u0151s\u00e9ge.<\/span><\/p>\t\t\t\t\t\t\t\t<\/div>\n\t\t\t\t<\/div>\n\t\t\t\t<div class=\"elementor-element elementor-element-4f95157 elementor-widget elementor-widget-image\" data-id=\"4f95157\" data-element_type=\"widget\" data-e-type=\"widget\" data-widget_type=\"image.default\">\n\t\t\t\t<div class=\"elementor-widget-container\">\n\t\t\t\t\t\t\t\t\t\t\t\t\t\t\t<img fetchpriority=\"high\" decoding=\"async\" width=\"800\" height=\"320\" src=\"https:\/\/noivezetok.eu\/wp-content\/uploads\/2025\/07\/Az-sem-baj-ha-neha-elfaradsz-\u2013-a-vezetes-nem-a-kifogyhatatlan-lendulettel-egyenlo.png\" class=\"attachment-large size-large wp-image-4297\" alt=\"Az sem baj, ha n\u00e9ha elf\u00e1radsz \u2013 a vezet\u00e9s nem a kifogyhatatlan lend\u00fclettel egyenl\u0151\" srcset=\"https:\/\/noivezetok.eu\/wp-content\/uploads\/2025\/07\/Az-sem-baj-ha-neha-elfaradsz-\u2013-a-vezetes-nem-a-kifogyhatatlan-lendulettel-egyenlo.png 1000w, https:\/\/noivezetok.eu\/wp-content\/uploads\/2025\/07\/Az-sem-baj-ha-neha-elfaradsz-\u2013-a-vezetes-nem-a-kifogyhatatlan-lendulettel-egyenlo-300x120.png 300w, https:\/\/noivezetok.eu\/wp-content\/uploads\/2025\/07\/Az-sem-baj-ha-neha-elfaradsz-\u2013-a-vezetes-nem-a-kifogyhatatlan-lendulettel-egyenlo-768x307.png 768w, https:\/\/noivezetok.eu\/wp-content\/uploads\/2025\/07\/Az-sem-baj-ha-neha-elfaradsz-\u2013-a-vezetes-nem-a-kifogyhatatlan-lendulettel-egyenlo-18x7.png 18w, https:\/\/noivezetok.eu\/wp-content\/uploads\/2025\/07\/Az-sem-baj-ha-neha-elfaradsz-\u2013-a-vezetes-nem-a-kifogyhatatlan-lendulettel-egyenlo-600x240.png 600w\" sizes=\"(max-width: 800px) 100vw, 800px\" \/>\t\t\t\t\t\t\t\t\t\t\t\t\t\t\t<\/div>\n\t\t\t\t<\/div>\n\t\t\t\t<div class=\"elementor-element elementor-element-fed2c0e elementor-widget elementor-widget-heading\" data-id=\"fed2c0e\" data-element_type=\"widget\" data-e-type=\"widget\" data-widget_type=\"heading.default\">\n\t\t\t\t<div class=\"elementor-widget-container\">\n\t\t\t\t\t<h2 class=\"elementor-heading-title elementor-size-default\">Ny\u00e1ri agytuning \u2013 Tudatos felt\u00f6lt\u0151d\u00e9s napf\u00e9nyben<\/h2>\t\t\t\t<\/div>\n\t\t\t\t<\/div>\n\t\t\t\t<div class=\"elementor-element elementor-element-68ece6e elementor-widget elementor-widget-text-editor\" data-id=\"68ece6e\" data-element_type=\"widget\" data-e-type=\"widget\" data-widget_type=\"text-editor.default\">\n\t\t\t\t<div class=\"elementor-widget-container\">\n\t\t\t\t\t\t\t\t\t<p><span style=\"font-weight: 400; font-size: 18px;\">Az agytuning nem azt jelenti, hogy minden ny\u00e1ri percet be kell t\u00e1bl\u00e1znod tanul\u00e1ssal vagy \u00f6nfejleszt\u00e9ssel. Sokkal ink\u00e1bb arr\u00f3l van sz\u00f3, hogy teret adsz azoknak a dolgoknak, amelyekre m\u00e1skor nem jut id\u0151 vagy figyelem. Lehet ez egy inspir\u00e1l\u00f3 besz\u00e9lget\u00e9s, egy podcast, amit m\u00e1r h\u00f3napok \u00f3ta a list\u00e1don tartasz, vagy egy blog, amit v\u00e9gre van id\u0151d v\u00e9gigolvasni a reggeli k\u00e1v\u00e9 mellett.<\/span><\/p><p><span style=\"font-weight: 400; font-size: 18px;\">Amikor lelass\u00edtasz, az elm\u00e9d olyan dolgokat is \u00e9szrevesz, amik felett a rohan\u00e1sban elsiklott\u00e1l. A kreat\u00edv szikra gyakran akkor gyullad ki, amikor v\u00e9gre nem v\u00e1rjuk, hogy meg\u00e9rkezzen. Adj id\u0151t magadnak \u2013 ez nem luxus, hanem befektet\u00e9s. A ny\u00e1ri felt\u00f6lt\u0151d\u00e9s lehet c\u00e9lzott \u00e9s szel\u00edd egyszerre: nem az inform\u00e1ci\u00f3 mennyis\u00e9ge, hanem a min\u0151s\u00e9ge sz\u00e1m\u00edt. Engedd meg magadnak, hogy csak a k\u00edv\u00e1ncsis\u00e1g vezessen \u2013 \u00edgy sz\u00fcletnek az \u201eaha-pillanatok\u201d. Az agyad is meg\u00e9rdemli a naps\u00fct\u00e9st.<\/span><\/p><p><span style=\"font-weight: 400; font-size: 18px;\">Ha Te is sz\u00edvesen tanuln\u00e1l \u201enem tanul\u00e1sk\u00e9nt\u201d, \u00edme n\u00e9h\u00e1ny \u00f6tletem:<\/span><\/p><table><tbody><tr><td><p><span style=\"font-size: 18px;\"><b>Id\u0151keret<\/b><\/span><\/p><\/td><td><p><span style=\"font-size: 18px;\"><b>Tev\u00e9kenys\u00e9g<\/b><\/span><\/p><\/td><\/tr><tr><td><p><span style=\"font-weight: 400; font-size: 18px;\">10 perc alatt<\/span><\/p><\/td><td><p><span style=\"font-weight: 400; font-size: 18px;\">Hallgass meg egy inspir\u00e1l\u00f3 n\u0151i podcastet\u00a0<\/span><\/p><\/td><\/tr><tr><td><p><span style=\"font-weight: 400; font-size: 18px;\">30 perc alatt<\/span><\/p><\/td><td><p><span style=\"font-weight: 400; font-size: 18px;\">Kezdj bele az ingyenes ChatGPT mini-kurzusba<\/span><\/p><\/td><\/tr><tr><td><p><span style=\"font-weight: 400; font-size: 18px;\">1 \u00f3ra alatt<\/span><\/p><\/td><td><p><span style=\"font-weight: 400; font-size: 18px;\">V\u00e1laszolj egy napl\u00f3k\u00e9rd\u00e9sre, amit h\u00f3napok \u00f3ta ker\u00fclgetsz<\/span><\/p><\/td><\/tr><\/tbody><\/table><p>\u00a0<\/p><p><img decoding=\"async\" class=\"aligncenter\" src=\"https:\/\/noivezetok.eu\/wp-content\/uploads\/2025\/03\/none.gif\" \/><\/p>\t\t\t\t\t\t\t\t<\/div>\n\t\t\t\t<\/div>\n\t\t\t\t<div class=\"elementor-element elementor-element-09d63e6 elementor-widget elementor-widget-heading\" data-id=\"09d63e6\" data-element_type=\"widget\" data-e-type=\"widget\" data-widget_type=\"heading.default\">\n\t\t\t\t<div class=\"elementor-widget-container\">\n\t\t\t\t\t<h2 class=\"elementor-heading-title elementor-size-default\">Mit \u00e9rdemes \u00fajratervezni a ny\u00e1r k\u00f6zep\u00e9n?<\/h2>\t\t\t\t<\/div>\n\t\t\t\t<\/div>\n\t\t\t\t<div class=\"elementor-element elementor-element-5828711 elementor-widget elementor-widget-text-editor\" data-id=\"5828711\" data-element_type=\"widget\" data-e-type=\"widget\" data-widget_type=\"text-editor.default\">\n\t\t\t\t<div class=\"elementor-widget-container\">\n\t\t\t\t\t\t\t\t\t<p><span style=\"font-weight: 400; font-size: 18px;\">A ny\u00e1r nemcsak pihen\u00e9sre, hanem tiszt\u00e1nl\u00e1t\u00e1sra is alkalmas. A hajt\u00e1s k\u00f6zepette ritk\u00e1n l\u00e1tjuk tiszt\u00e1n, mi m\u0171k\u00f6dik j\u00f3l \u00e9s mi nem. A csendesebb napokban van id\u0151nk \u00e9s ter\u00fcnk reflekt\u00e1lni. Ez lehet\u0151s\u00e9get ad arra, hogy feltegy\u00fck magunknak a nagy k\u00e9rd\u00e9seket: \u201eEz m\u00e9g engem szolg\u00e1l?\u201d \u201eVal\u00f3ban az\u00e9rt csin\u00e1lom, mert fontos, vagy csak megszoktam?\u201d<\/span><\/p><p><span style=\"font-weight: 400; font-size: 18px;\">Az \u00fajratervez\u00e9s nem gyenges\u00e9g, hanem b\u00e1tors\u00e1g. Elengedni azt, ami m\u00e1r nem \u00e9p\u00edt \u2013 vezet\u0151i d\u00f6nt\u00e9s. Ilyenkor tudunk \u00faj c\u00e9lokat megfogalmazni, vagy ak\u00e1r visszat\u00e9rni a r\u00e9gi v\u00e1gyainkhoz, amelyekr\u0151l m\u00e1r majdnem lemondtunk. A ny\u00e1r egy bels\u0151 t\u00fck\u00f6r is lehet: mit \u00fczen neked az id\u0151j\u00e1r\u00e1s, a csend, a szabads\u00e1g? Haszn\u00e1ld ki, hogy most nem futsz a k\u00f6vetkez\u0151 feladat ut\u00e1n \u2013 hanem meg\u00e1llsz \u00e9s visszan\u00e9zel. \u00c9s igen: a tiszt\u00e1nl\u00e1t\u00e1s is produkt\u00edv.<\/span><\/p>\t\t\t\t\t\t\t\t<\/div>\n\t\t\t\t<\/div>\n\t\t\t\t<div class=\"elementor-element elementor-element-a2e1a1f elementor-widget elementor-widget-image\" data-id=\"a2e1a1f\" data-element_type=\"widget\" data-e-type=\"widget\" data-widget_type=\"image.default\">\n\t\t\t\t<div class=\"elementor-widget-container\">\n\t\t\t\t\t\t\t\t\t\t\t\t\t\t\t<img decoding=\"async\" width=\"800\" height=\"320\" src=\"https:\/\/noivezetok.eu\/wp-content\/uploads\/2025\/07\/Az-ujratervezes-nem-gyengeseg-hanem-batorsag.-Elengedni-azt-ami-mar-nem-epit-\u2013-vezetoi-dontes.png\" class=\"attachment-large size-large wp-image-4296\" alt=\"Az \u00fajratervez\u00e9s nem gyenges\u00e9g, hanem b\u00e1tors\u00e1g. Elengedni azt, ami m\u00e1r nem \u00e9p\u00edt \u2013 vezet\u0151i d\u00f6nt\u00e9s.\" srcset=\"https:\/\/noivezetok.eu\/wp-content\/uploads\/2025\/07\/Az-ujratervezes-nem-gyengeseg-hanem-batorsag.-Elengedni-azt-ami-mar-nem-epit-\u2013-vezetoi-dontes.png 1000w, https:\/\/noivezetok.eu\/wp-content\/uploads\/2025\/07\/Az-ujratervezes-nem-gyengeseg-hanem-batorsag.-Elengedni-azt-ami-mar-nem-epit-\u2013-vezetoi-dontes-300x120.png 300w, https:\/\/noivezetok.eu\/wp-content\/uploads\/2025\/07\/Az-ujratervezes-nem-gyengeseg-hanem-batorsag.-Elengedni-azt-ami-mar-nem-epit-\u2013-vezetoi-dontes-768x307.png 768w, https:\/\/noivezetok.eu\/wp-content\/uploads\/2025\/07\/Az-ujratervezes-nem-gyengeseg-hanem-batorsag.-Elengedni-azt-ami-mar-nem-epit-\u2013-vezetoi-dontes-18x7.png 18w, https:\/\/noivezetok.eu\/wp-content\/uploads\/2025\/07\/Az-ujratervezes-nem-gyengeseg-hanem-batorsag.-Elengedni-azt-ami-mar-nem-epit-\u2013-vezetoi-dontes-600x240.png 600w\" sizes=\"(max-width: 800px) 100vw, 800px\" \/>\t\t\t\t\t\t\t\t\t\t\t\t\t\t\t<\/div>\n\t\t\t\t<\/div>\n\t\t\t\t<div class=\"elementor-element elementor-element-3fa28b1 elementor-widget elementor-widget-heading\" data-id=\"3fa28b1\" data-element_type=\"widget\" data-e-type=\"widget\" data-widget_type=\"heading.default\">\n\t\t\t\t<div class=\"elementor-widget-container\">\n\t\t\t\t\t<h2 class=\"elementor-heading-title elementor-size-default\">F\u00e9lid\u0151s \u00fajratervez\u00e9s \u2013 Let\u00f6lthet\u0151 sablon n\u0151i vezet\u0151knek\n<\/h2>\t\t\t\t<\/div>\n\t\t\t\t<\/div>\n\t\t\t\t<div class=\"elementor-element elementor-element-6700a49 elementor-widget elementor-widget-text-editor\" data-id=\"6700a49\" data-element_type=\"widget\" data-e-type=\"widget\" data-widget_type=\"text-editor.default\">\n\t\t\t\t<div class=\"elementor-widget-container\">\n\t\t\t\t\t\t\t\t\t<p><span style=\"font-weight: 400; font-size: 18px;\">Szeretek pap\u00edrra \u00edrni. Vagy digit\u00e1lis napl\u00f3ba. Mindegy, csak legyen valami, ami visszacsatol\u00e1st ad a gondolataimr\u00f3l. A \u201e<a href=\"https:\/\/drive.google.com\/file\/d\/1f3xBTwkNweOcM8-oyN0Ut8Zpu-EvFFfg\/view?usp=drive_link\" target=\"_blank\" rel=\"noopener\">F\u00e9lid\u0151s \u00dajratervez\u00e9s<\/a>\u201d sablont ilyen visszajelz\u00e9snek sz\u00e1ntam. Nem kell t\u00f6k\u00e9letesen kit\u00f6lteni. Nem coaching napl\u00f3. Csak egy pici \u00f6nismereti kapaszkod\u00f3.<\/span><\/p><p><span style=\"font-weight: 400; font-size: 18px;\">Ez az eszk\u00f6z nem kontroll, hanem k\u00eds\u00e9r\u0151. Nem kell megfelelned semmilyen elv\u00e1r\u00e1snak \u2013 a sablon csak k\u00e9rdez, nem \u00edt\u00e9l. Minden v\u00e1lasz egy \u00faj ir\u00e1nyt nyithat meg benned. Ak\u00e1r egy kerti padon \u00fclve, ak\u00e1r a nappaliban egy jegesk\u00e1v\u00e9 mellett is elm\u00e9ly\u00fclhetsz benne. \u00c9n is \u00fagy t\u00f6lt\u00f6ttem ki, hogy az egyik gyerek a v\u00e1llamon aludt, a m\u00e1sik a konyhaasztaln\u00e1l kreat\u00edvkodott. Ez az \u00e9let. \u00c9s mi akkor is vezet\u0151k vagyunk \u2013 nem att\u00f3l, hogy \u201et\u00f6k\u00e9letesen m\u0171k\u00f6d\u00fcnk\u201d, hanem att\u00f3l, hogy jelen vagyunk.<\/span><\/p><p><span style=\"font-weight: 400; font-size: 18px;\">N\u00e9h\u00e1ny k\u00e9rd\u00e9s a sablonb\u00f3l:<\/span><\/p><ul><li style=\"font-weight: 400;\" aria-level=\"1\"><span style=\"font-weight: 400; font-size: 18px;\">Melyik 3 dologra vagy a legb\u00fcszk\u00e9bb az \u00e9v els\u0151 fel\u00e9b\u0151l \u2013 ak\u00e1r munka, ak\u00e1r mag\u00e1n\u00e9let?<\/span><\/li><li style=\"font-weight: 400;\" aria-level=\"1\"><span style=\"font-weight: 400; font-size: 18px;\">Mi volt a legnagyobb kih\u00edv\u00e1s, amin t\u00faljutott\u00e1l, \u00e9s mit tanult\u00e1l bel\u0151le?<\/span><\/li><li style=\"font-weight: 400;\" aria-level=\"1\"><span style=\"font-weight: 400; font-size: 18px;\">Mi az, ami az \u00e9v elej\u00e9n m\u00e9g fontosnak t\u0171nt, de most m\u00e1r nem szolg\u00e1l t\u00e9ged?<\/span><\/li><li style=\"font-weight: 400;\" aria-level=\"1\"><span style=\"font-weight: 400; font-size: 18px;\">Mi lenne az az egyetlen dolog, amire sz\u00edvb\u0151l szeretn\u00e9l f\u00f3kusz\u00e1lni \u0151sszel?<\/span><\/li><\/ul>\t\t\t\t\t\t\t\t<\/div>\n\t\t\t\t<\/div>\n\t\t\t\t<div class=\"elementor-element elementor-element-3fe93b8 elementor-widget elementor-widget-heading\" data-id=\"3fe93b8\" data-element_type=\"widget\" data-e-type=\"widget\" data-widget_type=\"heading.default\">\n\t\t\t\t<div class=\"elementor-widget-container\">\n\t\t\t\t\t<h2 class=\"elementor-heading-title elementor-size-default\">\ud83e\udd16 AI + Ny\u00e1r = \u00daj \u00f6tletek, \u00faj m\u0171k\u00f6d\u00e9s<\/h2>\t\t\t\t<\/div>\n\t\t\t\t<\/div>\n\t\t\t\t<div class=\"elementor-element elementor-element-2111a7c elementor-widget elementor-widget-text-editor\" data-id=\"2111a7c\" data-element_type=\"widget\" data-e-type=\"widget\" data-widget_type=\"text-editor.default\">\n\t\t\t\t<div class=\"elementor-widget-container\">\n\t\t\t\t\t\t\t\t\t<p><span style=\"font-weight: 400; font-size: 18px;\">A mesters\u00e9ges intelligencia nemcsak tech geekek j\u00e1t\u00e9kszere. Nek\u00fcnk, n\u0151i v\u00e1llalkoz\u00f3knak is szuperer\u0151 lehet \u2013 csak m\u00e1shogy haszn\u00e1ljuk. Nem automatiz\u00e1lt gy\u00e1rt\u00f3sorokhoz, hanem kreat\u00edv sz\u00f6veg\u00edr\u00e1sra, id\u0151menedzsmentre, blogol\u00e1sra vagy term\u00e9k\u00f6tletek tesztel\u00e9s\u00e9re.<\/span><\/p><p><span style=\"font-size: 18px;\"><span style=\"font-weight: 400;\">Az AI nem v\u00e1ltja ki az emberi kreativit\u00e1st \u2013 hanem fokozza azt. Olyan, mint egy csendes koll\u00e9ga, aki mindig v\u00e1laszol, ha k\u00e9rdezel. Ha ny\u00e1ron van egy szabad f\u00e9l\u00f3r\u00e1d, k\u00eds\u00e9rletezz vele \u2013 tal\u00e1ld meg, mire tudod haszn\u00e1lni a saj\u00e1t vil\u00e1godban. \u00c9n tavaly ny\u00e1ron kezdtem el j\u00e1tszani vele, \u00e9s az\u00f3ta seg\u00edt nekem nemcsak \u00edrni, hanem rendszerezni is. A <\/span><a href=\"https:\/\/www.instagram.com\/p\/DL5K_a0Nwcx\/?img_index=1\" target=\"_blank\" rel=\"noopener\"><i><span style=\"font-weight: 400;\">N\u0151i Vezet\u0151k x T\u00f6r\u00f6k Bal\u00e1zs<\/span><\/i><span style=\"font-weight: 400;\"> ingyenes ChatGPT mini-kurzusa<\/span><\/a><span style=\"font-weight: 400;\"> pedig seg\u00edt, hogy ne tech-nyelven, hanem egyszer\u0171en fedezd fel, mi mindenre k\u00e9pes. Kipr\u00f3b\u00e1lod \u2013 \u00e9s j\u00f6nnek az \u201eaha-\u00e9lm\u00e9nyek\u201d.<\/span><\/span><\/p><p><span style=\"font-weight: 400; font-size: 18px;\">N\u00e9zd meg a kurzust itt \u2013 teljesen ingyenes!<\/span><\/p>\t\t\t\t\t\t\t\t<\/div>\n\t\t\t\t<\/div>\n\t\t\t\t<div class=\"elementor-element elementor-element-8fa626b elementor-widget elementor-widget-image\" data-id=\"8fa626b\" data-element_type=\"widget\" data-e-type=\"widget\" data-widget_type=\"image.default\">\n\t\t\t\t<div class=\"elementor-widget-container\">\n\t\t\t\t\t\t\t\t\t\t\t\t\t\t\t\t<a href=\"https:\/\/www.instagram.com\/p\/DL5K_a0Nwcx\/?img_index=1\" target=\"_blank\" rel=\"noopener\">\n\t\t\t\t\t\t\t<img decoding=\"async\" width=\"800\" height=\"320\" src=\"https:\/\/noivezetok.eu\/wp-content\/uploads\/2025\/07\/Az-ujratervezes-nem-gyengeseg-hanem-batorsag.-Elengedni-azt-ami-mar-nem-epit-\u2013-vezetoi-dontes.-1.png\" class=\"attachment-large size-large wp-image-4295\" alt=\"Az \u00fajratervez\u00e9s nem gyenges\u00e9g, hanem b\u00e1tors\u00e1g. Elengedni azt, ami m\u00e1r nem \u00e9p\u00edt \u2013 vezet\u0151i d\u00f6nt\u00e9s. (1)\" srcset=\"https:\/\/noivezetok.eu\/wp-content\/uploads\/2025\/07\/Az-ujratervezes-nem-gyengeseg-hanem-batorsag.-Elengedni-azt-ami-mar-nem-epit-\u2013-vezetoi-dontes.-1.png 1000w, https:\/\/noivezetok.eu\/wp-content\/uploads\/2025\/07\/Az-ujratervezes-nem-gyengeseg-hanem-batorsag.-Elengedni-azt-ami-mar-nem-epit-\u2013-vezetoi-dontes.-1-300x120.png 300w, https:\/\/noivezetok.eu\/wp-content\/uploads\/2025\/07\/Az-ujratervezes-nem-gyengeseg-hanem-batorsag.-Elengedni-azt-ami-mar-nem-epit-\u2013-vezetoi-dontes.-1-768x307.png 768w, https:\/\/noivezetok.eu\/wp-content\/uploads\/2025\/07\/Az-ujratervezes-nem-gyengeseg-hanem-batorsag.-Elengedni-azt-ami-mar-nem-epit-\u2013-vezetoi-dontes.-1-18x7.png 18w, https:\/\/noivezetok.eu\/wp-content\/uploads\/2025\/07\/Az-ujratervezes-nem-gyengeseg-hanem-batorsag.-Elengedni-azt-ami-mar-nem-epit-\u2013-vezetoi-dontes.-1-600x240.png 600w\" sizes=\"(max-width: 800px) 100vw, 800px\" \/>\t\t\t\t\t\t\t\t<\/a>\n\t\t\t\t\t\t\t\t\t\t\t\t\t\t\t<\/div>\n\t\t\t\t<\/div>\n\t\t\t\t<div class=\"elementor-element elementor-element-4e3896f elementor-widget elementor-widget-heading\" data-id=\"4e3896f\" data-element_type=\"widget\" data-e-type=\"widget\" data-widget_type=\"heading.default\">\n\t\t\t\t<div class=\"elementor-widget-container\">\n\t\t\t\t\t<h2 class=\"elementor-heading-title elementor-size-default\">Nem kell t\u00f6k\u00e9letes ny\u00e1r \u2013 csak olyan, ami neked most el\u00e9g j\u00f3<\/h2>\t\t\t\t<\/div>\n\t\t\t\t<\/div>\n\t\t\t\t<div class=\"elementor-element elementor-element-9924fdf elementor-widget elementor-widget-text-editor\" data-id=\"9924fdf\" data-element_type=\"widget\" data-e-type=\"widget\" data-widget_type=\"text-editor.default\">\n\t\t\t\t<div class=\"elementor-widget-container\">\n\t\t\t\t\t\t\t\t\t<p><span style=\"font-weight: 400; font-size: 18px;\">A ny\u00e1r nemcsak a napf\u00e9nyr\u0151l \u00e9s a lelassul\u00e1sr\u00f3l sz\u00f3l. Ha n\u0151i vezet\u0151 vagy, akkor tudod: ez az id\u0151szak a bels\u0151 tiszt\u00e1nl\u00e1t\u00e1s ideje is lehet. Nem baj, ha nem tudsz mindent \u00e1tgondolni. De ha csak egy k\u00e9rd\u00e9sre v\u00e1laszolsz, m\u00e1r l\u00e9pt\u00e9l egyet.<\/span><\/p><p><span style=\"font-size: 18px;\"><span style=\"font-weight: 400;\">A vezet\u00e9s nem sprint, hanem saj\u00e1t ritmus. A te temp\u00f3d most lehet lassabb, f\u00f3kusz\u00e1ltabb vagy \u00e9pp rendszertelenebb \u2013 ez is rendben van. Ne hagyd, hogy a \u201eny\u00e1ri produktivit\u00e1s\u201d nyom\u00e1sa elterelje a figyelmed arr\u00f3l, ami igaz\u00e1n fontos: <\/span><b>\u00f6nmagad \u00fajrahall\u00e1sa<\/b><span style=\"font-weight: 400;\">.<\/span><\/span><\/p><p><span style=\"font-weight: 400; font-size: 18px;\">A <a href=\"https:\/\/drive.google.com\/file\/d\/1f3xBTwkNweOcM8-oyN0Ut8Zpu-EvFFfg\/view?usp=sharing\" target=\"_blank\" rel=\"noopener\">F\u00e9lid\u0151s \u00dajratervez\u00e9s<\/a> sablon csak egy eszk\u00f6z \u2013 de n\u00e9ha pont egy ilyen kis seg\u00edts\u00e9g ind\u00edt el \u00faj gondolatokat. Ne feledd, az inspir\u00e1ci\u00f3 nem mindig l\u00e1tv\u00e1nyosan \u00e9rkezik. N\u00e9ha csak egy halk \u201eigen\u201d form\u00e1j\u00e1ban, amikor v\u00e9gre van t\u00e9r a bels\u0151 v\u00e1laszaidra is.<\/span><\/p><p><span style=\"font-weight: 400; font-size: 18px;\"><a href=\"https:\/\/drive.google.com\/file\/d\/1f3xBTwkNweOcM8-oyN0Ut8Zpu-EvFFfg\/view?usp=sharing\" target=\"_blank\" rel=\"noopener\">T\u00f6ltsd le a sablont,<\/a> pr\u00f3b\u00e1ld ki, j\u00e1tssz a k\u00e9rd\u00e9sekkel, \u00e9s ha j\u00f3l esik, oszd meg vel\u00fcnk a tapasztalataidat is!<\/span><\/p><p><span style=\"font-size: 18px;\"><b>Ne feledd: a nyarad nem kell, hogy l\u00e1tv\u00e1nyos legyen \u2013 el\u00e9g, ha \u00e9p\u00edt.<\/b><\/span><\/p><p><span style=\"font-size: 18px;\"><b><br \/><\/b><span style=\"font-weight: 400;\">\u00c9s ha \u00fajratervezel, az nem visszal\u00e9p\u00e9s. Hanem strat\u00e9giai ir\u00e1nyv\u00e1lt\u00e1s \u2013 n\u0151i m\u00f3dra. \ud83d\udc9b<br \/>Ha szeretn\u00e9l elindulni \u2013 de j\u00f3l j\u00f6nne egy kis t\u00e1mogat\u00e1s \u2013 n\u00e9zd meg a N\u0151i Vezet\u0151k digit\u00e1lis napl\u00f3it! A let\u00f6lthet\u0151 sablonok k\u00f6z\u00f6tt tal\u00e1lsz\u00a0<a href=\"https:\/\/noivezetok.eu\/en_en\/noi-vezetok-heti-tervezo\/\">Heti tervez\u0151t<\/a>,\u00a0<a href=\"https:\/\/noivezetok.eu\/en_en\/fokusz-tervezo\/\">F\u00f3kusz Tervez\u0151<\/a>-t,\u00a0<a href=\"https:\/\/noivezetok.eu\/en_en\/eleg-a-halogatasbol\/\">Halogat\u00e1s Detox<\/a>-ot \u00e9s a\u00a0<a href=\"https:\/\/noivezetok.eu\/en_en\/tulgondolas-detox-munkafuzet\/\">T\u00falgondol\u00e1s Detox<\/a>-ot is. Csak t\u00f6ltsd le, \u00e9s kezdj \u00edrni m\u00e9g ma!<\/span><\/span><\/p><p>K\u00f6vesd a blogot \u00e9s csatlakozz hozz\u00e1nk\u00a0<a href=\"https:\/\/www.instagram.com\/noivezetok\/\" target=\"_blank\" rel=\"noopener\">Instagramon<\/a>\u00a0\u00e9s\u00a0<a href=\"https:\/\/hu.pinterest.com\/noivezetok\/\" target=\"_blank\" rel=\"noopener\">Pinteresten<\/a>\u00a0is \u2013 ott is v\u00e1rnak inspir\u00e1l\u00f3 gondolatok, id\u00e9zetek, tippek, \u00e9s persze a\u00a0<i>N\u0151i Vezet\u0151k igazi bar\u00e1tn\u0151s t\u00e1mogat\u00e1sa<\/i>: az ingyenesen let\u00f6lthet\u0151 seg\u00edts\u00e9geinkkel!<\/p>\t\t\t\t\t\t\t\t<\/div>\n\t\t\t\t<\/div>\n\t\t\t\t<div class=\"elementor-element elementor-element-a0c6ca7 elementor-align-center elementor-widget elementor-widget-button\" data-id=\"a0c6ca7\" data-element_type=\"widget\" data-e-type=\"widget\" data-widget_type=\"button.default\">\n\t\t\t\t<div class=\"elementor-widget-container\">\n\t\t\t\t\t\t\t\t\t<div class=\"elementor-button-wrapper\">\n\t\t\t\t\t<a class=\"elementor-button elementor-button-link elementor-size-sm\" href=\"https:\/\/drive.google.com\/file\/d\/1f3xBTwkNweOcM8-oyN0Ut8Zpu-EvFFfg\/view?usp=sharing\" target=\"_blank\" rel=\"noopener\">\n\t\t\t\t\t\t<span class=\"elementor-button-content-wrapper\">\n\t\t\t\t\t\t\t\t\t<span class=\"elementor-button-text\">Kattints ide az ingyenes sablon\u00e9rt!<\/span>\n\t\t\t\t\t<\/span>\n\t\t\t\t\t<\/a>\n\t\t\t\t<\/div>\n\t\t\t\t\t\t\t\t<\/div>\n\t\t\t\t<\/div>\n\t\t\t\t<div class=\"elementor-element elementor-element-4587 elementor-widget elementor-widget-global elementor-global-4587 elementor-widget-author-box\" data-id=\"4587\" data-element_type=\"widget\" data-e-type=\"widget\" data-widget_type=\"author-box.default\">\n\t\t\t\t<div class=\"elementor-widget-container\">\n\t\t\t\t\t\t\t<div class=\"elementor-author-box\">\n\t\t\t\t\t\t\t<a href=\"https:\/\/timesaver.hu\/\" class=\"elementor-author-box__avatar\" target=\"_blank\" rel=\"noopener\">\n\t\t\t\t\t<img decoding=\"async\" src=\"https:\/\/noivezetok.eu\/wp-content\/uploads\/2025\/08\/8084a1e8-a04b-4a44-bcab-049a496e2169-275x300.jpeg\" alt=\"Picture of Sinka Gabriella T\u00edmea\" loading=\"lazy\">\n\t\t\t\t<\/a>\n\t\t\t\n\t\t\t<div class=\"elementor-author-box__text\">\n\t\t\t\t\t\t\t\t\t<a href=\"https:\/\/timesaver.hu\/\" target=\"_blank\" rel=\"noopener\">\n\t\t\t\t\t\t<h3 class=\"elementor-author-box__name\">\n\t\t\t\t\t\t\tSinka Gabriella T\u00edmea\t\t\t\t\t\t<\/h3>\n\t\t\t\t\t<\/a>\n\t\t\t\t\n\t\t\t\t\t\t\t\t\t<div class=\"elementor-author-box__bio\">\n\t\t\t\t\t\t<p>Im\u00e1dom, amikor egy j\u00f3 besz\u00e9lget\u00e9sb\u0151l \u00faj \u00f6tletek sz\u00fcletnek! Hiszem, hogy minden n\u0151 vezet\u0151 \u2013 legal\u00e1bb a saj\u00e1t \u00e9let\u00e9ben, \u00e9s itt azon dolgozom, hogy Te is visszatal\u00e1lj a f\u0151szerepbe, mik\u00f6zben egy\u00fctt nevet\u00fcnk, inspir\u00e1l\u00f3dunk \u00e9s mer\u00fcnk nagyot \u00e1lmodni!<\/p>\n\t\t\t\t\t<\/div>\n\t\t\t\t\n\t\t\t\t\t\t\t\t\t<a class=\"elementor-author-box__button elementor-button elementor-size-xs\" href=\"https:\/\/www.facebook.com\/timesaver.sinkagabriella\/\" target=\"_blank\" rel=\"noopener\">\n\t\t\t\t\t\tK\u00e9rd\u00e9sed van? \u00cdrj!\t\t\t\t\t<\/a>\n\t\t\t\t\t\t\t<\/div>\n\t\t<\/div>\n\t\t\t\t\t\t<\/div>\n\t\t\t\t<\/div>\n\t\t\t\t\t<\/div>\n\t\t\t\t<\/div>\n\t\t\t\t<\/div>","protected":false},"excerpt":{"rendered":"<p>Nyaral\u00e1s \u2260 Le\u00e1ll\u00e1s? Na persze! Ha n\u0151i v\u00e1llalkoz\u00f3 vagy, pontosan tudod: a ny\u00e1r nem le\u00e1ll\u00e1s, csup\u00e1n egy m\u00e1sfajta \u00fczemm\u00f3d. Az eleji hajt\u00e1s ut\u00e1n sokan azt v\u00e1rj\u00e1k, hogy v\u00e9gre pihenhetnek, de ez nem mindig ilyen egyszer\u0171. VA-k\u00e9nt, \u00f6t gyerek mellett pontosan tudom, milyen az, amikor egyszerre pr\u00f3b\u00e1lsz nyaral\u00e1st szervezni, munk\u00e1t id\u0151z\u00edteni, gyerekprogramot logisztik\u00e1zni, \u00e9s k\u00f6zben azt [&hellip;]<\/p>\n","protected":false},"author":5,"featured_media":5066,"comment_status":"open","ping_status":"open","sticky":false,"template":"","format":"standard","meta":{"rank_math_focus_keyword":"\u00fajratervez\u00e9s,ny\u00e1r,felt\u00f6lt\u0151d\u00e9s,n\u0151","rank_math_title":"Ny\u00e1ri \u00fajratervez\u00e9s N\u0151i Vezet\u0151knek \u2013 Inspir\u00e1ci\u00f3 \u00e9s sablon","rank_math_description":"Pihen\u00e9s, agytuning \u00e9s ny\u00e1ri \u00fajratervez\u00e9s n\u0151i v\u00e1llalkoz\u00f3knak \u2013 inspir\u00e1ci\u00f3k let\u00f6lthet\u0151 sablonnal \u00e9s AI-tippel a hat\u00e9kony ny\u00e1ri f\u00f3kusz\u00e9rt!","footnotes":""},"categories":[102,117,118],"tags":[63,55,60],"class_list":["post-4292","post","type-post","status-publish","format-standard","has-post-thumbnail","hentry","category-inspiracio","category-motivacio","category-onfejlesztes","tag-motivacio","tag-noi-vezetok","tag-onismeret"],"_links":{"self":[{"href":"https:\/\/noivezetok.eu\/en_en\/wp-json\/wp\/v2\/posts\/4292","targetHints":{"allow":["GET"]}}],"collection":[{"href":"https:\/\/noivezetok.eu\/en_en\/wp-json\/wp\/v2\/posts"}],"about":[{"href":"https:\/\/noivezetok.eu\/en_en\/wp-json\/wp\/v2\/types\/post"}],"author":[{"embeddable":true,"href":"https:\/\/noivezetok.eu\/en_en\/wp-json\/wp\/v2\/users\/5"}],"replies":[{"embeddable":true,"href":"https:\/\/noivezetok.eu\/en_en\/wp-json\/wp\/v2\/comments?post=4292"}],"version-history":[{"count":10,"href":"https:\/\/noivezetok.eu\/en_en\/wp-json\/wp\/v2\/posts\/4292\/revisions"}],"predecessor-version":[{"id":4595,"href":"https:\/\/noivezetok.eu\/en_en\/wp-json\/wp\/v2\/posts\/4292\/revisions\/4595"}],"wp:featuredmedia":[{"embeddable":true,"href":"https:\/\/noivezetok.eu\/en_en\/wp-json\/wp\/v2\/media\/5066"}],"wp:attachment":[{"href":"https:\/\/noivezetok.eu\/en_en\/wp-json\/wp\/v2\/media?parent=4292"}],"wp:term":[{"taxonomy":"category","embeddable":true,"href":"https:\/\/noivezetok.eu\/en_en\/wp-json\/wp\/v2\/categories?post=4292"},{"taxonomy":"post_tag","embeddable":true,"href":"https:\/\/noivezetok.eu\/en_en\/wp-json\/wp\/v2\/tags?post=4292"}],"curies":[{"name":"wp","href":"https:\/\/api.w.org\/{rel}","templated":true}]}}