{"id":3881,"date":"2025-06-14T14:36:04","date_gmt":"2025-06-14T14:36:04","guid":{"rendered":"https:\/\/noivezetok.eu\/?p=3881"},"modified":"2025-08-16T15:36:39","modified_gmt":"2025-08-16T15:36:39","slug":"gyokerek-hajtasok-uj-kezdetek-onismeret-novenyekkel","status":"publish","type":"post","link":"https:\/\/noivezetok.eu\/en_en\/gyokerek-hajtasok-uj-kezdetek-onismeret-novenyekkel\/","title":{"rendered":"Gy\u00f6kerek, hajt\u00e1sok, \u00faj kezdetek \u2013 \u00f6nismeret n\u00f6v\u00e9nyszapor\u00edt\u00e1ssal"},"content":{"rendered":"<div data-elementor-type=\"wp-post\" data-elementor-id=\"3881\" class=\"elementor elementor-3881\" data-elementor-post-type=\"post\">\n\t\t\t\t<div class=\"elementor-element elementor-element-b95d9e0 e-flex e-con-boxed e-con e-parent\" data-id=\"b95d9e0\" data-element_type=\"container\" data-e-type=\"container\">\n\t\t\t\t\t<div class=\"e-con-inner\">\n\t\t\t\t<div class=\"elementor-element elementor-element-e4574dd elementor-widget elementor-widget-heading\" data-id=\"e4574dd\" data-element_type=\"widget\" data-e-type=\"widget\" data-widget_type=\"heading.default\">\n\t\t\t\t<div class=\"elementor-widget-container\">\n\t\t\t\t\t<h2 class=\"elementor-heading-title elementor-size-default\">A MindfulZ\u00f6ld filoz\u00f3fia var\u00e1zsa<\/h2>\t\t\t\t<\/div>\n\t\t\t\t<\/div>\n\t\t\t\t<div class=\"elementor-element elementor-element-99b4963 elementor-widget elementor-widget-text-editor\" data-id=\"99b4963\" data-element_type=\"widget\" data-e-type=\"widget\" data-widget_type=\"text-editor.default\">\n\t\t\t\t<div class=\"elementor-widget-container\">\n\t\t\t\t\t\t\t\t\t<p><span style=\"font-size: 18px;\"><span style=\"font-weight: 400;\">El\u0151sz\u00f6r is, ismerkedj\u00fcnk meg kicsit k\u00f6zelebbr\u0151l a n\u00e9v m\u00f6g\u00f6tt \u00e1ll\u00f3 sztorival. A <\/span><a href=\"https:\/\/www.facebook.com\/mindfulzold\/\" target=\"_blank\" rel=\"noopener\"><b><i>MindfulZ\u00f6ld<\/i><\/b><\/a><span style=\"font-weight: 400;\"> nem egy v\u00e9letlen n\u00e9vv\u00e1laszt\u00e1s \u2013 ezt \u00e9n tal\u00e1ltam ki, sz\u00edvb\u0151l, szerelemb\u0151l. P\u00e1r \u00e9ve kezdtem el egy\u00fctt dolgozni egy manifeszt\u00e1ci\u00f3s coach-csal, akinek a blogmunk\u00e1iban seg\u00edtettem, \u00e9s k\u00f6zben belecs\u00f6ppentem a mindfulness \u00e9s manifeszt\u00e1ci\u00f3 izgalmas vil\u00e1g\u00e1ba. Vicces, mert ekkor m\u00e1r majdnem t\u00edz \u00e9ve gy\u0171jt\u00f6ttem ritka szoban\u00f6v\u00e9nyeket, \u00e9s b\u00e1r nem tudatosan, de m\u00e1r r\u00e9g\u00f3ta \u00e9ltem ezt a jelen-l\u00e9tet, amit most mindfulnessnek h\u00edvunk. (Innen is k\u00f6sz\u00f6net Neki ez\u00e9rt a felismer\u00e9s\u00e9rt!)<\/span><\/span><\/p><p><span style=\"font-size: 18px;\"><span style=\"font-weight: 400;\">Azt\u00e1n elindult a N\u0151i Vezet\u0151k \u2013 ami igaz\u00e1n szerelemprojekt lett.\u00a0 (Ja, \u00e9s a blogokat is \u00e9n \u00edrom, sz\u00f3val ha ismer\u0151s a st\u00edlus, nem v\u00e9letlen.) Az \u00f6nismeret lett a b\u00e1zis, \u00e9s vele egy\u00fctt egyre t\u00f6bbet besz\u00e9lt\u00fcnk a tudatos jelenl\u00e9tr\u0151l, n\u0151i l\u00e9tr\u0151l, manifeszt\u00e1ci\u00f3r\u00f3l \u2013 \u00e9s k\u00f6zben a kis z\u00f6ldek mindig ott voltak velem. A <\/span><b><i>MindfulZ\u00f6ld<\/i><\/b><span style=\"font-weight: 400;\"> nev\u0171 projekt azonban csak most ker\u00fcl reflektorf\u00e9nybe. Igen, suszter cip\u0151je, meg minden&#8230; a weboldal m\u00e9g v\u00e1rat mag\u00e1ra, de az energia m\u00e1r r\u00e9g\u00f3ta \u00e9rlel\u0151dik, ennek k\u00f6sz\u00f6nhet\u0151en rengeteg elk\u00e9sz\u00fclt anyagom van, melyekb\u0151l \u00e9pp most olvashattok egyet. Elj\u00f6tt az id\u0151, hogy ez a z\u00f6ld-\u00f6nismereti sztori is kib\u00fajjon a f\u00f6ldb\u0151l \u2013 pont \u00fagy, mint egy friss kis hajt\u00e1s &#8211; kiv\u00e9ve ha id\u00e9n v\u00e1s\u00e1rolt thai ban\u00e1nmagra v\u00e1rsz, na az nem biztos, hogy kib\u00fajik valaha is.<\/span><\/span><\/p><p><span style=\"font-size: 18px;\"><span style=\"font-weight: 400;\">A <\/span><b><i>MindfulZ\u00f6ld<\/i><\/b><span style=\"font-weight: 400;\"> szerint n\u00f6v\u00e9nynevelni olyan, mint magunkat tuningolni&#8230; csak kevesebb izzads\u00e1ggal, t\u00f6bb z\u00f6lddel \u00e9s abszol\u00fat zero edz\u0151termi szaggal. Ez a kis z\u00f6ld mindfull cucc nemcsak d\u00edsz\u00edti a lak\u00e1st \u2013 hanem sz\u00f3 szerint r\u00e1vezet arra, hogyan legy\u00e9l jelen. Mint egy lev\u00e9l, ami nem siet sehov\u00e1, csak teszi a dolg\u00e1t \u2013 \u00fagy tanulunk meg mi is jelen lenni. Egy kutat\u00e1s szerint m\u00e1r az is sz\u00e1m\u00edt, ha hetente besz\u00e9lgetsz a monster\u00e1ddal: cs\u00f6kken a stressz, javul a hangulat, \u00e9s m\u00e9g a f\u00f3kuszod is ki\u00e9lesedik, mint egy frissen metszett bonsai.<\/span><\/span><\/p>\t\t\t\t\t\t\t\t<\/div>\n\t\t\t\t<\/div>\n\t\t\t\t<div class=\"elementor-element elementor-element-386a712 elementor-widget elementor-widget-image\" data-id=\"386a712\" data-element_type=\"widget\" data-e-type=\"widget\" data-widget_type=\"image.default\">\n\t\t\t\t<div class=\"elementor-widget-container\">\n\t\t\t\t\t\t\t\t\t\t\t\t\t\t\t\t<a href=\"https:\/\/www.facebook.com\/mindfulzold\/\" target=\"_blank\" rel=\"noopener\">\n\t\t\t\t\t\t\t<img fetchpriority=\"high\" decoding=\"async\" width=\"800\" height=\"320\" src=\"https:\/\/noivezetok.eu\/wp-content\/uploads\/2025\/06\/mindfulzold-Az-otthonodban-zoldello-dzsungel-nem-csak-dekoracio.jpg\" class=\"attachment-large size-large wp-image-3886\" alt=\"mindfulz\u00f6ld - Az otthonodban z\u00f6ldell\u0151 dzsungel nem csak dekor\u00e1ci\u00f3.\" srcset=\"https:\/\/noivezetok.eu\/wp-content\/uploads\/2025\/06\/mindfulzold-Az-otthonodban-zoldello-dzsungel-nem-csak-dekoracio.jpg 1000w, https:\/\/noivezetok.eu\/wp-content\/uploads\/2025\/06\/mindfulzold-Az-otthonodban-zoldello-dzsungel-nem-csak-dekoracio-300x120.jpg 300w, https:\/\/noivezetok.eu\/wp-content\/uploads\/2025\/06\/mindfulzold-Az-otthonodban-zoldello-dzsungel-nem-csak-dekoracio-768x307.jpg 768w, https:\/\/noivezetok.eu\/wp-content\/uploads\/2025\/06\/mindfulzold-Az-otthonodban-zoldello-dzsungel-nem-csak-dekoracio-18x7.jpg 18w, https:\/\/noivezetok.eu\/wp-content\/uploads\/2025\/06\/mindfulzold-Az-otthonodban-zoldello-dzsungel-nem-csak-dekoracio-600x240.jpg 600w\" sizes=\"(max-width: 800px) 100vw, 800px\" \/>\t\t\t\t\t\t\t\t<\/a>\n\t\t\t\t\t\t\t\t\t\t\t\t\t\t\t<\/div>\n\t\t\t\t<\/div>\n\t\t\t\t<div class=\"elementor-element elementor-element-c011811 elementor-widget elementor-widget-text-editor\" data-id=\"c011811\" data-element_type=\"widget\" data-e-type=\"widget\" data-widget_type=\"text-editor.default\">\n\t\t\t\t<div class=\"elementor-widget-container\">\n\t\t\t\t\t\t\t\t\t<p><span style=\"font-weight: 400; font-size: 18px;\">Az otthonodban z\u00f6ldell\u0151 dzsungel nem csak dekor\u00e1ci\u00f3. Komolyan. A kutat\u00e1sok (\u00e9s a nagymam\u00e1m is) azt mondj\u00e1k: a n\u00f6v\u00e9nyekkel val\u00f3 kapcsolat seg\u00edt visszatal\u00e1lni a term\u00e9szethez, \u00e9s k\u00f6zben magadhoz is. Sz\u00f3val ha legk\u00f6zelebb azon kapod magad, hogy \u00f6nt\u00f6z\u00e9s k\u00f6zben filozof\u00e1lsz az \u00e9letr\u0151l, ne ijedj meg. J\u00f3 \u00faton j\u00e1rsz.<\/span><\/p><p><span style=\"font-size: 18px;\"><i><span style=\"font-weight: 400;\">A n\u00f6v\u00e9nygondoz\u00e1s ment\u00e1lis eg\u00e9szs\u00e9gre gyakorolt pozit\u00edv hat\u00e1sait t\u00f6bb tanulm\u00e1ny is igazolja. A Horticultural Therapy c\u00edm\u0171 kutat\u00e1s szerint a szoban\u00f6v\u00e9nyekkel val\u00f3 foglalkoz\u00e1s jelent\u0151sen cs\u00f6kkenti a stresszhormonok szintj\u00e9t (Lee et al., 2015). Egy m\u00e1sik tanulm\u00e1ny, amelyet a Journal of Physiological Anthropology k\u00f6z\u00f6lt, kimutatta, hogy m\u00e1r egy 15 perces belt\u00e9ri n\u00f6v\u00e9nyez\u00e9s is cs\u00f6kkenti a v\u00e9rnyom\u00e1st \u00e9s jav\u00edtja a hangulatot (Park &amp; Mattson, 2009). Teh\u00e1t ha m\u00e9g eddig k\u00e9rd\u00e9s lett volna: igen, a n\u00f6v\u00e9nyek sz\u00f3 szerint gy\u00f3gy\u00edtanak.<\/span><\/i><\/span><\/p>\t\t\t\t\t\t\t\t<\/div>\n\t\t\t\t<\/div>\n\t\t\t\t<div class=\"elementor-element elementor-element-3a109d2 elementor-widget elementor-widget-heading\" data-id=\"3a109d2\" data-element_type=\"widget\" data-e-type=\"widget\" data-widget_type=\"heading.default\">\n\t\t\t\t<div class=\"elementor-widget-container\">\n\t\t\t\t\t<h2 class=\"elementor-heading-title elementor-size-default\">Egy lev\u00e9l, egy \u00e9let: mit tan\u00edt a szapor\u00edt\u00e1s a b\u00e1tors\u00e1gr\u00f3l?\n<\/h2>\t\t\t\t<\/div>\n\t\t\t\t<\/div>\n\t\t\t\t<div class=\"elementor-element elementor-element-11b410c elementor-widget elementor-widget-text-editor\" data-id=\"11b410c\" data-element_type=\"widget\" data-e-type=\"widget\" data-widget_type=\"text-editor.default\">\n\t\t\t\t<div class=\"elementor-widget-container\">\n\t\t\t\t\t\t\t\t\t<p><span style=\"font-weight: 400; font-size: 18px;\">Amikor lev\u00e1gsz egy levelet, \u00e9s v\u00edzbe vagy \u00e9pp perlitbe dugod, az olyan, mint amikor te eld\u00f6nt\u00f6d: na most akkor v\u00e1ltoztatok. \u00c9s nem, nem a \u201ej\u00f6v\u0151 h\u00e9tt\u0151l sportolok\u201d t\u00edpus\u00fa v\u00e1ltoz\u00e1sr\u00f3l besz\u00e9l\u00fcnk, hanem arr\u00f3l a fajt\u00e1r\u00f3l, amikor a f\u00e9ny fel\u00e9 fordulsz, akkor is, ha m\u00e9g egy\u00e9bk\u00e9nt\u00a0 full hom\u00e1ly van. A lev\u00e9l nem k\u00e9rdez, nem p\u00e1nikol, nem Google-zik r\u00e1 a \u201ehogyan kezdjek \u00faj \u00e9letet\u201d kifejez\u00e9sre. Csak elkezd n\u0151ni. Pont.<\/span><\/p><p><span style=\"font-weight: 400; font-size: 18px;\">Ez a kis z\u00f6ld harcos a konyhapulton nemcsak n\u00f6vekszik \u2013 inspir\u00e1l. Arra tan\u00edt, hogy ne v\u00e1rd meg, m\u00edg minden t\u00f6k\u00e9letes lesz. Kezdd el. A n\u00f6v\u00e9ny sem v\u00e1r a \u201emegfelel\u0151 pillanatra\u201d. Egyszer\u0171en elindul. Ha pedig \u0151 k\u00e9pes r\u00e1, te is k\u00e9pes vagy. A szapor\u00edt\u00e1s egy ilyen mini-lecke b\u00e1tors\u00e1gb\u00f3l, naponta, term\u00e9szetes csomagol\u00e1sban.<\/span><\/p><p>\u00a0<\/p><p><img decoding=\"async\" class=\"aligncenter\" src=\"https:\/\/noivezetok.eu\/wp-content\/uploads\/2025\/03\/none.gif\" \/><\/p>\t\t\t\t\t\t\t\t<\/div>\n\t\t\t\t<\/div>\n\t\t\t\t<div class=\"elementor-element elementor-element-7270125 elementor-widget elementor-widget-heading\" data-id=\"7270125\" data-element_type=\"widget\" data-e-type=\"widget\" data-widget_type=\"heading.default\">\n\t\t\t\t<div class=\"elementor-widget-container\">\n\t\t\t\t\t<h2 class=\"elementor-heading-title elementor-size-default\">Gy\u00f6kerez\u00e9s id\u0151szaka \u2013 a l\u00e1thatatlan munka dics\u00e9rete<\/h2>\t\t\t\t<\/div>\n\t\t\t\t<\/div>\n\t\t\t\t<div class=\"elementor-element elementor-element-dea24f7 elementor-widget elementor-widget-text-editor\" data-id=\"dea24f7\" data-element_type=\"widget\" data-e-type=\"widget\" data-widget_type=\"text-editor.default\">\n\t\t\t\t<div class=\"elementor-widget-container\">\n\t\t\t\t\t\t\t\t\t<p><span style=\"font-weight: 400; font-size: 18px;\">Na, ez az a r\u00e9sz, amit kevesen posztolnak az Inst\u00e1n. A gy\u00f6kerek. Mert h\u00e1t valljuk be, nem t\u00fal szexi. Nincs vir\u00e1g, nincs lev\u00e9lcsoda \u2013 csak egy kis kupac gy\u00f6k\u00e9r a v\u00edzben. De tudd: itt t\u00f6rt\u00e9nik az igazi var\u00e1zslat. Mert ez a l\u00e1thatatlan r\u00e9sz az, ami mindent megtart. N\u00e9lk\u00fcle semmi nincs.<\/span><\/p><p><span style=\"font-weight: 400; font-size: 18px;\">Ez olyan, mint amikor te bel\u00fcl dolgozol magadon. Medit\u00e1lsz, ter\u00e1pi\u00e1ba j\u00e1rsz, vagy egyszer\u0171en csak t\u00fal vagy h\u00e1rom nap m\u00e9lycsenden a f\u00fcrd\u0151k\u00e1dban. Nem l\u00e1tv\u00e1nyos, de elk\u00e9peszt\u0151en fontos. Ez a gy\u00f6kerez\u00e9s ideje. \u00c9s tudod mit? N\u00e9ha az is teljes\u00edtm\u00e9ny, hogy csak ott vagy, \u00e9s nem esel sz\u00e9t. Ezt is \u00e9rdemes \u00fcnnepelni.<\/span><\/p>\t\t\t\t\t\t\t\t<\/div>\n\t\t\t\t<\/div>\n\t\t\t\t<div class=\"elementor-element elementor-element-952ce7d elementor-widget elementor-widget-image\" data-id=\"952ce7d\" data-element_type=\"widget\" data-e-type=\"widget\" data-widget_type=\"image.default\">\n\t\t\t\t<div class=\"elementor-widget-container\">\n\t\t\t\t\t\t\t\t\t\t\t\t\t\t\t<img decoding=\"async\" width=\"800\" height=\"320\" src=\"https:\/\/noivezetok.eu\/wp-content\/uploads\/2025\/06\/mindfulzold-Neha-az-is-teljesitmeny-hogy-csak-ott-vagy-es-nem-esel-szet.-3.jpg\" class=\"attachment-large size-large wp-image-3883\" alt=\"mindfulz\u00f6ld - N\u00e9ha az is teljes\u00edtm\u00e9ny, hogy csak ott vagy, \u00e9s nem esel sz\u00e9t. (3)\" srcset=\"https:\/\/noivezetok.eu\/wp-content\/uploads\/2025\/06\/mindfulzold-Neha-az-is-teljesitmeny-hogy-csak-ott-vagy-es-nem-esel-szet.-3.jpg 1000w, https:\/\/noivezetok.eu\/wp-content\/uploads\/2025\/06\/mindfulzold-Neha-az-is-teljesitmeny-hogy-csak-ott-vagy-es-nem-esel-szet.-3-300x120.jpg 300w, https:\/\/noivezetok.eu\/wp-content\/uploads\/2025\/06\/mindfulzold-Neha-az-is-teljesitmeny-hogy-csak-ott-vagy-es-nem-esel-szet.-3-768x307.jpg 768w, https:\/\/noivezetok.eu\/wp-content\/uploads\/2025\/06\/mindfulzold-Neha-az-is-teljesitmeny-hogy-csak-ott-vagy-es-nem-esel-szet.-3-18x7.jpg 18w, https:\/\/noivezetok.eu\/wp-content\/uploads\/2025\/06\/mindfulzold-Neha-az-is-teljesitmeny-hogy-csak-ott-vagy-es-nem-esel-szet.-3-600x240.jpg 600w\" sizes=\"(max-width: 800px) 100vw, 800px\" \/>\t\t\t\t\t\t\t\t\t\t\t\t\t\t\t<\/div>\n\t\t\t\t<\/div>\n\t\t\t\t<div class=\"elementor-element elementor-element-854fc5e elementor-widget elementor-widget-heading\" data-id=\"854fc5e\" data-element_type=\"widget\" data-e-type=\"widget\" data-widget_type=\"heading.default\">\n\t\t\t\t<div class=\"elementor-widget-container\">\n\t\t\t\t\t<h2 class=\"elementor-heading-title elementor-size-default\">F\u00e9nyig\u00e9ny \u00e9s v\u00edzig\u00e9ny \u2013 avagy hogyan ismerj\u00fck fel saj\u00e1t sz\u00fcks\u00e9gleteinket\n<\/h2>\t\t\t\t<\/div>\n\t\t\t\t<\/div>\n\t\t\t\t<div class=\"elementor-element elementor-element-e3bd347 elementor-widget elementor-widget-text-editor\" data-id=\"e3bd347\" data-element_type=\"widget\" data-e-type=\"widget\" data-widget_type=\"text-editor.default\">\n\t\t\t\t<div class=\"elementor-widget-container\">\n\t\t\t\t\t\t\t\t\t<p><span style=\"font-weight: 400; font-size: 18px;\">A n\u00f6v\u00e9ny, ha s\u00e1rgul, barnul, nem hazudik. Nem mondja, hogy \u201esemmi baj, j\u00f3l vagyok, csak kicsit sok volt mostan\u00e1ban\u201d. Sim\u00e1n megmutatja, hogy kev\u00e9s a f\u00e9ny, sok a v\u00edz, vagy csak sim\u00e1n elege van. \u00c9s ez zseni\u00e1lis. Mert nek\u00fcnk embereknek valahogy nem ilyen egyszer\u0171.<\/span><\/p><p><span style=\"font-weight: 400; font-size: 18px;\">A szapor\u00edtott kis n\u00f6v\u00e9nyke csak akkor indul be, ha j\u00f3l \u00e9rzi mag\u00e1t. \u00c9s ez teljesen ok\u00e9. Neked is szabad azt mondani: most kell egy kis napf\u00e9ny, most visszavonulok, most megint akt\u00edv vagyok. Tanulj a n\u00f6v\u00e9nyeidt\u0151l: nem vagy robot. V\u00e1ltoz\u00f3 vagy, mint az \u00e9vszakok. \u00c9s ez \u00edgy van j\u00f3l.<\/span><\/p><p>\u00a0<\/p><p><img decoding=\"async\" class=\"aligncenter\" src=\"https:\/\/noivezetok.eu\/wp-content\/uploads\/2025\/03\/none.gif\" \/><\/p>\t\t\t\t\t\t\t\t<\/div>\n\t\t\t\t<\/div>\n\t\t\t\t<div class=\"elementor-element elementor-element-15f84ba elementor-widget elementor-widget-heading\" data-id=\"15f84ba\" data-element_type=\"widget\" data-e-type=\"widget\" data-widget_type=\"heading.default\">\n\t\t\t\t<div class=\"elementor-widget-container\">\n\t\t\t\t\t<h2 class=\"elementor-heading-title elementor-size-default\">A lass\u00fa n\u00f6veked\u00e9s nem kudarc, hanem b\u00f6lcsess\u00e9g\n<\/h2>\t\t\t\t<\/div>\n\t\t\t\t<\/div>\n\t\t\t\t<div class=\"elementor-element elementor-element-3d396c3 elementor-widget elementor-widget-text-editor\" data-id=\"3d396c3\" data-element_type=\"widget\" data-e-type=\"widget\" data-widget_type=\"text-editor.default\">\n\t\t\t\t<div class=\"elementor-widget-container\">\n\t\t\t\t\t\t\t\t\t<p><span style=\"font-weight: 400; font-size: 18px;\">Ha azt v\u00e1rod, hogy a v\u00e1gott hajt\u00e1s k\u00e9t nap alatt \u00f3ri\u00e1ss\u00e1 v\u00e1ltozik, akkor&#8230; nos, lehet, hogy t\u00fal sok motiv\u00e1ci\u00f3s posztot n\u00e9zt\u00e9l a neten. A n\u00f6v\u00e9nyek nem versenyeznek. Nem stresszelnek r\u00e1, hogy a szomsz\u00e9d epi m\u00e1r h\u00e1rom centit n\u0151tt.<\/span><\/p><p><span style=\"font-weight: 400; font-size: 18px;\">Te se tedd. A lass\u00fas\u00e1g nem egyenl\u0151 a b\u00e9nas\u00e1ggal. S\u0151t. Az a stabil fejl\u0151d\u00e9s kulcsa. A b\u00f6lcs n\u00f6v\u00e9ny tudja: gy\u00f6kerek n\u00e9lk\u00fcl nincs show. \u00c9s te is tudod, ugye? Ne b\u00e1ntsd magad, ha most \u00e9pp nem vir\u00e1gzol. Lehet, hogy \u00e9pp gy\u00f6kerezel. \u00c9s az is nagyon men\u0151 dolog \u00e1m.<\/span><\/p><p>\u00a0<\/p><p><img decoding=\"async\" class=\"aligncenter\" src=\"https:\/\/noivezetok.eu\/wp-content\/uploads\/2025\/03\/none.gif\" \/><\/p>\t\t\t\t\t\t\t\t<\/div>\n\t\t\t\t<\/div>\n\t\t\t\t<div class=\"elementor-element elementor-element-3a75d94 elementor-widget elementor-widget-heading\" data-id=\"3a75d94\" data-element_type=\"widget\" data-e-type=\"widget\" data-widget_type=\"heading.default\">\n\t\t\t\t<div class=\"elementor-widget-container\">\n\t\t\t\t\t<h2 class=\"elementor-heading-title elementor-size-default\">Szapor\u00edt\u00e1s mint \u00f6nmagunk \u00fajrateremt\u00e9se\n<\/h2>\t\t\t\t<\/div>\n\t\t\t\t<\/div>\n\t\t\t\t<div class=\"elementor-element elementor-element-739d483 elementor-widget elementor-widget-text-editor\" data-id=\"739d483\" data-element_type=\"widget\" data-e-type=\"widget\" data-widget_type=\"text-editor.default\">\n\t\t\t\t<div class=\"elementor-widget-container\">\n\t\t\t\t\t\t\t\t\t<p><span style=\"font-weight: 400; font-size: 18px;\">Egy \u201clev\u00e9lb\u0151l\u201d \u00faj \u00e9let lesz. Ez m\u00e1r \u00f6nmag\u00e1ban el\u00e9g \u201ewow\u201d, de gondolj bele: ez pont olyan, mint mikor te \u00e1t\u00e9led a saj\u00e1t \u00fajrateremt\u00e9sed. Van, amikor leszakadsz valamir\u0151l \u2013 egy r\u00e9gi \u00e9nedr\u0151l, egy kapcsolatr\u00f3l, egy szok\u00e1sr\u00f3l \u2013 \u00e9s hirtelen valami \u00faj kezd n\u0151ni benned.<\/span><\/p><p><span style=\"font-weight: 400; font-size: 18px;\">A n\u00f6v\u00e9nyszapor\u00edt\u00e1s nem csak kert\u00e9szeti m\u0171velet. Spiritu\u00e1lis gyakorlat. K\u00e9zzelfoghat\u00f3 bizony\u00edt\u00e9ka annak, hogy mindig van es\u00e9ly a v\u00e1ltoz\u00e1sra. M\u00e9g akkor is, ha csak egy kis v\u00edzbe tett \u201clev\u00e9l\u201d vagy. S\u0151t, akkor k\u00fcl\u00f6n\u00f6sen.<\/span><\/p>\t\t\t\t\t\t\t\t<\/div>\n\t\t\t\t<\/div>\n\t\t\t\t<div class=\"elementor-element elementor-element-5c9ff57 elementor-widget elementor-widget-image\" data-id=\"5c9ff57\" data-element_type=\"widget\" data-e-type=\"widget\" data-widget_type=\"image.default\">\n\t\t\t\t<div class=\"elementor-widget-container\">\n\t\t\t\t\t\t\t\t\t\t\t\t\t\t\t<img decoding=\"async\" width=\"800\" height=\"320\" src=\"https:\/\/noivezetok.eu\/wp-content\/uploads\/2025\/06\/mindfulzold-mindig-van-esely-a-valtozasra.-1.jpg\" class=\"attachment-large size-large wp-image-3884\" alt=\"mindfulz\u00f6ld - mindig van es\u00e9ly a v\u00e1ltoz\u00e1sra. (1)\" srcset=\"https:\/\/noivezetok.eu\/wp-content\/uploads\/2025\/06\/mindfulzold-mindig-van-esely-a-valtozasra.-1.jpg 1000w, https:\/\/noivezetok.eu\/wp-content\/uploads\/2025\/06\/mindfulzold-mindig-van-esely-a-valtozasra.-1-300x120.jpg 300w, https:\/\/noivezetok.eu\/wp-content\/uploads\/2025\/06\/mindfulzold-mindig-van-esely-a-valtozasra.-1-768x307.jpg 768w, https:\/\/noivezetok.eu\/wp-content\/uploads\/2025\/06\/mindfulzold-mindig-van-esely-a-valtozasra.-1-18x7.jpg 18w, https:\/\/noivezetok.eu\/wp-content\/uploads\/2025\/06\/mindfulzold-mindig-van-esely-a-valtozasra.-1-600x240.jpg 600w\" sizes=\"(max-width: 800px) 100vw, 800px\" \/>\t\t\t\t\t\t\t\t\t\t\t\t\t\t\t<\/div>\n\t\t\t\t<\/div>\n\t\t\t\t<div class=\"elementor-element elementor-element-3abc814 elementor-widget elementor-widget-heading\" data-id=\"3abc814\" data-element_type=\"widget\" data-e-type=\"widget\" data-widget_type=\"heading.default\">\n\t\t\t\t<div class=\"elementor-widget-container\">\n\t\t\t\t\t<h2 class=\"elementor-heading-title elementor-size-default\">Kapcsol\u00f3d\u00e1s az \u00e9let k\u00f6rforg\u00e1s\u00e1hoz: n\u00f6v\u00e9ny, n\u0151is\u00e9g, term\u00e9szet\n<\/h2>\t\t\t\t<\/div>\n\t\t\t\t<\/div>\n\t\t\t\t<div class=\"elementor-element elementor-element-baaa55c elementor-widget elementor-widget-text-editor\" data-id=\"baaa55c\" data-element_type=\"widget\" data-e-type=\"widget\" data-widget_type=\"text-editor.default\">\n\t\t\t\t<div class=\"elementor-widget-container\">\n\t\t\t\t\t\t\t\t\t<p><span style=\"font-weight: 400; font-size: 18px;\">A n\u00f6v\u00e9nyszapor\u00edt\u00e1s a n\u0151i l\u00e9t t\u00fckre &#8211; b\u00e1r szerencs\u00e9re irt\u00f3 sok f\u00e9rfi \u0171zi ezt a hobbit. Ciklikus, hull\u00e1mz\u00f3, n\u00e9ha visszah\u00faz\u00f3d\u00f3, m\u00e1skor burj\u00e1nz\u00f3. \u00c9s ez gy\u00f6ny\u00f6r\u0171. Ahogy a lev\u00e9lb\u0151l hajt\u00e1s, abb\u00f3l gy\u00f6k\u00e9r, majd eg\u00e9sz n\u00f6v\u00e9ny lesz \u2013 \u00fagy \u00e9p\u00fcl fel a n\u0151i l\u00e9t is: az intu\u00edci\u00f3, a t\u00f6r\u0151d\u00e9s, a ritmus tisztelete.<\/span><\/p><p><span style=\"font-weight: 400; font-size: 18px;\">Nem kell mindig teljes\u00edteni. N\u00e9ha el\u00e9g csak l\u00e9tezni. N\u00e9ha n\u00f6vekedsz, n\u00e9ha pihensz. A term\u00e9szet ezt m\u00e1r r\u00e9g tudja. Ideje, hogy mi is tanuljunk t\u0151le. A szapor\u00edt\u00e1s nemcsak technika, hanem eml\u00e9keztet\u0151: kapcsol\u00f3dj a ciklusaidhoz, a testedhez, az \u00f6szt\u00f6neidhez \u2013 mert ott van a val\u00f3di er\u0151d.<\/span><\/p><p>\u00a0<\/p><p><img decoding=\"async\" class=\"aligncenter\" src=\"https:\/\/noivezetok.eu\/wp-content\/uploads\/2025\/03\/none.gif\" \/><\/p>\t\t\t\t\t\t\t\t<\/div>\n\t\t\t\t<\/div>\n\t\t\t\t<div class=\"elementor-element elementor-element-f2690f6 elementor-widget elementor-widget-heading\" data-id=\"f2690f6\" data-element_type=\"widget\" data-e-type=\"widget\" data-widget_type=\"heading.default\">\n\t\t\t\t<div class=\"elementor-widget-container\">\n\t\t\t\t\t<h2 class=\"elementor-heading-title elementor-size-default\">\u00d6sszegz\u00e9s: bels\u0151 t\u00fck\u00f6r \u2013 visszan\u00f6v\u0151 hajt\u00e1sok <\/h2>\t\t\t\t<\/div>\n\t\t\t\t<\/div>\n\t\t\t\t<div class=\"elementor-element elementor-element-a209437 elementor-widget elementor-widget-text-editor\" data-id=\"a209437\" data-element_type=\"widget\" data-e-type=\"widget\" data-widget_type=\"text-editor.default\">\n\t\t\t\t<div class=\"elementor-widget-container\">\n\t\t\t\t\t\t\t\t\t<p><span style=\"font-size: 18px;\"><span style=\"font-weight: 400;\">Sz\u00f3val mi t\u00f6rt\u00e9nik, amikor egy kis lev\u00e9lk\u00e9t v\u00edzbe tesz\u00fcnk? Nem csak n\u00f6v\u00e9nyt szapor\u00edtunk, hanem magunkat is. Lassan, de biztosan. A gy\u00f6kerek k\u00fasznak, mi pedig k\u00f6zben \u00faj szok\u00e1sokat n\u00f6veszt\u00fcnk, \u00f6nismereti zar\u00e1ndoklatot j\u00e1runk \u2013 f\u00fcrd\u0151k\u00f6penyben, \u00f6nt\u00f6z\u0151kann\u00e1val, vagy \u00e9pp hatalmas r\u00e1csod\u00e1lkoz\u00e1ssal: j\u00e9, mennyit n\u0151tt\u00e9l, itt egy \u00faj lev\u00e9l!<\/span><span style=\"font-weight: 400;\"><br \/><\/span><\/span><\/p>\t\t\t\t\t\t\t\t<\/div>\n\t\t\t\t<\/div>\n\t\t\t\t<div class=\"elementor-element elementor-element-42c16a5 elementor-widget elementor-widget-image\" data-id=\"42c16a5\" data-element_type=\"widget\" data-e-type=\"widget\" data-widget_type=\"image.default\">\n\t\t\t\t<div class=\"elementor-widget-container\">\n\t\t\t\t\t\t\t\t\t\t\t\t\t\t\t<img loading=\"lazy\" decoding=\"async\" width=\"800\" height=\"320\" src=\"https:\/\/noivezetok.eu\/wp-content\/uploads\/2025\/06\/mindfulzold-Egy-tukrozo-zold-barat-aki-nem-kritizal-csak-no.jpg\" class=\"attachment-large size-large wp-image-3885\" alt=\"mindfulz\u00f6ld - Egy t\u00fckr\u00f6z\u0151 z\u00f6ld bar\u00e1t, aki nem kritiz\u00e1l, csak n\u0151.\" srcset=\"https:\/\/noivezetok.eu\/wp-content\/uploads\/2025\/06\/mindfulzold-Egy-tukrozo-zold-barat-aki-nem-kritizal-csak-no.jpg 1000w, https:\/\/noivezetok.eu\/wp-content\/uploads\/2025\/06\/mindfulzold-Egy-tukrozo-zold-barat-aki-nem-kritizal-csak-no-300x120.jpg 300w, https:\/\/noivezetok.eu\/wp-content\/uploads\/2025\/06\/mindfulzold-Egy-tukrozo-zold-barat-aki-nem-kritizal-csak-no-768x307.jpg 768w, https:\/\/noivezetok.eu\/wp-content\/uploads\/2025\/06\/mindfulzold-Egy-tukrozo-zold-barat-aki-nem-kritizal-csak-no-18x7.jpg 18w, https:\/\/noivezetok.eu\/wp-content\/uploads\/2025\/06\/mindfulzold-Egy-tukrozo-zold-barat-aki-nem-kritizal-csak-no-600x240.jpg 600w\" sizes=\"(max-width: 800px) 100vw, 800px\" \/>\t\t\t\t\t\t\t\t\t\t\t\t\t\t\t<\/div>\n\t\t\t\t<\/div>\n\t\t\t\t<div class=\"elementor-element elementor-element-744941a elementor-widget elementor-widget-text-editor\" data-id=\"744941a\" data-element_type=\"widget\" data-e-type=\"widget\" data-widget_type=\"text-editor.default\">\n\t\t\t\t<div class=\"elementor-widget-container\">\n\t\t\t\t\t\t\t\t\t<p><span style=\"font-weight: 400; font-size: 18px;\">Megsz\u00e1ml\u00e1lhatatlan alkalommal k\u00e9rdezt\u00e9k m\u00e1r t\u0151lem, hogyan lehet \u00f6t gyerek mellett n\u00f6v\u00e9nyezni, mik\u00f6zben v\u00e1llalkoz\u00f3knak seg\u00edtek marketingben, strat\u00e9gi\u00e1ban, \u00e9s k\u00f6zben pr\u00f3b\u00e1lom megtal\u00e1lni a saj\u00e1t b\u00e9k\u00e9met is a nap v\u00e9g\u00e9n. Nos, valahol itt van a kutya el\u00e1sva: a n\u00f6v\u00e9nyez\u00e9s az \u00e9n ment\u00e1lis zsilipem. Ahol kiszell\u0151zik a fejem, miel\u0151tt lecsapna a k\u00e1osz. Seg\u00edt visszat\u00e9rni a jelenbe, meg a konyhapultra is, ha \u00e9pp ott fut egy gy\u00f6kereztet\u00e9s el\u0151k\u00e9sz\u00edt\u00e9se vagy egy \u00faj kis TC csoda akklimatiz\u00e1l\u00e1sra val\u00f3 felk\u00e9sz\u00edt\u00e9se. \u00c9s hogy a gyerekek k\u00f6zben mit csin\u00e1lnak? J\u00f6nnek velem. \u00dcltetnek, \u00f6nt\u00f6znek, besz\u00e9lnek a n\u00f6v\u00e9nyekhez (sokszor viccesebben, mint \u00e9n), \u00e9s k\u00f6zben t\u00f6rt\u00e9nik valami k\u00f6z\u00f6s. Egy kis ritu\u00e1l\u00e9, egy kis csoda, ami mindannyiunk fejl\u0151d\u00e9s\u00e9t szolg\u00e1lja, \u00edgy, vagy \u00fagy.<\/span><\/p><p><span style=\"font-weight: 400; font-size: 18px;\">Ez a kis z\u00f6ld projekt nem csak arr\u00f3l sz\u00f3l, hogy legyen t\u00f6bb z\u00f6ld a polcon. Hanem arr\u00f3l, hogy figyelsz. Magadra, a temp\u00f3dra, arra, mire van sz\u00fcks\u00e9ged. K\u00f6zben pedig r\u00e1j\u00f6ssz, hogy a n\u00f6v\u00e9ny nem csak oxig\u00e9nt termel, hanem b\u00f6lcsess\u00e9get is. Mert t\u00fcrelmet tan\u00edt, h\u00e1l\u00e1t, emp\u00e1ti\u00e1t \u2013 s\u0151t, m\u00e9g azt is, hogy n\u00e9ha teljesen ok\u00e9 csak lenni. Nem alkotni, nem p\u00f6r\u00f6gni, csak n\u00f6vekedni. Csendben.<\/span><\/p><p><span style=\"font-size: 18px;\"><span style=\"font-weight: 400;\">A <\/span><b><i>MindfulZ\u00f6ld<\/i><\/b><span style=\"font-weight: 400;\"> \u00fatja teh\u00e1t nem arr\u00f3l sz\u00f3l, hogy t\u00f6k\u00e9letes dzsungel legyen a lak\u00e1sban. Hanem arr\u00f3l, hogy a n\u00f6v\u00e9nynevel\u00e9s egyfajta medit\u00e1ci\u00f3v\u00e1 v\u00e1lik \u2013 egy t\u00fckr\u00f6z\u0151 z\u00f6ld bar\u00e1t, aki nem kritiz\u00e1l, csak n\u0151. \u00c9s k\u00f6zben seg\u00edt neked is n\u00f6vekedni. \u00dagyhogy legk\u00f6zelebb, amikor egy \u00faj hajt\u00e1s megjelenik, ne csak \u00f6r\u00fclj \u2013 hanem eml\u00e9kezz: ez nem csak n\u00f6v\u00e9ny, ez te vagy. \u00dajra n\u00f6v\u00e9snek indulva.<\/span><\/span><\/p><p><span style=\"font-size: 18px;\"><i><span style=\"font-weight: 400;\"><a href=\"https:\/\/noivezetok.eu\/en_en\/halanaplo-csomag\/\">Az \u00c9n H\u00e1lanapl\u00f3m<\/a> is szorosan kapcsol\u00f3dik ehhez a t\u00f6rt\u00e9nethez, hiszen \u00e9pp t\u00f6k\u00e9letes els\u0151 sor lehet ez is: &#8222;h\u00e1l\u00e1s vagyok a n\u00f6v\u00e9nyeim\u00e9rt&#8221; .\u00a0 \u00a0 \u00a0 \u00a0 \u00a0 \u00a0 \u00a0 \u00a0 \u00a0 \u00a0 \u00a0 \u00a0 \u00a0 \u00a0 \u00a0 \u00a0 \u00a0 \u00a0 \u00a0 \u00a0 \u00a0 \u00a0 \u00a0 \u00a0 \u00a0 \u00a0 \u00a0 \u00a0 \u00a0 \u00a0 \u00a0 \u00a0 \u00a0 \u00a0 \u00a0 \u00a0 \u00a0 \u00a0 \u00a0 \u00a0 \u00a0 \u00a0 \u00a0 \u00a0 \u00a0 \u00a0 \u00a0 \u00a0 \u00a0 \u00a0 \u00a0 \u00a0 \u00a0 \u00a0 \u00a0 \u00a0\u00a0<\/span><\/i><\/span><\/p><p><span style=\"font-size: 18px;\"><i><span style=\"font-weight: 400;\">\u00a0 \u00a0 \u00a0 \u00a0 \u00a0 \u00a0 \u00a0 \u00a0 \u00a0 \u00a0 \u00a0 \u00a0 \u00a0 \u00a0 \u00a0 \u00a0 \u00a0 \u00a0 \u00a0 \u00a0 \u00a0 \u00a0 \u00a0 \u00a0 \u00a0 \u00a0 \u00a0 \u00a0 \u00a0 \u00a0 \u00a0 \u00a0 \u00a0 \u00a0 \u00a0 \u00a0 \u00a0 \u00a0 \u00a0 \u00a0 \u00a0 \u00a0 \u00a0 \u00a0 \u00a0 \u00a0 \u00a0 \u00a0 \u00a0 \u00a0 \u00a0 \u00a0<\/span><\/i><\/span><\/p><p><span style=\"font-size: 18px;\"><b>Forr\u00e1sok:<\/b><b><br \/><\/b><span style=\"font-weight: 400;\">Lee, M. S., et al. (2015). &#8222;Physiological relaxation induced by horticultural activity: transplanting work using flowering plants.&#8221; <\/span><i><span style=\"font-weight: 400;\">Journal of Physiological Anthropology<\/span><\/i><span style=\"font-weight: 400;\">, 34(1), 19.<\/span><span style=\"font-weight: 400;\"><br \/><\/span><span style=\"font-weight: 400;\">Park, S.-A., &amp; Mattson, R. H. (2009). &#8222;Therapeutic influences of plants in hospital rooms on surgical recovery.&#8221; <\/span><i><span style=\"font-weight: 400;\">HortScience<\/span><\/i><span style=\"font-weight: 400;\">, 44(1), 102\u2013105.<\/span><\/span><\/p>\t\t\t\t\t\t\t\t<\/div>\n\t\t\t\t<\/div>\n\t\t\t\t<div class=\"elementor-element elementor-element-4587 elementor-widget elementor-widget-global elementor-global-4587 elementor-widget-author-box\" data-id=\"4587\" data-element_type=\"widget\" data-e-type=\"widget\" data-widget_type=\"author-box.default\">\n\t\t\t\t<div class=\"elementor-widget-container\">\n\t\t\t\t\t\t\t<div class=\"elementor-author-box\">\n\t\t\t\t\t\t\t<a href=\"https:\/\/timesaver.hu\/\" class=\"elementor-author-box__avatar\" target=\"_blank\" rel=\"noopener\">\n\t\t\t\t\t<img decoding=\"async\" src=\"https:\/\/noivezetok.eu\/wp-content\/uploads\/2025\/08\/8084a1e8-a04b-4a44-bcab-049a496e2169-275x300.jpeg\" alt=\"Picture of Sinka Gabriella T\u00edmea\" loading=\"lazy\">\n\t\t\t\t<\/a>\n\t\t\t\n\t\t\t<div class=\"elementor-author-box__text\">\n\t\t\t\t\t\t\t\t\t<a href=\"https:\/\/timesaver.hu\/\" target=\"_blank\" rel=\"noopener\">\n\t\t\t\t\t\t<h3 class=\"elementor-author-box__name\">\n\t\t\t\t\t\t\tSinka Gabriella T\u00edmea\t\t\t\t\t\t<\/h3>\n\t\t\t\t\t<\/a>\n\t\t\t\t\n\t\t\t\t\t\t\t\t\t<div class=\"elementor-author-box__bio\">\n\t\t\t\t\t\t<p>Im\u00e1dom, amikor egy j\u00f3 besz\u00e9lget\u00e9sb\u0151l \u00faj \u00f6tletek sz\u00fcletnek! Hiszem, hogy minden n\u0151 vezet\u0151 \u2013 legal\u00e1bb a saj\u00e1t \u00e9let\u00e9ben, \u00e9s itt azon dolgozom, hogy Te is visszatal\u00e1lj a f\u0151szerepbe, mik\u00f6zben egy\u00fctt nevet\u00fcnk, inspir\u00e1l\u00f3dunk \u00e9s mer\u00fcnk nagyot \u00e1lmodni!<\/p>\n\t\t\t\t\t<\/div>\n\t\t\t\t\n\t\t\t\t\t\t\t\t\t<a class=\"elementor-author-box__button elementor-button elementor-size-xs\" href=\"https:\/\/www.facebook.com\/timesaver.sinkagabriella\/\" target=\"_blank\" rel=\"noopener\">\n\t\t\t\t\t\tK\u00e9rd\u00e9sed van? \u00cdrj!\t\t\t\t\t<\/a>\n\t\t\t\t\t\t\t<\/div>\n\t\t<\/div>\n\t\t\t\t\t\t<\/div>\n\t\t\t\t<\/div>\n\t\t\t\t<div class=\"elementor-element elementor-element-3f738d2 elementor-widget elementor-widget-wp-widget-recent-posts\" data-id=\"3f738d2\" data-element_type=\"widget\" data-e-type=\"widget\" data-widget_type=\"wp-widget-recent-posts.default\">\n\t\t\t\t<div class=\"elementor-widget-container\">\n\t\t\t\t\t\n\t\t\n\t\t<h5>Recent Posts<\/h5><nav aria-label=\"Recent Posts\">\n\t\t<ul>\n\t\t\t\t\t\t\t\t\t\t\t<li>\n\t\t\t\t\t<a href=\"https:\/\/noivezetok.eu\/en_en\/vasarnap-esti-ujratervezes\/\">Vas\u00e1rnap esti \u00fajratervez\u00e9s: 30 perc, ami megmenti a heted<\/a>\n\t\t\t\t\t\t\t\t\t<\/li>\n\t\t\t\t\t\t\t\t\t\t\t<li>\n\t\t\t\t\t<a href=\"https:\/\/noivezetok.eu\/en_en\/lagy-elet-hustle-helyett\/\">L\u00e1gy \u00e9let: a csendes amb\u00edci\u00f3, ami felv\u00e1ltja a hustle-kult\u00far\u00e1t<\/a>\n\t\t\t\t\t\t\t\t\t<\/li>\n\t\t\t\t\t\t\t\t\t\t\t<li>\n\t\t\t\t\t<a href=\"https:\/\/noivezetok.eu\/en_en\/gondolatok-megfigyelese-szemlelo-mod\/\">Ne \u00e1ll\u00edtsd meg a gondolataidat, csak figyeld \u0151ket<\/a>\n\t\t\t\t\t\t\t\t\t<\/li>\n\t\t\t\t\t\t\t\t\t\t\t<li>\n\t\t\t\t\t<a href=\"https:\/\/noivezetok.eu\/en_en\/kulcs-a-kieges-ellen-remember-classic-party\/\">F\u00f3kusz \u00e9s felszabadults\u00e1g: Egy gigabuli a kulcs a ki\u00e9g\u00e9s ellen?<\/a>\n\t\t\t\t\t\t\t\t\t<\/li>\n\t\t\t\t\t\t\t\t\t\t\t<li>\n\t\t\t\t\t<a href=\"https:\/\/noivezetok.eu\/en_en\/nonap-fuggetlenseg-vagy-sodrodas\/\">N\u0151nap: F\u00fcggetlens\u00e9g vagy sodr\u00f3d\u00e1s?<\/a>\n\t\t\t\t\t\t\t\t\t<\/li>\n\t\t\t\t\t<\/ul>\n\n\t\t<\/nav>\t\t\t\t<\/div>\n\t\t\t\t<\/div>\n\t\t\t\t\t<\/div>\n\t\t\t\t<\/div>\n\t\t\t\t<\/div>","protected":false},"excerpt":{"rendered":"<p>A MindfulZ\u00f6ld filoz\u00f3fia var\u00e1zsa El\u0151sz\u00f6r is, ismerkedj\u00fcnk meg kicsit k\u00f6zelebbr\u0151l a n\u00e9v m\u00f6g\u00f6tt \u00e1ll\u00f3 sztorival. A MindfulZ\u00f6ld nem egy v\u00e9letlen n\u00e9vv\u00e1laszt\u00e1s \u2013 ezt \u00e9n tal\u00e1ltam ki, sz\u00edvb\u0151l, szerelemb\u0151l. P\u00e1r \u00e9ve kezdtem el egy\u00fctt dolgozni egy manifeszt\u00e1ci\u00f3s coach-csal, akinek a blogmunk\u00e1iban seg\u00edtettem, \u00e9s k\u00f6zben belecs\u00f6ppentem a mindfulness \u00e9s manifeszt\u00e1ci\u00f3 izgalmas vil\u00e1g\u00e1ba. Vicces, mert ekkor m\u00e1r majdnem [&hellip;]<\/p>\n","protected":false},"author":5,"featured_media":5077,"comment_status":"open","ping_status":"open","sticky":false,"template":"","format":"standard","meta":{"rank_math_focus_keyword":"\u00f6nismeret,mindfulzold,bels\u0151 b\u00e9ke,n\u00f6v\u00e9ny","rank_math_title":"Hajt\u00e1sok, \u00faj kezdettel - \u00f6nismeret n\u00f6v\u00e9nyszapor\u00edt\u00e1ssal","rank_math_description":"\u00d6t gyerek mellett, v\u00e1llalkoz\u00f3k\u00e9nt is lehet bels\u0151 b\u00e9k\u00e9d \u2013 egy monsteralev\u00e9l is seg\u00edthet az \u00f6nismeretben. N\u00e9zd meg, hogyan! MindfulZ\u00f6ld","footnotes":""},"categories":[104,118],"tags":[42,55,60,45],"class_list":["post-3881","post","type-post","status-publish","format-standard","has-post-thumbnail","hentry","category-onbecsules-onszeretet","category-onfejlesztes","tag-hala","tag-noi-vezetok","tag-onismeret","tag-pozitiv-gondolatok"],"_links":{"self":[{"href":"https:\/\/noivezetok.eu\/en_en\/wp-json\/wp\/v2\/posts\/3881","targetHints":{"allow":["GET"]}}],"collection":[{"href":"https:\/\/noivezetok.eu\/en_en\/wp-json\/wp\/v2\/posts"}],"about":[{"href":"https:\/\/noivezetok.eu\/en_en\/wp-json\/wp\/v2\/types\/post"}],"author":[{"embeddable":true,"href":"https:\/\/noivezetok.eu\/en_en\/wp-json\/wp\/v2\/users\/5"}],"replies":[{"embeddable":true,"href":"https:\/\/noivezetok.eu\/en_en\/wp-json\/wp\/v2\/comments?post=3881"}],"version-history":[{"count":13,"href":"https:\/\/noivezetok.eu\/en_en\/wp-json\/wp\/v2\/posts\/3881\/revisions"}],"predecessor-version":[{"id":4621,"href":"https:\/\/noivezetok.eu\/en_en\/wp-json\/wp\/v2\/posts\/3881\/revisions\/4621"}],"wp:featuredmedia":[{"embeddable":true,"href":"https:\/\/noivezetok.eu\/en_en\/wp-json\/wp\/v2\/media\/5077"}],"wp:attachment":[{"href":"https:\/\/noivezetok.eu\/en_en\/wp-json\/wp\/v2\/media?parent=3881"}],"wp:term":[{"taxonomy":"category","embeddable":true,"href":"https:\/\/noivezetok.eu\/en_en\/wp-json\/wp\/v2\/categories?post=3881"},{"taxonomy":"post_tag","embeddable":true,"href":"https:\/\/noivezetok.eu\/en_en\/wp-json\/wp\/v2\/tags?post=3881"}],"curies":[{"name":"wp","href":"https:\/\/api.w.org\/{rel}","templated":true}]}}