{"id":3121,"date":"2025-04-19T18:30:00","date_gmt":"2025-04-19T18:30:00","guid":{"rendered":"https:\/\/noivezetok.eu\/?p=3121"},"modified":"2025-08-02T17:39:29","modified_gmt":"2025-08-02T17:39:29","slug":"husveti-stressz-helyett-husveti-harmonia","status":"publish","type":"post","link":"https:\/\/noivezetok.eu\/en_en\/husveti-stressz-helyett-husveti-harmonia\/","title":{"rendered":"H\u00fasv\u00e9ti stressz helyett: h\u00fasv\u00e9ti harm\u00f3nia"},"content":{"rendered":"<div data-elementor-type=\"wp-post\" data-elementor-id=\"3121\" class=\"elementor elementor-3121\" data-elementor-post-type=\"post\">\n\t\t\t\t<div class=\"elementor-element elementor-element-0247bde e-flex e-con-boxed e-con e-parent\" data-id=\"0247bde\" data-element_type=\"container\" data-e-type=\"container\">\n\t\t\t\t\t<div class=\"e-con-inner\">\n\t\t\t\t<div class=\"elementor-element elementor-element-bfb24fc elementor-widget elementor-widget-text-editor\" data-id=\"bfb24fc\" data-element_type=\"widget\" data-e-type=\"widget\" data-widget_type=\"text-editor.default\">\n\t\t\t\t<div class=\"elementor-widget-container\">\n\t\t\t\t\t\t\t\t\t<p><span style=\"font-size: 30px;\"><i>Avagy: \u00cdgy ne \u0151r\u00fclj meg a hossz\u00fa h\u00e9tv\u00e9g\u00e9n &#8211; \u00e9s persze a tavaszi sz\u00fcnetben!<\/i><\/span><\/p>\t\t\t\t\t\t\t\t<\/div>\n\t\t\t\t<\/div>\n\t\t\t\t<div class=\"elementor-element elementor-element-aaf8156 elementor-widget elementor-widget-heading\" data-id=\"aaf8156\" data-element_type=\"widget\" data-e-type=\"widget\" data-widget_type=\"heading.default\">\n\t\t\t\t<div class=\"elementor-widget-container\">\n\t\t\t\t\t<h2 class=\"elementor-heading-title elementor-size-default\">\u2026amikor m\u00e1r a sonka is t\u00fal sok\n<\/h2>\t\t\t\t<\/div>\n\t\t\t\t<\/div>\n\t\t\t\t<div class=\"elementor-element elementor-element-63cac09 elementor-widget elementor-widget-text-editor\" data-id=\"63cac09\" data-element_type=\"widget\" data-e-type=\"widget\" data-widget_type=\"text-editor.default\">\n\t\t\t\t<div class=\"elementor-widget-container\">\n\t\t\t\t\t\t\t\t\t<p><span style=\"font-size: 18px;\">A h\u00fasv\u00e9t sok n\u0151 sz\u00e1m\u00e1ra nem a nyugalom, az \u00fcnnepl\u00e9s \u00e9s a tavasz \u00fcnnepe \u2013 hanem egy k\u00e9tnapos, rohan\u00e1ssal, vend\u00e9gl\u00e1t\u00e1ssal, \u00e9s v\u00e9gtelen mennyis\u00e9g\u0171 f\u0151tt toj\u00e1ssal t\u0171zdelt t\u00fal\u00e9l\u0151t\u00fara. Mert mik\u00f6zben igyeksz\u00fcnk t\u00f6k\u00e9letesen megter\u00edteni, d\u00edsz\u00edteni, s\u00fctni-f\u0151zni \u00e9s k\u00f6zben m\u00e9g j\u00f3l is \u00e9rezni magunkat, valahogy pont mi maradunk ki az eg\u00e9szb\u0151l. Ez\u00e9rt is d\u00f6nt\u00f6tt\u00fcnk \u00fagy, hogy id\u00e9n m\u00e1st aj\u00e1nlunk: stressz helyett h\u00fasv\u00e9ti harm\u00f3ni\u00e1t. Igen, lehets\u00e9ges!<\/span><\/p>\t\t\t\t\t\t\t\t<\/div>\n\t\t\t\t<\/div>\n\t\t\t\t<div class=\"elementor-element elementor-element-5f12a26 elementor-widget elementor-widget-image\" data-id=\"5f12a26\" data-element_type=\"widget\" data-e-type=\"widget\" data-widget_type=\"image.default\">\n\t\t\t\t<div class=\"elementor-widget-container\">\n\t\t\t\t\t\t\t\t\t\t\t\t\t\t\t<img fetchpriority=\"high\" decoding=\"async\" width=\"800\" height=\"320\" src=\"https:\/\/noivezetok.eu\/wp-content\/uploads\/2025\/04\/FRISS-Noi-Vezetok-BLOG-belso-kepek-1000-x-400-keppont-14.jpg\" class=\"attachment-large size-large wp-image-3124\" alt=\"A harm\u00f3nia nem a t\u00f6k\u00e9letess\u00e9gb\u0151l fakad\" srcset=\"https:\/\/noivezetok.eu\/wp-content\/uploads\/2025\/04\/FRISS-Noi-Vezetok-BLOG-belso-kepek-1000-x-400-keppont-14.jpg 1000w, https:\/\/noivezetok.eu\/wp-content\/uploads\/2025\/04\/FRISS-Noi-Vezetok-BLOG-belso-kepek-1000-x-400-keppont-14-300x120.jpg 300w, https:\/\/noivezetok.eu\/wp-content\/uploads\/2025\/04\/FRISS-Noi-Vezetok-BLOG-belso-kepek-1000-x-400-keppont-14-768x307.jpg 768w, https:\/\/noivezetok.eu\/wp-content\/uploads\/2025\/04\/FRISS-Noi-Vezetok-BLOG-belso-kepek-1000-x-400-keppont-14-18x7.jpg 18w, https:\/\/noivezetok.eu\/wp-content\/uploads\/2025\/04\/FRISS-Noi-Vezetok-BLOG-belso-kepek-1000-x-400-keppont-14-600x240.jpg 600w\" sizes=\"(max-width: 800px) 100vw, 800px\" \/>\t\t\t\t\t\t\t\t\t\t\t\t\t\t\t<\/div>\n\t\t\t\t<\/div>\n\t\t\t\t<div class=\"elementor-element elementor-element-3dd10f2 elementor-widget elementor-widget-heading\" data-id=\"3dd10f2\" data-element_type=\"widget\" data-e-type=\"widget\" data-widget_type=\"heading.default\">\n\t\t\t\t<div class=\"elementor-widget-container\">\n\t\t\t\t\t<h2 class=\"elementor-heading-title elementor-size-default\">Elv\u00e1r\u00e1sok vs. val\u00f3s\u00e1g \u2013 avagy mi\u00e9rt nem kell mindent t\u00f6k\u00e9letesen csin\u00e1lni?<\/h2>\t\t\t\t<\/div>\n\t\t\t\t<\/div>\n\t\t\t\t<div class=\"elementor-element elementor-element-e85e79d elementor-widget elementor-widget-text-editor\" data-id=\"e85e79d\" data-element_type=\"widget\" data-e-type=\"widget\" data-widget_type=\"text-editor.default\">\n\t\t\t\t<div class=\"elementor-widget-container\">\n\t\t\t\t\t\t\t\t\t<p><span style=\"font-size: 18px;\">A Pinterest-t\u00f6k\u00e9letes asztaldekor\u00e1ci\u00f3, a h\u00e1romf\u00e9le h\u00e1zi kal\u00e1cs, a csal\u00e1d minden tagja kedvenc men\u00fcje\u2026 \u00e9s te a nap v\u00e9g\u00e9n kimer\u00fclve pr\u00f3b\u00e1lod felid\u00e9zni, mikor ett\u00e9l utolj\u00e1ra rendesen. Ismer\u0151s? Itt az ideje \u00fajradefini\u00e1lni, mit is jelent a &#8222;j\u00f3 h\u00e1zigazda&#8221;. A vend\u00e9gek ugyanis nem a cukorm\u00e1zas nyuszik miatt fognak j\u00f3l \u00e9rezni magukat, hanem az\u00e9rt, mert te is jelen vagy \u2013 nyugodtan, mosolyogva, \u00f6nazonosan.<\/span><\/p><p><span style=\"font-size: 18px;\">\u00c9s tudod mi a legfurcs\u00e1bb? Hogy sokszor <em data-start=\"93\" data-end=\"104\">mi magunk<\/em> vagyunk a legszigor\u00fabb vend\u00e9geink. Mi vagyunk azok, akik fejben pip\u00e1lgatj\u00e1k a \u201emegfeleltem-e\u201d list\u00e1t: volt el\u00e9g csillog\u00f3 toj\u00e1s? J\u00f3l illett egym\u00e1shoz a szalv\u00e9ta meg a t\u00e1ny\u00e9ral\u00e1t\u00e9t? Meg\u00e9rkezett id\u0151ben a t\u00f6lt\u00f6tt k\u00e1poszta? Mik\u00f6zben a gyerekek boldogan kergetik egym\u00e1st a kertben, a nagyi h\u00e1l\u00e1san kanalazza a levest, a bar\u00e1tn\u0151d pedig pont azt mondja: \u201eDe j\u00f3, hogy itt lehet\u00fcnk!\u201d \u2013 csak te nem vagy jelen. Mert \u00e9pp a t\u00f6k\u00e9letess\u00e9g l\u00e1thatatlan lufij\u00e1t f\u00fajod, aminek a v\u00e9g\u00e9n csak egy hatalmas pukkan\u00e1s v\u00e1r. Pedig ha egy dolgot megjegyzel az idei \u00fcnnepr\u0151l, az legyen ez: <em data-start=\"666\" data-end=\"733\">az egy\u00fctt t\u00f6lt\u00f6tt id\u0151 nem a r\u00e9szleteken, hanem a figyelmen m\u00falik.<\/em> Ha ez megvan, akkor minden m\u00e1s csak extra csill\u00e1mpor. \u00c9s azt sim\u00e1n lehet boltban is kapni.<\/span><\/p>\t\t\t\t\t\t\t\t<\/div>\n\t\t\t\t<\/div>\n\t\t\t\t<div class=\"elementor-element elementor-element-4aa3c14 elementor-widget elementor-widget-image\" data-id=\"4aa3c14\" data-element_type=\"widget\" data-e-type=\"widget\" data-widget_type=\"image.default\">\n\t\t\t\t<div class=\"elementor-widget-container\">\n\t\t\t\t\t\t\t\t\t\t\t\t\t\t\t<img decoding=\"async\" width=\"800\" height=\"320\" src=\"https:\/\/noivezetok.eu\/wp-content\/uploads\/2025\/04\/FRISS-Noi-Vezetok-BLOG-belso-kepek-1000-x-400-keppont-15.jpg\" class=\"attachment-large size-large wp-image-3131\" alt=\"A t\u00f6k\u00e9letess\u00e9g nem c\u00e9l\" srcset=\"https:\/\/noivezetok.eu\/wp-content\/uploads\/2025\/04\/FRISS-Noi-Vezetok-BLOG-belso-kepek-1000-x-400-keppont-15.jpg 1000w, https:\/\/noivezetok.eu\/wp-content\/uploads\/2025\/04\/FRISS-Noi-Vezetok-BLOG-belso-kepek-1000-x-400-keppont-15-300x120.jpg 300w, https:\/\/noivezetok.eu\/wp-content\/uploads\/2025\/04\/FRISS-Noi-Vezetok-BLOG-belso-kepek-1000-x-400-keppont-15-768x307.jpg 768w, https:\/\/noivezetok.eu\/wp-content\/uploads\/2025\/04\/FRISS-Noi-Vezetok-BLOG-belso-kepek-1000-x-400-keppont-15-18x7.jpg 18w, https:\/\/noivezetok.eu\/wp-content\/uploads\/2025\/04\/FRISS-Noi-Vezetok-BLOG-belso-kepek-1000-x-400-keppont-15-600x240.jpg 600w\" sizes=\"(max-width: 800px) 100vw, 800px\" \/>\t\t\t\t\t\t\t\t\t\t\t\t\t\t\t<\/div>\n\t\t\t\t<\/div>\n\t\t\t\t<div class=\"elementor-element elementor-element-bf692b3 elementor-widget elementor-widget-heading\" data-id=\"bf692b3\" data-element_type=\"widget\" data-e-type=\"widget\" data-widget_type=\"heading.default\">\n\t\t\t\t<div class=\"elementor-widget-container\">\n\t\t\t\t\t<h2 class=\"elementor-heading-title elementor-size-default\">Stresszmenedzsment h\u00fasv\u00e9ti kiad\u00e1sban\n<\/h2>\t\t\t\t<\/div>\n\t\t\t\t<\/div>\n\t\t\t\t<div class=\"elementor-element elementor-element-447ae32 elementor-widget elementor-widget-text-editor\" data-id=\"447ae32\" data-element_type=\"widget\" data-e-type=\"widget\" data-widget_type=\"text-editor.default\">\n\t\t\t\t<div class=\"elementor-widget-container\">\n\t\t\t\t\t\t\t\t\t<p><span style=\"font-size: 18px;\">A hossz\u00fa h\u00e9tv\u00e9ge nem att\u00f3l lesz harmonikus, hogy minden pontosan \u00fagy siker\u00fcl, ahogy a list\u00e1don szerepel \u2013 hanem att\u00f3l, hogy hajland\u00f3 vagy rugalmasan reag\u00e1lni, \u00e9s be\u00e9p\u00edteni egy kis tudatoss\u00e1got is a programba. A nap ind\u00edthat\u00f3 egy 10 perces l\u00e9gz\u0151gyakorlattal, a vend\u00e9gek \u00e9rkez\u00e9se el\u0151tt pedig nem \u00e1rt egy kis meger\u0151s\u00edt\u00e9s a t\u00fck\u00f6rben: \u201eMinden rendben van. Nem kell t\u00f6k\u00e9letesnek lennie.\u201d<\/span><\/p><p><span style=\"font-size: 18px;\">Sok n\u0151i vezet\u0151 \u00e9s v\u00e1llalkoz\u00f3 ismeri m\u00e1r az &#8222;\u00e9v k\u00f6zbeni burnout&#8221; fogalm\u00e1t \u2013 mi lenne, ha most nem v\u00e1llaln\u00e1d be h\u00fasv\u00e9ti kiad\u00e1sban? A stressz ugyanis nem csak a hat\u00e1rid\u0151kkel j\u00f6n \u2013 n\u00e9ha egy konyhapulton t\u00falcsordul\u00f3 toj\u00e1sh\u00e9jhalom vagy egy els\u00f3zott sonkal\u00e9 is el\u00e9g hozz\u00e1. \u00c9s tudod mit? Ett\u0151l m\u00e9g nem leszel kevesebb. Az \u00fcnnep nem egy projekt, amit menedzselni kell, hanem egy pillanat, amit <i>meg\u00e9lni \u00e9rdemes.<\/i> Ha kicsit elf\u00e1radt\u00e1l, ne fesz\u00edtsd tov\u00e1bb a h\u00fart \u2013 csin\u00e1lj egy cs\u00e9sze te\u00e1t, engedd be a friss leveg\u0151t, \u00e9s l\u00e9gy jelen abban, ami van. Lehet, hogy \u00e9pp a legjobb eml\u00e9k nem a t\u00f6k\u00e9letes vacsora lesz, hanem az, amikor egy\u00fctt nevettetek azon, hogy a nyuszi alak\u00fa s\u00fcti ink\u00e1bb hasonl\u00edtott egy denev\u00e9rre. \u00c9s hidd el: ez \u00edgy van j\u00f3l. A bels\u0151 harm\u00f3ni\u00e1d a legjobb h\u00fasv\u00e9ti dekor\u00e1ci\u00f3.<\/span><\/p>\t\t\t\t\t\t\t\t<\/div>\n\t\t\t\t<\/div>\n\t\t\t\t<div class=\"elementor-element elementor-element-69728ec elementor-widget elementor-widget-image\" data-id=\"69728ec\" data-element_type=\"widget\" data-e-type=\"widget\" data-widget_type=\"image.default\">\n\t\t\t\t<div class=\"elementor-widget-container\">\n\t\t\t\t\t\t\t\t\t\t\t\t\t\t\t<img decoding=\"async\" width=\"800\" height=\"320\" src=\"https:\/\/noivezetok.eu\/wp-content\/uploads\/2025\/04\/FRISS-Noi-Vezetok-BLOG-belso-kepek-1000-x-400-keppont-16.jpg\" class=\"attachment-large size-large wp-image-3132\" alt=\"A nyugalom d\u00f6nt\u00e9s k\u00e9rd\u00e9se\" srcset=\"https:\/\/noivezetok.eu\/wp-content\/uploads\/2025\/04\/FRISS-Noi-Vezetok-BLOG-belso-kepek-1000-x-400-keppont-16.jpg 1000w, https:\/\/noivezetok.eu\/wp-content\/uploads\/2025\/04\/FRISS-Noi-Vezetok-BLOG-belso-kepek-1000-x-400-keppont-16-300x120.jpg 300w, https:\/\/noivezetok.eu\/wp-content\/uploads\/2025\/04\/FRISS-Noi-Vezetok-BLOG-belso-kepek-1000-x-400-keppont-16-768x307.jpg 768w, https:\/\/noivezetok.eu\/wp-content\/uploads\/2025\/04\/FRISS-Noi-Vezetok-BLOG-belso-kepek-1000-x-400-keppont-16-18x7.jpg 18w, https:\/\/noivezetok.eu\/wp-content\/uploads\/2025\/04\/FRISS-Noi-Vezetok-BLOG-belso-kepek-1000-x-400-keppont-16-600x240.jpg 600w\" sizes=\"(max-width: 800px) 100vw, 800px\" \/>\t\t\t\t\t\t\t\t\t\t\t\t\t\t\t<\/div>\n\t\t\t\t<\/div>\n\t\t\t\t<div class=\"elementor-element elementor-element-ee57d3d elementor-widget elementor-widget-heading\" data-id=\"ee57d3d\" data-element_type=\"widget\" data-e-type=\"widget\" data-widget_type=\"heading.default\">\n\t\t\t\t<div class=\"elementor-widget-container\">\n\t\t\t\t\t<h2 class=\"elementor-heading-title elementor-size-default\">Tavaszi sz\u00fcnet, munka, gyerekek \u2013 hogyan ne te borulj ki els\u0151k\u00e9nt?<\/h2>\t\t\t\t<\/div>\n\t\t\t\t<\/div>\n\t\t\t\t<div class=\"elementor-element elementor-element-b287790 elementor-widget elementor-widget-text-editor\" data-id=\"b287790\" data-element_type=\"widget\" data-e-type=\"widget\" data-widget_type=\"text-editor.default\">\n\t\t\t\t<div class=\"elementor-widget-container\">\n\t\t\t\t\t\t\t\t\t<p><span style=\"font-size: 18px;\">A tavaszi sz\u00fcnet elm\u00e9letben a felt\u00f6lt\u0151d\u00e9sr\u0151l sz\u00f3l. A val\u00f3s\u00e1gban viszont ink\u00e1bb olyan, mint egy 10 napos, non-stop t\u00e1rsasj\u00e1t\u00e9k-maraton, ahol te vagy a j\u00e1t\u00e9kmester, a b\u00fcf\u00e9s, a b\u00e9keb\u00edr\u00f3 \u00e9s n\u00e9ha m\u00e9g a h\u00e1tt\u00e9rben dolgoz\u00f3 CEO is \u2013 egyszerre. Ha otthonr\u00f3l dolgozol, \u00e9s a gyerekek is veled vannak, akkor ismer\u0151s lehet az a pillanat, amikor egy e-mail \u00edr\u00e1sa k\u00f6zben m\u00e1r harmadszor hallod azt a k\u00e9rd\u00e9st, hogy \u201eMit egy\u00fcnk ma?\u201d, \u00e9s az online meeting alatt is valaki el akarja mes\u00e9lni, hogyan t\u00fcsszentett a nyuszi a rajzfilmben.<\/span><\/p><p>\u00a0<\/p><p><span style=\"font-size: 18px;\">Ahhoz, hogy a munk\u00e1d se s\u00e9r\u00fclj\u00f6n, \u00e9s a gyerekek is \u00e9rezz\u00e9k, hogy vel\u00fck vagy, nem kell var\u00e1zsl\u00f3nak lenned \u2013 csak egy kicsit \u00fajragondolni a napirendet. \u00c9rdemes a reggeleket k\u00f6z\u00f6s programmal ind\u00edtani (egy kis s\u00e9ta, k\u00f6z\u00f6s reggeli, t\u00e1rsasj\u00e1t\u00e9k), \u00edgy a nap els\u0151 r\u00e9sz\u00e9ben m\u00e1r megkapj\u00e1k a figyelmet. Ezut\u00e1n k\u00f6nnyebben elfogadj\u00e1k, hogy j\u00f6n egy \u201ecsendes \u00f3r\u00e1s\u201d id\u0151szak, amikor te dolgozol, \u0151k pedig olvasnak, rajzolnak vagy megn\u00e9znek egy mes\u00e9t. A tr\u00fckk nem a t\u00f6k\u00e9letes egyens\u00faly, hanem a rugalmas tervez\u00e9s \u2013 \u00e9s az, hogy ne legyen lelkiismeret-furdal\u00e1sod, ha egyik nap a munk\u00e1ban vagy hat\u00e9konyabb, m\u00e1snap pedig ink\u00e1bb anyaszuperh\u0151sk\u00e9nt teljes\u00edtesz.<\/span><\/p>\t\t\t\t\t\t\t\t<\/div>\n\t\t\t\t<\/div>\n\t\t\t\t<div class=\"elementor-element elementor-element-f761524 elementor-widget elementor-widget-image\" data-id=\"f761524\" data-element_type=\"widget\" data-e-type=\"widget\" data-widget_type=\"image.default\">\n\t\t\t\t<div class=\"elementor-widget-container\">\n\t\t\t\t\t\t\t\t\t\t\t\t\t\t\t<img loading=\"lazy\" decoding=\"async\" width=\"800\" height=\"320\" src=\"https:\/\/noivezetok.eu\/wp-content\/uploads\/2025\/04\/FRISS-Noi-Vezetok-BLOG-belso-kepek-1000-x-400-keppont-18.jpg\" class=\"attachment-large size-large wp-image-3133\" alt=\"A tavaszi sz\u00fcnet nem csak a gyerekek\u00e9\" srcset=\"https:\/\/noivezetok.eu\/wp-content\/uploads\/2025\/04\/FRISS-Noi-Vezetok-BLOG-belso-kepek-1000-x-400-keppont-18.jpg 1000w, https:\/\/noivezetok.eu\/wp-content\/uploads\/2025\/04\/FRISS-Noi-Vezetok-BLOG-belso-kepek-1000-x-400-keppont-18-300x120.jpg 300w, https:\/\/noivezetok.eu\/wp-content\/uploads\/2025\/04\/FRISS-Noi-Vezetok-BLOG-belso-kepek-1000-x-400-keppont-18-768x307.jpg 768w, https:\/\/noivezetok.eu\/wp-content\/uploads\/2025\/04\/FRISS-Noi-Vezetok-BLOG-belso-kepek-1000-x-400-keppont-18-18x7.jpg 18w, https:\/\/noivezetok.eu\/wp-content\/uploads\/2025\/04\/FRISS-Noi-Vezetok-BLOG-belso-kepek-1000-x-400-keppont-18-600x240.jpg 600w\" sizes=\"(max-width: 800px) 100vw, 800px\" \/>\t\t\t\t\t\t\t\t\t\t\t\t\t\t\t<\/div>\n\t\t\t\t<\/div>\n\t\t\t\t<div class=\"elementor-element elementor-element-2f50ba7 elementor-widget elementor-widget-heading\" data-id=\"2f50ba7\" data-element_type=\"widget\" data-e-type=\"widget\" data-widget_type=\"heading.default\">\n\t\t\t\t<div class=\"elementor-widget-container\">\n\t\t\t\t\t<h2 class=\"elementor-heading-title elementor-size-default\">A h\u00fasv\u00e9ti mindfulness m\u0171v\u00e9szete<\/h2>\t\t\t\t<\/div>\n\t\t\t\t<\/div>\n\t\t\t\t<div class=\"elementor-element elementor-element-60074ed elementor-widget elementor-widget-text-editor\" data-id=\"60074ed\" data-element_type=\"widget\" data-e-type=\"widget\" data-widget_type=\"text-editor.default\">\n\t\t\t\t<div class=\"elementor-widget-container\">\n\t\t\t\t\t\t\t\t\t<p><span style=\"font-size: 18px;\">Pr\u00f3b\u00e1ld ki id\u00e9n azt, hogy nem csak a vend\u00e9gek, de te is r\u00e9szt veszel az \u00fcnnepben. Ez lehet egy d\u00e9lut\u00e1ni s\u00e9ta a vir\u00e1gz\u00f3 f\u00e1k k\u00f6z\u00f6tt, egy kis napl\u00f3\u00edr\u00e1s a reggeli k\u00e1v\u00e9 mellett, vagy ak\u00e1r csak annyi, hogy le\u00fclsz a gyerekek mell\u00e9 toj\u00e1st festeni. Mindfulness nem egy k\u00fcl\u00f6n\u00e1ll\u00f3 gyakorlat \u2013 hanem az a k\u00e9pess\u00e9g, hogy ott vagy, ahol vagy. A h\u00fasv\u00e9t pedig t\u00f6k\u00e9letes alkalom arra, hogy gyakorold.<\/span><br \/><br \/><span style=\"font-size: 18px;\">ha m\u00e1r ott vagy a pillanatban \u2013 r\u00f6gz\u00edtsd is! A h\u00e1lanapl\u00f3 nemcsak a h\u00e9tk\u00f6znapokra val\u00f3, hanem az \u00fcnnepnapokra is. Lehet, hogy a sonka kicsit sz\u00e1raz lett, de a nagyi nevet\u00e9se, a gyerekek lelkes toj\u00e1skeres\u00e9se vagy az a kis csend a d\u00e9lut\u00e1ni k\u00e1v\u00e9n\u00e1l \u2013 ezek az igazi \u00fcnnepi aj\u00e1nd\u00e9kok. \u00cdrd le, mit \u00e9rezt\u00e9l, mit tanult\u00e1l, mi\u00e9rt vagy h\u00e1l\u00e1s <i>\u00e9ppen most<\/i>. Mert a boldogs\u00e1g nem mindig hangos. N\u00e9ha csak egy tollvon\u00e1s a nap v\u00e9g\u00e9n, amiben benne van minden. Ha van m\u00e1r <a href=\"https:\/\/noivezetok.eu\/en_en\/halanaplo\/\">H\u00e1lanapl\u00f3d<\/a>, akkor most az \u00fcnnep is beker\u00fclhet a legszebb oldalai k\u00f6z\u00e9. Ha m\u00e9g nincs, akkor&#8230; nos, tal\u00e1n pont most j\u00f6tt el az ideje!<\/span><\/p><p><span style=\"font-size: 18px;\"><b>Tipp: vidd magaddal a \u201cNyugalomnapl\u00f3t\u201d \u2013 az \u00fcnnepnapokon is le\u00edrhatod benne, mit \u00e9rezt\u00e9l, mire volt\u00e1l b\u00fcszke, mit engedt\u00e9l el.<\/b><\/span><\/p>\t\t\t\t\t\t\t\t<\/div>\n\t\t\t\t<\/div>\n\t\t\t\t<div class=\"elementor-element elementor-element-2eb6a30 elementor-widget elementor-widget-image\" data-id=\"2eb6a30\" data-element_type=\"widget\" data-e-type=\"widget\" data-widget_type=\"image.default\">\n\t\t\t\t<div class=\"elementor-widget-container\">\n\t\t\t\t\t\t\t\t\t\t\t\t\t\t\t<img loading=\"lazy\" decoding=\"async\" width=\"800\" height=\"320\" src=\"https:\/\/noivezetok.eu\/wp-content\/uploads\/2025\/04\/FRISS-Noi-Vezetok-BLOG-belso-kepek-1000-x-400-keppont-19.jpg\" class=\"attachment-large size-large wp-image-3134\" alt=\"Az \u00fcnnep nem esem\u00e9ny, hanem bels\u0151 \u00e1llapot\" srcset=\"https:\/\/noivezetok.eu\/wp-content\/uploads\/2025\/04\/FRISS-Noi-Vezetok-BLOG-belso-kepek-1000-x-400-keppont-19.jpg 1000w, https:\/\/noivezetok.eu\/wp-content\/uploads\/2025\/04\/FRISS-Noi-Vezetok-BLOG-belso-kepek-1000-x-400-keppont-19-300x120.jpg 300w, https:\/\/noivezetok.eu\/wp-content\/uploads\/2025\/04\/FRISS-Noi-Vezetok-BLOG-belso-kepek-1000-x-400-keppont-19-768x307.jpg 768w, https:\/\/noivezetok.eu\/wp-content\/uploads\/2025\/04\/FRISS-Noi-Vezetok-BLOG-belso-kepek-1000-x-400-keppont-19-18x7.jpg 18w, https:\/\/noivezetok.eu\/wp-content\/uploads\/2025\/04\/FRISS-Noi-Vezetok-BLOG-belso-kepek-1000-x-400-keppont-19-600x240.jpg 600w\" sizes=\"(max-width: 800px) 100vw, 800px\" \/>\t\t\t\t\t\t\t\t\t\t\t\t\t\t\t<\/div>\n\t\t\t\t<\/div>\n\t\t\t\t<div class=\"elementor-element elementor-element-1500a7f elementor-widget elementor-widget-heading\" data-id=\"1500a7f\" data-element_type=\"widget\" data-e-type=\"widget\" data-widget_type=\"heading.default\">\n\t\t\t\t<div class=\"elementor-widget-container\">\n\t\t\t\t\t<h2 class=\"elementor-heading-title elementor-size-default\">A h\u00e1la ereje az \u00fcnnepi rohan\u00e1sban<\/h2>\t\t\t\t<\/div>\n\t\t\t\t<\/div>\n\t\t\t\t<div class=\"elementor-element elementor-element-bcca180 elementor-widget elementor-widget-text-editor\" data-id=\"bcca180\" data-element_type=\"widget\" data-e-type=\"widget\" data-widget_type=\"text-editor.default\">\n\t\t\t\t<div class=\"elementor-widget-container\">\n\t\t\t\t\t\t\t\t\t<p><span style=\"font-size: 18px;\">A h\u00e1lanapl\u00f3 vezet\u00e9se h\u00fasv\u00e9tkor tal\u00e1n m\u00e9g fontosabb, mint b\u00e1rmikor m\u00e1skor. Amikor \u00fagy \u00e9rzed, m\u00e1r nem b\u00edrod tov\u00e1bb, \u00e9s a harmadik s\u00fctem\u00e9nylap is leragadt, \u00e1llj meg egy percre, \u00e9s \u00edrd le h\u00e1rom dolgot, ami\u00e9rt h\u00e1l\u00e1s vagy. Lehet ez ak\u00e1r az is, hogy m\u0171k\u00f6dik a s\u00fct\u0151, vagy hogy a gyerekek legal\u00e1bb egyszer nem veszekedtek.<\/span><\/p><p><span style=\"font-size: 18px;\">A rendszeres h\u00e1la gyakorl\u00e1sa bizony\u00edtottan cs\u00f6kkenti a stresszt, jav\u00edtja a hangulatot \u00e9s seg\u00edt megl\u00e1tni a sz\u00e9pet a k\u00e1osz k\u00f6zep\u00e9n is. Ha m\u00e9g nincs saj\u00e1t h\u00e1lanapl\u00f3d, most itt az id\u0151 beszerezni egyet \u2013 vagy aj\u00e1nd\u00e9kozni is lehet vele egy bar\u00e1tn\u0151t, aki szint\u00e9n hajlamos az \u00fcnnepek alatt t\u00falp\u00f6r\u00f6gni.<\/span><\/p><p><img loading=\"lazy\" decoding=\"async\" class=\"aligncenter\" src=\"https:\/\/noivezetok.eu\/wp-content\/uploads\/2025\/03\/none.gif\" width=\"90\" height=\"90\" \/><\/p>\t\t\t\t\t\t\t\t<\/div>\n\t\t\t\t<\/div>\n\t\t\t\t<div class=\"elementor-element elementor-element-1c8d027 elementor-widget elementor-widget-heading\" data-id=\"1c8d027\" data-element_type=\"widget\" data-e-type=\"widget\" data-widget_type=\"heading.default\">\n\t\t\t\t<div class=\"elementor-widget-container\">\n\t\t\t\t\t<h2 class=\"elementor-heading-title elementor-size-default\">H\u00fasv\u00e9ti aj\u00e1nd\u00e9k \u2013 magadnak is\n<\/h2>\t\t\t\t<\/div>\n\t\t\t\t<\/div>\n\t\t\t\t<div class=\"elementor-element elementor-element-20ba454 elementor-widget elementor-widget-text-editor\" data-id=\"20ba454\" data-element_type=\"widget\" data-e-type=\"widget\" data-widget_type=\"text-editor.default\">\n\t\t\t\t<div class=\"elementor-widget-container\">\n\t\t\t\t\t\t\t\t\t<p><span style=\"font-size: 18px;\">Mi lenne, ha id\u00e9n magadat is meglepn\u00e9d valamivel? Egy finom illatgyertya, <a href=\"https:\/\/noivezetok.eu\/en_en\/halanaplo\/\">egy \u00faj napl\u00f3<\/a>, vagy ak\u00e1r egy <a href=\"https:\/\/noivezetok.eu\/en_en\/megerosito-kartyak\/\">meger\u0151s\u00edt\u0151 k\u00e1rtyacsomag<\/a> \u2013 olyan kis t\u00e1rgyak, amik minden nap eml\u00e9keztetnek arra, hogy te is fontos vagy. A N\u0151i Vezet\u0151k k\u00edn\u00e1lat\u00e1ban pont ilyen, l\u00e9leksimogat\u00f3 eszk\u00f6z\u00f6ket tal\u00e1lsz: meger\u0151s\u00edt\u0151 k\u00e1rty\u00e1k, amiket egy toj\u00e1sfest\u00e9s k\u00f6zben is lapozgathatsz, \u00e9s napl\u00f3k, amelyekbe elf\u00e9r az \u00fcnnepi k\u00e1osz legszebb pillanata is.<\/span><\/p><p><img loading=\"lazy\" decoding=\"async\" class=\"aligncenter\" src=\"https:\/\/noivezetok.eu\/wp-content\/uploads\/2025\/03\/none.gif\" width=\"90\" height=\"90\" \/><\/p>\t\t\t\t\t\t\t\t<\/div>\n\t\t\t\t<\/div>\n\t\t\t\t<div class=\"elementor-element elementor-element-718a9da eael-product-grid-column-2 elementor-widget elementor-widget-eicon-woocommerce\" data-id=\"718a9da\" data-element_type=\"widget\" data-e-type=\"widget\" data-widget_type=\"eicon-woocommerce.default\">\n\t\t\t\t<div class=\"elementor-widget-container\">\n\t\t\t\t\t\n        <div class=\"eael-product-grid eael-product-simple masonry\" id=\"eael-product-grid\" data-widget-id=\"718a9da\" data-page-id=\"3121\" data-nonce=\"697ca98b73\" >\n            <div class=\"woocommerce\">\n                <ul class=\"products eael-post-appender eael-post-appender-718a9da\" data-ssi-desktop=\"no\" data-ssi-tablet=\"no\" data-ssi-mobile=\"no\" data-layout-mode=\"masonry\"> <li class=\"product\">\n<div class=\"eael-product-wrap\" data-src=\"\" data-src-hover=\"\">\n    <img decoding=\"async\" width=\"240\" height=\"300\" src=\"https:\/\/noivezetok.eu\/wp-content\/uploads\/2025\/12\/14-240x300.webp\" class=\"attachment-woocommerce_thumbnail size-woocommerce_thumbnail wvs-archive-product-image\" alt=\"Be That Woman N\u0151i Tervez\u0151 \u2013 Signature Blush sz\u00edn\u0171 n\u0151i hat\u00e1rid\u0151napl\u00f3 arany pr\u00e9gel\u00e9ssel\" loading=\"eager\" srcset=\"https:\/\/noivezetok.eu\/wp-content\/uploads\/2025\/12\/14-240x300.webp 240w, https:\/\/noivezetok.eu\/wp-content\/uploads\/2025\/12\/14-819x1024.webp 819w, https:\/\/noivezetok.eu\/wp-content\/uploads\/2025\/12\/14-768x960.webp 768w, https:\/\/noivezetok.eu\/wp-content\/uploads\/2025\/12\/14-10x12.webp 10w, https:\/\/noivezetok.eu\/wp-content\/uploads\/2025\/12\/14-600x750.webp 600w, https:\/\/noivezetok.eu\/wp-content\/uploads\/2025\/12\/14.webp 1000w\" sizes=\"(max-width: 240px) 100vw, 240px\" \/><div class=\"eael-product-title\">\n    <a href=\"https:\/\/noivezetok.eu\/en_en\/be-that-woman-noi-tervezo\/\" class=\"woocommerce-LoopProduct-link woocommerce-loop-product__link\"><h2 class=\"woocommerce-loop-product__title\">Be That Woman \u00a9 Tervez\u0151<\/h2><\/a>\n    <\/div><div class=\"star-rating\" role=\"img\" aria-label=\"Rated 5.00 out of 5\" data-no-translation-aria-label=\"\"><span style=\"width:100%\" data-no-translation=\"\" data-trp-gettext=\"\">Rated <strong class=\"rating\">5.00<\/strong> out of 5 based on <span class=\"rating\">10<\/span> customer ratings<\/span><\/div><div class=\"eael-product-price\"><span class=\"woocommerce-Price-amount amount\"><bdi>11 490&nbsp;<span class=\"woocommerce-Price-currencySymbol\">&#70;&#116;<\/span><\/bdi><\/span><\/div>    <a href=\"https:\/\/noivezetok.eu\/en_en\/be-that-woman-noi-tervezo\/\" aria-describedby=\"woocommerce_loop_add_to_cart_link_describedby_6394\" data-quantity=\"1\" class=\"button product_type_variable add_to_cart_button\" data-product_id=\"6394\" data-product_sku=\"BTW001\" aria-label=\"Select options for \u201cBe That Woman \u00a9 Tervez\u0151\u201d\" rel=\"nofollow\" data-no-translation-aria-label=\"\">Select options<\/a>\t<span id=\"woocommerce_loop_add_to_cart_link_describedby_6394\" class=\"screen-reader-text\">\n\t\tThis product has multiple variants. The options may be chosen on the product page\t<\/span>\n    \n<\/div>\n\n<\/li> <li class=\"product\">\n<div class=\"eael-product-wrap\" data-src=\"\" data-src-hover=\"\">\n    <img decoding=\"async\" width=\"240\" height=\"300\" src=\"https:\/\/noivezetok.eu\/wp-content\/uploads\/2025\/11\/Untitled-design-37-240x300.png\" class=\"attachment-woocommerce_thumbnail size-woocommerce_thumbnail wvs-archive-product-image\" alt=\"H\u00e1lakaland Napl\u00f3\" loading=\"eager\" srcset=\"https:\/\/noivezetok.eu\/wp-content\/uploads\/2025\/11\/Untitled-design-37-240x300.png 240w, https:\/\/noivezetok.eu\/wp-content\/uploads\/2025\/11\/Untitled-design-37-819x1024.png 819w, https:\/\/noivezetok.eu\/wp-content\/uploads\/2025\/11\/Untitled-design-37-768x960.png 768w, https:\/\/noivezetok.eu\/wp-content\/uploads\/2025\/11\/Untitled-design-37-10x12.png 10w, https:\/\/noivezetok.eu\/wp-content\/uploads\/2025\/11\/Untitled-design-37-600x750.png 600w, https:\/\/noivezetok.eu\/wp-content\/uploads\/2025\/11\/Untitled-design-37.png 1000w\" sizes=\"(max-width: 240px) 100vw, 240px\" \/><div class=\"eael-product-title\">\n    <a href=\"https:\/\/noivezetok.eu\/en_en\/halakaland-naplo\/\" class=\"woocommerce-LoopProduct-link woocommerce-loop-product__link\"><h2 class=\"woocommerce-loop-product__title\">H\u00e1lakaland Napl\u00f3<\/h2><\/a>\n    <\/div><div class=\"star-rating\" role=\"img\" aria-label=\"Rated 5.00 out of 5\" data-no-translation-aria-label=\"\"><span style=\"width:100%\" data-no-translation=\"\" data-trp-gettext=\"\">Rated <strong class=\"rating\">5.00<\/strong> out of 5 based on <span class=\"rating\">1<\/span> customer rating<\/span><\/div><div class=\"eael-product-price\"><span class=\"woocommerce-Price-amount amount\"><bdi>7 590&nbsp;<span class=\"woocommerce-Price-currencySymbol\">&#70;&#116;<\/span><\/bdi><\/span> <small class=\"woocommerce-price-suffix\">(AAM)<\/small><\/div>    <a href=\"https:\/\/noivezetok.eu\/en_en\/halakaland-naplo\/\" aria-describedby=\"woocommerce_loop_add_to_cart_link_describedby_6064\" data-quantity=\"1\" class=\"button product_type_variable add_to_cart_button\" data-product_id=\"6064\" data-product_sku=\"MMPRDCT001\" aria-label=\"Select options for \u201cH\u00e1lakaland Napl\u00f3\u201d\" rel=\"nofollow\" data-no-translation-aria-label=\"\">Select options<\/a>\t<span id=\"woocommerce_loop_add_to_cart_link_describedby_6064\" class=\"screen-reader-text\">\n\t\tThis product has multiple variants. The options may be chosen on the product page\t<\/span>\n    \n<\/div>\n\n<\/li><\/ul>            <div class=\"eael-load-more-button-wrap eael-force-hide\">\n                <button class=\"eael-load-more-button\" id=\"eael-load-more-btn-718a9da\" data-widget-id=\"718a9da\" data-widget=\"718a9da\" data-page-id=\"3121\" data-template=\"{&quot;dir&quot;:&quot;lite&quot;,&quot;file_name&quot;:&quot;simple.php&quot;,&quot;name&quot;:&quot;Eicon-Woocommerce&quot;}\" data-class=\"Essential_Addons_Elementor\\Elements\\Product_Grid\" data-layout=\"masonry\" data-page=\"1\" data-args=\"post_type=product&amp;post_status%5B0%5D=publish&amp;post_status%5B1%5D=pending&amp;post_status%5B2%5D=future&amp;posts_per_page=2&amp;order=desc&amp;offset=0&amp;tax_query%5Brelation%5D=AND&amp;tax_query%5B0%5D%5Btaxonomy%5D=product_visibility&amp;tax_query%5B0%5D%5Bfield%5D=name&amp;tax_query%5B0%5D%5Bterms%5D%5B0%5D=exclude-from-search&amp;tax_query%5B0%5D%5Bterms%5D%5B1%5D=exclude-from-catalog&amp;tax_query%5B0%5D%5Boperator%5D=NOT+IN&amp;meta_query%5Brelation%5D=AND&amp;orderby=date&amp;total_post=13\" data-max-page=\"7\">\n                    <span class=\"eael-btn-loader button__loader\"><\/span>\n                    <span class=\"eael_load_more_text\"><\/span>\n                <\/button>\n            <\/div>\n                        <\/div>\n        <\/div>\n\n        <script type=\"text\/javascript\">\n            jQuery(document).ready(function($) {\n                var $scope = jQuery(\".elementor-element-718a9da\");\n                var $products = $('.products', $scope);\n                var $layout_mode = $products.data('layout-mode');\n                \n                if ( $layout_mode === 'masonry' ) {\n                    \/\/ init isotope\n                    var $isotope_products = $products.isotope({\n                        itemSelector: \"li.product\",\n                        layoutMode: $layout_mode,\n                        percentPosition: true\n                    });\n\n                    $isotope_products.imagesLoaded().progress( function() {\n                        $isotope_products.isotope('layout');\n                    })\n                    \n                }\n            });\n        <\/script>\n        \t\t\t\t<\/div>\n\t\t\t\t<\/div>\n\t\t\t\t<div class=\"elementor-element elementor-element-66575b2 elementor-widget elementor-widget-heading\" data-id=\"66575b2\" data-element_type=\"widget\" data-e-type=\"widget\" data-widget_type=\"heading.default\">\n\t\t\t\t<div class=\"elementor-widget-container\">\n\t\t\t\t\t<h2 class=\"elementor-heading-title elementor-size-default\">\u00d6sszegz\u00e9s \u2013 \u00faj hagyom\u00e1ny, \u00faj harm\u00f3nia<\/h2>\t\t\t\t<\/div>\n\t\t\t\t<\/div>\n\t\t\t\t<div class=\"elementor-element elementor-element-5705b25 elementor-widget elementor-widget-text-editor\" data-id=\"5705b25\" data-element_type=\"widget\" data-e-type=\"widget\" data-widget_type=\"text-editor.default\">\n\t\t\t\t<div class=\"elementor-widget-container\">\n\t\t\t\t\t\t\t\t\t<p><span style=\"font-size: 18px;\">Nem kell t\u00f6bb\u00e9 v\u00e1lasztanod a t\u00f6k\u00e9letes \u00fcnnep \u00e9s a nyugalom k\u00f6z\u00f6tt. V\u00e1laszthatod a saj\u00e1t verzi\u00f3dat \u2013 olyat, amiben te is j\u00f3l \u00e9rzed magad. A h\u00fasv\u00e9ti harm\u00f3nia nem a k\u00e9sz\u00fcl\u0151d\u00e9s hossz\u00e1ban, hanem az \u0151szintes\u00e9gben rejlik: engedd el a \u201ckell\u201d-eket, \u00e9s v\u00e1laszd a \u201cszeretn\u00e9m\u201d-eket. \u00c9s ha id\u00e9n is r\u00e1d h\u00e1rul minden, csak eml\u00e9keztesd magad: ez most m\u00e1s lesz. Ez most r\u00f3lad is sz\u00f3l.<\/span><\/p><p><span style=\"font-size: 18px;\">Ha j\u00f3l j\u00f6nne egy kis seg\u00edts\u00e9g a tudatosabb \u00fcnnepl\u00e9shez, n\u00e9zz sz\u00e9t a <b>N\u0151i Vezet\u0151k webshopban<\/b> \u2013 a h\u00e1lanapl\u00f3, a meger\u0151s\u00edt\u0151 k\u00e1rty\u00e1k \u00e9s a nyugalomnapl\u00f3 mind abban t\u00e1mogatnak, hogy ne csak t\u00fal\u00e9lj, hanem meg is \u00e9lj!<\/span><\/p><p><img loading=\"lazy\" decoding=\"async\" class=\"aligncenter\" src=\"https:\/\/noivezetok.eu\/wp-content\/uploads\/2025\/03\/none.gif\" width=\"90\" height=\"90\" \/><\/p><p><span style=\"font-size: 18px;\">Ha sz\u00edvesen olvasn\u00e1l m\u00e9g hasonl\u00f3 bejegyz\u00e9seket a j\u00f6v\u0151ben, k\u00f6vesd a blogunkat \u00e9s iratkozz fel a h\u00edrlevel\u00fcnkre az oldal alj\u00e1n! De megtal\u00e1lsz minket a N\u0151i Vezet\u0151k\u00a0<a href=\"https:\/\/www.instagram.com\/noivezetok\/\" target=\"_blank\" rel=\"noopener\">Instagram<\/a>\u00a0\u00e9s\u00a0<a href=\"https:\/\/hu.pinterest.com\/noivezetok\/\" target=\"_blank\" rel=\"noopener\">Pinterest<\/a>\u00a0oldal\u00e1n is!<\/span><\/p><p><span style=\"font-size: 18px;\">Sz\u00fcks\u00e9ged van a h\u00fasv\u00e9ti csod\u00e1ra? Ugyan.. hiszen, TE vagy az! \ud83d\udc9d<\/span><\/p><p><span style=\"font-size: 18px;\">\u00a0<\/span><\/p>\t\t\t\t\t\t\t\t<\/div>\n\t\t\t\t<\/div>\n\t\t\t\t<div class=\"elementor-element elementor-element-4587 elementor-widget elementor-widget-global elementor-global-4587 elementor-widget-author-box\" data-id=\"4587\" data-element_type=\"widget\" data-e-type=\"widget\" data-widget_type=\"author-box.default\">\n\t\t\t\t<div class=\"elementor-widget-container\">\n\t\t\t\t\t\t\t<div class=\"elementor-author-box\">\n\t\t\t\t\t\t\t<a href=\"https:\/\/timesaver.hu\/\" class=\"elementor-author-box__avatar\" target=\"_blank\" rel=\"noopener\">\n\t\t\t\t\t<img decoding=\"async\" src=\"https:\/\/noivezetok.eu\/wp-content\/uploads\/2025\/08\/8084a1e8-a04b-4a44-bcab-049a496e2169-275x300.jpeg\" alt=\"Picture of Sinka Gabriella T\u00edmea\" loading=\"lazy\">\n\t\t\t\t<\/a>\n\t\t\t\n\t\t\t<div class=\"elementor-author-box__text\">\n\t\t\t\t\t\t\t\t\t<a href=\"https:\/\/timesaver.hu\/\" target=\"_blank\" rel=\"noopener\">\n\t\t\t\t\t\t<h3 class=\"elementor-author-box__name\">\n\t\t\t\t\t\t\tSinka Gabriella T\u00edmea\t\t\t\t\t\t<\/h3>\n\t\t\t\t\t<\/a>\n\t\t\t\t\n\t\t\t\t\t\t\t\t\t<div class=\"elementor-author-box__bio\">\n\t\t\t\t\t\t<p>Im\u00e1dom, amikor egy j\u00f3 besz\u00e9lget\u00e9sb\u0151l \u00faj \u00f6tletek sz\u00fcletnek! Hiszem, hogy minden n\u0151 vezet\u0151 \u2013 legal\u00e1bb a saj\u00e1t \u00e9let\u00e9ben, \u00e9s itt azon dolgozom, hogy Te is visszatal\u00e1lj a f\u0151szerepbe, mik\u00f6zben egy\u00fctt nevet\u00fcnk, inspir\u00e1l\u00f3dunk \u00e9s mer\u00fcnk nagyot \u00e1lmodni!<\/p>\n\t\t\t\t\t<\/div>\n\t\t\t\t\n\t\t\t\t\t\t\t\t\t<a class=\"elementor-author-box__button elementor-button elementor-size-xs\" href=\"https:\/\/www.facebook.com\/timesaver.sinkagabriella\/\" target=\"_blank\" rel=\"noopener\">\n\t\t\t\t\t\tK\u00e9rd\u00e9sed van? \u00cdrj!\t\t\t\t\t<\/a>\n\t\t\t\t\t\t\t<\/div>\n\t\t<\/div>\n\t\t\t\t\t\t<\/div>\n\t\t\t\t<\/div>\n\t\t\t\t<div class=\"elementor-element elementor-element-873f116 elementor-widget elementor-widget-wp-widget-recent-posts\" data-id=\"873f116\" data-element_type=\"widget\" data-e-type=\"widget\" data-widget_type=\"wp-widget-recent-posts.default\">\n\t\t\t\t<div class=\"elementor-widget-container\">\n\t\t\t\t\t\n\t\t\n\t\t<h5>Recent Posts<\/h5><nav aria-label=\"Recent Posts\">\n\t\t<ul>\n\t\t\t\t\t\t\t\t\t\t\t<li>\n\t\t\t\t\t<a href=\"https:\/\/noivezetok.eu\/en_en\/vasarnap-esti-ujratervezes\/\">Vas\u00e1rnap esti \u00fajratervez\u00e9s: 30 perc, ami megmenti a heted<\/a>\n\t\t\t\t\t\t\t\t\t<\/li>\n\t\t\t\t\t\t\t\t\t\t\t<li>\n\t\t\t\t\t<a href=\"https:\/\/noivezetok.eu\/en_en\/lagy-elet-hustle-helyett\/\">L\u00e1gy \u00e9let: a csendes amb\u00edci\u00f3, ami felv\u00e1ltja a hustle-kult\u00far\u00e1t<\/a>\n\t\t\t\t\t\t\t\t\t<\/li>\n\t\t\t\t\t\t\t\t\t\t\t<li>\n\t\t\t\t\t<a href=\"https:\/\/noivezetok.eu\/en_en\/gondolatok-megfigyelese-szemlelo-mod\/\">Ne \u00e1ll\u00edtsd meg a gondolataidat, csak figyeld \u0151ket<\/a>\n\t\t\t\t\t\t\t\t\t<\/li>\n\t\t\t\t\t\t\t\t\t\t\t<li>\n\t\t\t\t\t<a href=\"https:\/\/noivezetok.eu\/en_en\/kulcs-a-kieges-ellen-remember-classic-party\/\">F\u00f3kusz \u00e9s felszabadults\u00e1g: Egy gigabuli a kulcs a ki\u00e9g\u00e9s ellen?<\/a>\n\t\t\t\t\t\t\t\t\t<\/li>\n\t\t\t\t\t\t\t\t\t\t\t<li>\n\t\t\t\t\t<a href=\"https:\/\/noivezetok.eu\/en_en\/nonap-fuggetlenseg-vagy-sodrodas\/\">N\u0151nap: F\u00fcggetlens\u00e9g vagy sodr\u00f3d\u00e1s?<\/a>\n\t\t\t\t\t\t\t\t\t<\/li>\n\t\t\t\t\t<\/ul>\n\n\t\t<\/nav>\t\t\t\t<\/div>\n\t\t\t\t<\/div>\n\t\t\t\t\t<\/div>\n\t\t\t\t<\/div>\n\t\t\t\t<\/div>","protected":false},"excerpt":{"rendered":"<p>Avagy: \u00cdgy ne \u0151r\u00fclj meg a hossz\u00fa h\u00e9tv\u00e9g\u00e9n &#8211; \u00e9s persze a tavaszi sz\u00fcnetben! \u2026amikor m\u00e1r a sonka is t\u00fal sok A h\u00fasv\u00e9t sok n\u0151 sz\u00e1m\u00e1ra nem a nyugalom, az \u00fcnnepl\u00e9s \u00e9s a tavasz \u00fcnnepe \u2013 hanem egy k\u00e9tnapos, rohan\u00e1ssal, vend\u00e9gl\u00e1t\u00e1ssal, \u00e9s v\u00e9gtelen mennyis\u00e9g\u0171 f\u0151tt toj\u00e1ssal t\u0171zdelt t\u00fal\u00e9l\u0151t\u00fara. Mert mik\u00f6zben igyeksz\u00fcnk t\u00f6k\u00e9letesen megter\u00edteni, d\u00edsz\u00edteni, s\u00fctni-f\u0151zni [&hellip;]<\/p>\n","protected":false},"author":5,"featured_media":3122,"comment_status":"open","ping_status":"open","sticky":false,"template":"","format":"standard","meta":{"rank_math_focus_keyword":"h\u00fasv\u00e9t,tavaszi sz\u00fcnet","rank_math_title":"\u00cdgy ne \u0151r\u00fclj meg h\u00fasv\u00e9t h\u00e9tv\u00e9g\u00e9n \u00e9s a tavaszi sz\u00fcnetben!","rank_math_description":"Tippek a h\u00fasv\u00e9ti rohan\u00e1sban: lelki b\u00e9k\u00e9hez, id\u0151menedzsmenthez \u00e9s a tavaszi sz\u00fcnet t\u00fal\u00e9l\u00e9s\u00e9hez \u2013 n\u0151i v\u00e1llalkoz\u00f3kra szabva.\n","footnotes":""},"categories":[101,102,117],"tags":[63,55,60],"class_list":["post-3121","post","type-post","status-publish","format-standard","has-post-thumbnail","hentry","category-ajandekozas","category-inspiracio","category-motivacio","tag-motivacio","tag-noi-vezetok","tag-onismeret"],"_links":{"self":[{"href":"https:\/\/noivezetok.eu\/en_en\/wp-json\/wp\/v2\/posts\/3121","targetHints":{"allow":["GET"]}}],"collection":[{"href":"https:\/\/noivezetok.eu\/en_en\/wp-json\/wp\/v2\/posts"}],"about":[{"href":"https:\/\/noivezetok.eu\/en_en\/wp-json\/wp\/v2\/types\/post"}],"author":[{"embeddable":true,"href":"https:\/\/noivezetok.eu\/en_en\/wp-json\/wp\/v2\/users\/5"}],"replies":[{"embeddable":true,"href":"https:\/\/noivezetok.eu\/en_en\/wp-json\/wp\/v2\/comments?post=3121"}],"version-history":[{"count":14,"href":"https:\/\/noivezetok.eu\/en_en\/wp-json\/wp\/v2\/posts\/3121\/revisions"}],"predecessor-version":[{"id":4659,"href":"https:\/\/noivezetok.eu\/en_en\/wp-json\/wp\/v2\/posts\/3121\/revisions\/4659"}],"wp:featuredmedia":[{"embeddable":true,"href":"https:\/\/noivezetok.eu\/en_en\/wp-json\/wp\/v2\/media\/3122"}],"wp:attachment":[{"href":"https:\/\/noivezetok.eu\/en_en\/wp-json\/wp\/v2\/media?parent=3121"}],"wp:term":[{"taxonomy":"category","embeddable":true,"href":"https:\/\/noivezetok.eu\/en_en\/wp-json\/wp\/v2\/categories?post=3121"},{"taxonomy":"post_tag","embeddable":true,"href":"https:\/\/noivezetok.eu\/en_en\/wp-json\/wp\/v2\/tags?post=3121"}],"curies":[{"name":"wp","href":"https:\/\/api.w.org\/{rel}","templated":true}]}}