{"id":2861,"date":"2025-03-27T19:00:00","date_gmt":"2025-03-27T19:00:00","guid":{"rendered":"https:\/\/noivezetok.eu\/?p=2861"},"modified":"2025-11-28T13:50:47","modified_gmt":"2025-11-28T13:50:47","slug":"a-donteshozatal-muveszete-a-hat-kalap-modszer","status":"publish","type":"post","link":"https:\/\/noivezetok.eu\/en_en\/a-donteshozatal-muveszete-a-hat-kalap-modszer\/","title":{"rendered":"Vend\u00e9gposzt: A d\u00f6nt\u00e9shozatal m\u0171v\u00e9szete \u2013 egy pszichol\u00f3gushallgat\u00f3 tippjei"},"content":{"rendered":"<div data-elementor-type=\"wp-post\" data-elementor-id=\"2861\" class=\"elementor elementor-2861\" data-elementor-post-type=\"post\">\n\t\t\t\t<div class=\"elementor-element elementor-element-d5b12c1 e-flex e-con-boxed e-con e-parent\" data-id=\"d5b12c1\" data-element_type=\"container\" data-e-type=\"container\">\n\t\t\t\t\t<div class=\"e-con-inner\">\n\t\t\t\t<div class=\"elementor-element elementor-element-acd3efc elementor-widget elementor-widget-text-editor\" data-id=\"acd3efc\" data-element_type=\"widget\" data-e-type=\"widget\" data-widget_type=\"text-editor.default\">\n\t\t\t\t<div class=\"elementor-widget-container\">\n\t\t\t\t\t\t\t\t\t<p><span style=\"font-size: 18px;\">Mindannyiunk \u00e9let\u00e9ben elj\u00f6n az a pillanat, amikor \u00e1llunk a reggeli k\u00e1v\u00e9nkkal a k\u00e9zben, \u00e9s azon gondolkodunk, hogy vajon j\u00f3 \u00f6tlet-e meghozni azt a bizonyos nagy d\u00f6nt\u00e9st \u2013 legyen az egy munkahelyi lehet\u0151s\u00e9g, a v\u00e1llalkoz\u00e1sunk j\u00f6v\u0151je, vagy \u00e9pp az, hogy belev\u00e1gjunk-e v\u00e9gre a r\u00e9g\u00f3ta tervezett \u00e1lmaink megval\u00f3s\u00edt\u00e1s\u00e1ba. \u00c9rezz\u00fck, hogy valami hat\u00e9konys\u00e1gn\u00f6vel\u0151 pszichol\u00f3giai tr\u00fckkre lenne sz\u00fcks\u00e9g\u00fcnk, miel\u0151tt a d\u00f6nt\u00e9si k\u00e1osz v\u00e9gleg felem\u00e9szt minket.<\/span><\/p><p><span style=\"font-size: 18px;\">Mai vend\u00e9gszerz\u0151nk, aki jelenleg pszichol\u00f3gi\u00e1t hallgat, egy izgalmas m\u00f3dszert hozott nek\u00fcnk, ami nem m\u00e1s, mint Edward de Bono legend\u00e1s \u201ehat kalap m\u00f3dszere\u201d. B\u00e1r els\u0151re tal\u00e1n furcs\u00e1n hangzik, hogy k\u00fcl\u00f6nb\u00f6z\u0151 sz\u00edn\u0171 kalapok visel\u00e9s\u00e9vel tehetj\u00fck vil\u00e1gosabb\u00e1 gondolatainkat, garant\u00e1ltan r\u00e1 fogsz j\u00f6nni, hogy mennyivel k\u00f6nnyebb\u00e9 teheti ez a j\u00e1t\u00e9kos strat\u00e9gia a neh\u00e9z d\u00f6nt\u00e9sek meghozatal\u00e1t. Vedd el\u0151 k\u00e9pzeletbeli (vagy val\u00f3di, ha van k\u00e9zn\u00e9l) kalapjaidat, \u00e9s mer\u00fclj\u00fcnk el egy\u00fctt a d\u00f6nt\u00e9shozatal m\u0171v\u00e9szet\u00e9ben!<\/span><\/p><p><span style=\"font-size: 18px;\"><b>L\u00e1ssuk teh\u00e1t, mit tanulhatunk vend\u00e9g\u00edr\u00f3nkt\u00f3l!<\/b><\/span><\/p>\t\t\t\t\t\t\t\t<\/div>\n\t\t\t\t<\/div>\n\t\t\t\t<div class=\"elementor-element elementor-element-3eec541 elementor-widget elementor-widget-heading\" data-id=\"3eec541\" data-element_type=\"widget\" data-e-type=\"widget\" data-widget_type=\"heading.default\">\n\t\t\t\t<div class=\"elementor-widget-container\">\n\t\t\t\t\t<h2 class=\"elementor-heading-title elementor-size-default\">A biztos d\u00f6nt\u00e9s alapja - De Bono hat kalap m\u00f3dszer\u00e9nek seg\u00edts\u00e9g\u00e9vel<\/h2>\t\t\t\t<\/div>\n\t\t\t\t<\/div>\n\t\t\t\t<div class=\"elementor-element elementor-element-91a93e2 elementor-widget elementor-widget-text-editor\" data-id=\"91a93e2\" data-element_type=\"widget\" data-e-type=\"widget\" data-widget_type=\"text-editor.default\">\n\t\t\t\t<div class=\"elementor-widget-container\">\n\t\t\t\t\t\t\t\t\t<p><span style=\"font-size: 18px;\">Tal\u00e1n bele sem gondolunk, hogy ak\u00e1r egy nap leforg\u00e1sa alatt mennyi d\u00f6nt\u00e9st hozunk meg. \u00c1ltal\u00e1ban apr\u00f3- csepr\u0151 \u00fcgyekr\u0151l is besz\u00e9l\u00fcnk ilyenkor, mint p\u00e9ld\u00e1ul \u201eMi legyen a reggeli\u201d, \u201eMelyik ruh\u00e1mat vegyem fel?\u201d &#8211; \u00e9s reggelig sorolhatn\u00e1nk m\u00e9g az ehhez hasonl\u00f3 dilemm\u00e1kat. D\u00f6nt\u00e9seinkbe viszont azok a k\u00e9rd\u00e9sk\u00f6r\u00f6k \u00e9s beletartoznak, amelyeket munkahely\u00fcnk\u00f6n kell meghoznunk, vagy ak\u00e1r a szem\u00e9lyes fejl\u0151d\u00e9s\u00fcnk \u00e9rdek\u00e9ben. Gyakran tal\u00e1lhatjuk szembe magunkat olyan k\u00e9rd\u00e9sekkel, amire nincs egyszer\u0171 v\u00e1lasz, nem oldhat\u00f3 meg annyival, hogy igen vagy nem. Ha p\u00e9ld\u00e1ul sikeres v\u00e1llalkoz\u00e1st szeretn\u00e9l ind\u00edtani, vagy a karrieredben szeretn\u00e9l el\u0151rel\u00e9pni, felbukkanhatnak olyan kih\u00edv\u00e1sok, amikor az az \u00e9rz\u00e9s fog el, hogy \u201emost melyik ujjamba harapjak\u201d? Gondoljunk bele, hogy lehet\u0151s\u00e9g\u00fcnk ny\u00edlik feljebb ker\u00fclni a rangl\u00e9tr\u00e1n, de ennek az az \u00e1ra, hogy n\u0151k\u00e9nt kevesebb id\u0151 jutna a csal\u00e1dra? Ilyen esetben m\u00e9gis mi lehetne a \u201ehelyes\u201d d\u00f6nt\u00e9s? Val\u00f3ban sz\u00fcks\u00e9g\u00fcnk van arra, hogy lesark\u00edtsuk, \u00e9s v\u00e1lasztanunk kelljen, hogy karrier versus csal\u00e1d? Nos, ez kor\u00e1ntsem ilyen egyszer\u0171. Az al\u00e1bbiakban szeretn\u00e9k megismertetni veletek egy olyan pszichol\u00f3giai m\u00f3dszert, amelynek seg\u00edts\u00e9g\u00e9vel a d\u00f6nt\u00e9s \u00e1tl\u00e1that\u00f3bb\u00e1 v\u00e1lhat, hiszen t\u00f6bb, k\u00fcl\u00f6nb\u00f6z\u0151 n\u00e9z\u0151pontb\u00f3l vizsg\u00e1lhatj\u00e1tok meg ugyanazt a probl\u00e9m\u00e1t. \u00c9s hogy mi\u00e9rt is van erre sz\u00fcks\u00e9g? Az\u00e9rt, mert nagyon gyakori, hogy d\u00f6nt\u00e9sinket kiz\u00e1r\u00f3lag \u00e9rzelmi alapon hozzuk, vagy m\u00e1sok befoly\u00e1sol\u00e1sa r\u00e9v\u00e9n, vagy egyszer\u0171en csak egy szemsz\u00f6gb\u0151l vil\u00e1g\u00edtjuk meg a k\u00e9rd\u00e9st.\u00a0<\/span><\/p><p><img decoding=\"async\" class=\"wp-image-2836 aligncenter\" src=\"https:\/\/noivezetok.eu\/wp-content\/uploads\/2025\/03\/none.gif\" alt=\"\" width=\"61\" height=\"61\" srcset=\"https:\/\/noivezetok.eu\/wp-content\/uploads\/2025\/03\/none.gif 112w, https:\/\/noivezetok.eu\/wp-content\/uploads\/2025\/03\/none-12x12.gif 12w, https:\/\/noivezetok.eu\/wp-content\/uploads\/2025\/03\/none-100x100.gif 100w\" sizes=\"(max-width: 61px) 100vw, 61px\" \/><\/p>\t\t\t\t\t\t\t\t<\/div>\n\t\t\t\t<\/div>\n\t\t\t\t<div class=\"elementor-element elementor-element-063b22a elementor-widget elementor-widget-text-editor\" data-id=\"063b22a\" data-element_type=\"widget\" data-e-type=\"widget\" data-widget_type=\"text-editor.default\">\n\t\t\t\t<div class=\"elementor-widget-container\">\n\t\t\t\t\t\t\t\t\t<p><span style=\"font-size: 18px;\">Alapvet\u0151en az emberi d\u00f6nt\u00e9shozatal t\u00f6bb t\u00e9nyez\u0151 egy\u00fcttes f\u00fcggv\u00e9nye. Pszichol\u00f3giai szempontb\u00f3l vizsg\u00e1lva r\u00e9szt vesz benne az egy\u00e9n viselked\u00e9se, az \u00e1ltalunk elsaj\u00e1t\u00edtott \u00e9rt\u00e9krendszer, etikai k\u00e9rd\u00e9sek, a k\u00f6rnyezet\u00fcnk szerepe, \u00e9s bizony a tanult val\u00f3sz\u00edn\u0171s\u00e9get is sz\u00e1m\u00edt\u00e1sba vessz\u00fck. J\u00f3l l\u00e1tszik teh\u00e1t, hogy a d\u00f6nt\u00e9s\u00fcnket k\u00fcls\u0151 \u00e9s bels\u0151 t\u00e9nyez\u0151k is befoly\u00e1solj\u00e1k.\u00a0<\/span><\/p><p><span style=\"font-size: 18px;\">D\u00f6nt\u00e9seink t\u00f6bbs\u00e9ge szubjekt\u00edv \u00e9rt\u00e9krenden alapszik, amivel nincs is semmi gond- \u00e1m ha hirtelen felindul\u00e1sb\u00f3l m\u00e9ly \u00e9rzelmekhez t\u00e1rs\u00edthat\u00f3 d\u00f6nt\u00e9st hozunk, egy\u00e1ltal\u00e1n nem biztos, hogy az el\u0151r\u00e9bb visz majd a karrier\u00fcnkben. Ehhez szeretn\u00e9k nektek az al\u00e1bbiakban n\u00e9mi ir\u00e1nymutat\u00e1st adni, hogy mik\u00e9ppen vizsg\u00e1lhatj\u00e1tok meg az \u00f6sszetettebb k\u00e9rd\u00e9seket, \u00e9s hogyan hozhatok olyan d\u00f6nt\u00e9st, amely hossz\u00fat\u00e1von sikerhez vezethet.\u00a0<\/span><\/p><p><span style=\"font-size: 18px;\">Statisztikai adatok is al\u00e1t\u00e1masztj\u00e1k, hogy a hat gondolkod\u00f3 kalap m\u00f3dszere- a p\u00e1rhuzamos gondolkod\u00e1s ler\u00f6vid\u00edti a d\u00f6nt\u00e9shozatal idej\u00e9t-c\u00e9ges kutat\u00e1sok alapj\u00e1n ez az id\u0151 az egynegyed\u00e9re cs\u00f6kkent, \u00e9s sokkal re\u00e1lisabb, stabilabb v\u00e9geredm\u00e9ny sz\u00fcletik, ami a siker szempontj\u00e1b\u00f3l kulcsfontoss\u00e1g\u00fa t\u00e9nyez\u0151.\u00a0<\/span><\/p><p><span style=\"font-size: 18px;\">Nem mellesleg, ha a statisztik\u00e1t n\u00e9zz\u00fck, ahol 300 f\u0151 magas beoszt\u00e1s\u00fa k\u00f6ztisztvisel\u0151 eredm\u00e9ny\u00e9t vizsg\u00e1lt\u00e1k, b\u00e1tran kijelenthetj\u00fck, hogy ezen m\u00f3dszer seg\u00edts\u00e9g\u00e9vel 493% sz\u00e1zal\u00e9kkal emelkedett a gondolkod\u00e1si teljes\u00edtm\u00e9ny.\u00a0<\/span><\/p>\t\t\t\t\t\t\t\t<\/div>\n\t\t\t\t<\/div>\n\t\t\t\t<div class=\"elementor-element elementor-element-621359e elementor-widget elementor-widget-heading\" data-id=\"621359e\" data-element_type=\"widget\" data-e-type=\"widget\" data-widget_type=\"heading.default\">\n\t\t\t\t<div class=\"elementor-widget-container\">\n\t\t\t\t\t<h2 class=\"elementor-heading-title elementor-size-default\">Mir\u0151l is sz\u00f3l a m\u00f3dszer?\n<\/h2>\t\t\t\t<\/div>\n\t\t\t\t<\/div>\n\t\t\t\t<div class=\"elementor-element elementor-element-1b745d2 elementor-widget elementor-widget-text-editor\" data-id=\"1b745d2\" data-element_type=\"widget\" data-e-type=\"widget\" data-widget_type=\"text-editor.default\">\n\t\t\t\t<div class=\"elementor-widget-container\">\n\t\t\t\t\t\t\t\t\t<p><span style=\"font-size: 18px;\">Azt m\u00e1r tiszt\u00e1ztuk, \u00e9s most \u00f6sszegezve ism\u00e9t induljunk ki abb\u00f3l a t\u00e9nyb\u0151l, hogy a gondolkod\u00e1s az ember legf\u0151bb er\u0151forr\u00e1sa. Folyamatosan t\u00f6reksz\u00fcnk arra, hogy jobbak \u00e9s jobbak legy\u00fcnk, ehhez azonban figyelembe kell venn\u00fcnk azt a t\u00e9nyez\u0151t, hogy a gondolkod\u00e1si folyamat legf\u0151bb neh\u00e9zs\u00e9ge, hogy a fej\u00fcnkben egyszerre t\u00fal sok minden van, \u00e9s egyfajta k\u00e1osz alakul ki. Ha pedig k\u00e1osz az alap, abb\u00f3l igen nehezen v\u00e1rhat\u00f3 a siker. Erre a probl\u00e9m\u00e1ra k\u00edn\u00e1l kiv\u00e1l\u00f3 strat\u00e9gi\u00e1kat Edward de Bono m\u00f3dszere, amely seg\u00edts\u00e9g\u00e9vel a kuszas\u00e1g megsz\u00fcntethet\u0151, \u00e9s elk\u00fcl\u00f6n\u00edthet\u0151 aspektusokat kaphatunk. A folyamat l\u00e9nyege pedig, hogy egyidej\u0171leg csak egy dolgot fogunk csin\u00e1lni, nem kell benn\u00fcnk harcolnia a logik\u00e1nak, \u00e9rzelemnek, rem\u00e9nynek, kreativit\u00e1snak egyidej\u0171leg. Fontos, hogy mindennek teret adunk, de nem egyszerre! \u00cdgy nem lesz k\u00e1osz a fej\u00fcnkben, \u00e9s alaposan meg tudjuk szeml\u00e9lni a k\u00fcl\u00f6nb\u00f6z\u0151 helyzeteket, \u00edgy lehet\u0151s\u00e9g\u00fcnk ny\u00edlik arra, hogy mi magunk ir\u00e1ny\u00edtsuk a gondolkod\u00e1sunkat.<\/span><\/p>\t\t\t\t\t\t\t\t<\/div>\n\t\t\t\t<\/div>\n\t\t\t\t<div class=\"elementor-element elementor-element-c7e7101 elementor-widget elementor-widget-heading\" data-id=\"c7e7101\" data-element_type=\"widget\" data-e-type=\"widget\" data-widget_type=\"heading.default\">\n\t\t\t\t<div class=\"elementor-widget-container\">\n\t\t\t\t\t<h2 class=\"elementor-heading-title elementor-size-default\"> N\u00e9zz\u00fck a gyakorlatban, mit fogunk csin\u00e1lni.-A kalapok jelent\u00e9startalma\n<\/h2>\t\t\t\t<\/div>\n\t\t\t\t<\/div>\n\t\t\t\t<div class=\"elementor-element elementor-element-453b63a elementor-widget elementor-widget-text-editor\" data-id=\"453b63a\" data-element_type=\"widget\" data-e-type=\"widget\" data-widget_type=\"text-editor.default\">\n\t\t\t\t<div class=\"elementor-widget-container\">\n\t\t\t\t\t\t\t\t\t<p><span style=\"font-size: 18px;\">Hat kalap, hat sz\u00edn az alapunk. Feh\u00e9r, piros, fekete, s\u00e1rga z\u00f6ld \u00e9s k\u00e9k. A sz\u00ednek \u00f6sszef\u00fcgg\u00e9sben \u00e1llnak a kalapok funkci\u00f3j\u00e1val. Kezdj\u00fck ott, hogy k\u00e9pzelj\u00fck el magunkban ezt a hat sz\u00edn\u0171 kalapot, \u00e9s most ruh\u00e1zzuk fel \u0151ket jelent\u00e9startalommal:<\/span><\/p>\t\t\t\t\t\t\t\t<\/div>\n\t\t\t\t<\/div>\n\t\t\t\t<div class=\"elementor-element elementor-element-7622d55 elementor-widget elementor-widget-text-editor\" data-id=\"7622d55\" data-element_type=\"widget\" data-e-type=\"widget\" data-widget_type=\"text-editor.default\">\n\t\t\t\t<div class=\"elementor-widget-container\">\n\t\t\t\t\t\t\t\t\t<p>\u00a0<\/p><ul><li aria-level=\"1\"><span style=\"font-size: 18px;\">A feh\u00e9r kalap: semleges, objekt\u00edv t\u00e9nyekkel foglalkoz\u00f3 kalapunk.\u00a0<\/span><\/li><li aria-level=\"1\"><span style=\"font-size: 18px;\">Piros kalap: ennek viselete az \u00e9rzelmekre val\u00f3 f\u00f3kuszt teszi lehet\u0151v\u00e9.<\/span><\/li><li aria-level=\"1\"><span style=\"font-size: 18px;\">Fekete kalap: ha ebben vagyunk, akkor az \u00f3vatoss\u00e1gra, r\u00e9sen lev\u00e9sre kell koncentr\u00e1lnunk. Itt legink\u00e1bb az \u00f6tlet akad\u00e1lyait vizsg\u00e1ljuk majd meg.<\/span><\/li><li aria-level=\"1\"><span style=\"font-size: 18px;\">S\u00e1rga kalap: itt a rem\u00e9ny\u00fcnket, pozit\u00edv gondolkod\u00e1sunkat vessz\u00fck el\u0151.<\/span><\/li><li aria-level=\"1\"><span style=\"font-size: 18px;\">Z\u00f6ld kalap: kreat\u00edvok, alkot\u00f3ak legy\u00fcnk ebben a kalapban. B\u00e1tran fejezz\u00fck ki \u00faj \u00f6tleteinket.<\/span><\/li><li aria-level=\"1\"><span style=\"font-size: 18px;\">K\u00e9k kalap: itt a kontroll, az eg\u00e9sz gondolkod\u00e1si folyamat, \u00e9s a t\u00f6bbi sz\u00edn egyes\u00edt\u00e9se, harm\u00f3ni\u00e1ja ker\u00fcl ter\u00edt\u00e9kre.<\/span><\/li><\/ul>\t\t\t\t\t\t\t\t<\/div>\n\t\t\t\t<\/div>\n\t\t\t\t<div class=\"elementor-element elementor-element-8106aee elementor-widget elementor-widget-text-editor\" data-id=\"8106aee\" data-element_type=\"widget\" data-e-type=\"widget\" data-widget_type=\"text-editor.default\">\n\t\t\t\t<div class=\"elementor-widget-container\">\n\t\t\t\t\t\t\t\t\t<p><span style=\"font-size: 18px;\">Fontos megjegyezni, hogy a kalapokat haszn\u00e1lhatjuk egyes\u00e9vel bizonyos sorrend \u00e1ltal meghat\u00e1rozott r\u00e9szk\u00e9nt, de ak\u00e1r felv\u00e1ltva is. Kezdetben arra b\u00e1tor\u00edtalak, hogy haszn\u00e1ld a kalapokat egyes\u00e9vel.\u00a0<\/span><\/p><p><span style=\"font-size: 18px;\">Most pedig gondolj egy k\u00e9rd\u00e9sre, probl\u00e9m\u00e1ra, dilemm\u00e1ra, amiben azt \u00e9rzed elakadt\u00e1l, \u00e9s az al\u00e1bbiakban v\u00e9gigvezetlek r\u00e9szletesen a szakaszokon, ahol sz\u00e9pen sorj\u00e1ban vessz\u00fck a sz\u00edneket. Mire az \u00f6sszes kalapodat felveszed, egy teljesen m\u00e1s k\u00e9p fog kialakulni benned. a k\u00e9rd\u00e9seddel, neh\u00e9zs\u00e9geddel kapcsolatban, \u00e9s rem\u00e9lhet\u0151leg cs\u00f6kken a szorong\u00e1s is benned. Most m\u00e9g lehet, bizonytalan vagy, \u00e9s bonyolultnak t\u0171nik, de b\u00e1tran fogj egy ceruz\u00e1t \u00e9s pap\u00edrt. \u00cdrd a legtetej\u00e9re a k\u00e9rd\u00e9sed. Az al\u00e1bbi szempontok szerint pedig a saj\u00e1t magad helyzet\u00e9t m\u00e9rlegelve \u00edrd le a kalapokhoz tartoz\u00f3 megl\u00e1t\u00e1said.<\/span><\/p>\t\t\t\t\t\t\t\t<\/div>\n\t\t\t\t<\/div>\n\t\t\t\t<div class=\"elementor-element elementor-element-6047187 elementor-widget elementor-widget-image\" data-id=\"6047187\" data-element_type=\"widget\" data-e-type=\"widget\" data-widget_type=\"image.default\">\n\t\t\t\t<div class=\"elementor-widget-container\">\n\t\t\t\t\t\t\t\t\t\t\t\t\t\t\t<img fetchpriority=\"high\" decoding=\"async\" width=\"800\" height=\"320\" src=\"https:\/\/noivezetok.eu\/wp-content\/uploads\/2025\/03\/FRISS-Noi-Vezetok-BLOG-belso-kepek-1000-x-400-keppont-7.png\" class=\"attachment-large size-large wp-image-2864\" alt=\"A hat kalap m\u00f3dszer\" srcset=\"https:\/\/noivezetok.eu\/wp-content\/uploads\/2025\/03\/FRISS-Noi-Vezetok-BLOG-belso-kepek-1000-x-400-keppont-7.png 1000w, https:\/\/noivezetok.eu\/wp-content\/uploads\/2025\/03\/FRISS-Noi-Vezetok-BLOG-belso-kepek-1000-x-400-keppont-7-300x120.png 300w, https:\/\/noivezetok.eu\/wp-content\/uploads\/2025\/03\/FRISS-Noi-Vezetok-BLOG-belso-kepek-1000-x-400-keppont-7-768x307.png 768w, https:\/\/noivezetok.eu\/wp-content\/uploads\/2025\/03\/FRISS-Noi-Vezetok-BLOG-belso-kepek-1000-x-400-keppont-7-18x7.png 18w, https:\/\/noivezetok.eu\/wp-content\/uploads\/2025\/03\/FRISS-Noi-Vezetok-BLOG-belso-kepek-1000-x-400-keppont-7-600x240.png 600w\" sizes=\"(max-width: 800px) 100vw, 800px\" \/>\t\t\t\t\t\t\t\t\t\t\t\t\t\t\t<\/div>\n\t\t\t\t<\/div>\n\t\t\t\t<div class=\"elementor-element elementor-element-ffe0846 elementor-widget elementor-widget-text-editor\" data-id=\"ffe0846\" data-element_type=\"widget\" data-e-type=\"widget\" data-widget_type=\"text-editor.default\">\n\t\t\t\t<div class=\"elementor-widget-container\">\n\t\t\t\t\t\t\t\t\t<p>\u00a0<\/p><ul><li aria-level=\"1\"><span style=\"font-size: 18px;\">A Feh\u00e9r kalap: k\u00e9pzeld el az okos eszk\u00f6z\u00f6d, aki az\u00e9rt van, hogy az \u00e1ltalad k\u00e9rt inform\u00e1ci\u00f3kat \u00e9s adatokat a rendelkez\u00e9sedre bocs\u00e1ssa. \u0150 semleges \u00e9s objekt\u00edv! Nem form\u00e1l saj\u00e1t v\u00e9lem\u00e9nyt. Itt minden esetben azon legyen a f\u00f3kuszod, hogy a k\u00e9rd\u00e9seddel kapcsolatos v\u00e1laszok objekt\u00edv, semleges t\u00e9nyekre koncentr\u00e1ljanak az adott t\u00e9m\u00e1val kapcsolatban. Gy\u0171jts annyi relev\u00e1ns inform\u00e1ci\u00f3t amennyit csak tudsz. A szimp\u00e1ti\u00e1t, tov\u00e1bb gondol\u00e1st mindenk\u00e9pp felejtsd el, hisz tudod-a c\u00e9l itt az objektivit\u00e1s!\u00a0<\/span><\/li><li aria-level=\"1\"><span style=\"font-size: 18px;\">A piros kalap: Itt az a feladatod, hogy kiz\u00e1r\u00f3lag az \u00e9rz\u00e9seidre f\u00f3kusz\u00e1lj. Mit v\u00e1lt ki bel\u0151led a k\u00e9rd\u00e9s- \u00e9s az esetleges megold\u00e1si opci\u00f3k milyen \u00e1llapotot id\u00e9znek el\u0151 benned. B\u00e1rmi belef\u00e9r ebbe a kalapba: a boldogs\u00e1g, az \u00f6r\u00f6m, a f\u00e9lelem, a harag, d\u00fch,-b\u00e1rmilyen \u00e9rzelem amit hozz\u00e1 t\u00e1rs\u00edtasz. Egy a fontos: sose akard megindokolni logikai alapon az \u00e9rzelmedet ebben a szakaszban, mert az ism\u00e9t kuszas\u00e1ghoz vezet.\u00a0<\/span><\/li><li aria-level=\"1\"><span style=\"font-size: 18px;\">A fekete kalap: Itt az \u00f3vatos\u00e1gba mer\u00fclj el. Milyen bajod sz\u00e1rmazhat a d\u00f6nt\u00e9sedb\u0151l? Mit vesz\u00edthetsz vele? Vesz\u00e9lyes lenne a d\u00f6nt\u00e9sed, \u00e9s ha igen mi\u00e9rt? A d\u00f6nt\u00e9sed \u00f6sszeegyeztethet\u0151 er\u0151forr\u00e1saiddal? Itt kell kritikusnak lenned, azonban fontos megjegyezni, hogy ennek a kalapnak nincs nagyobb \u00e9rt\u00e9ke, mint b\u00e1rmely m\u00e1sik kalapnak, \u00edgy ne ezt kezeld priorit\u00e1sk\u00e9nt. Gyakori emberi tulajdons\u00e1g, hogy hajlamosak vagyunk a rosszat el\u0151t\u00e9rtbe helyezni, ez\u00e9rt kiv\u00e1ltk\u00e9pp figyelj erre oda.\u00a0<\/span><\/li><li aria-level=\"1\"><span style=\"font-size: 18px;\">S\u00e1rga kalap: Itt tulajdonk\u00e9ppen a pozitivit\u00e1sunkat kell er\u0151s\u00edten\u00fcnk. \u201eHa megvan a megold\u00e1s, mi\u00e9rt ne siker\u00fclne\u201d elv alapj\u00e1n. Itt az \u00e9rt\u00e9keket, el\u0151ny\u00f6ket tessz\u00fck a f\u00f3kuszba, val\u00f3j\u00e1ban mondhatjuk \u00fagy, hogy az el\u0151z\u0151, fekete kalap ellent\u00e9te ez. C\u00e9l itt az eredm\u00e9nyess\u00e9g. Itt keresheted a lehet\u0151s\u00e9geket, \u00e9s b\u0151ven belef\u00e9rnek a v\u00edzi\u00f3k, \u00e1lmok szerepe is.\u00a0<\/span><\/li><li aria-level=\"1\"><span style=\"font-size: 18px;\">A z\u00f6ld kalap: itt az \u00f6tletel\u00e9s\u00e9 a f\u0151szerep. A kreativit\u00e1s, \u00faj dolgok l\u00e9trehoz\u00e1sa- megold\u00e1sa, a felmer\u00fcl\u0151 k\u00e9rd\u00e9sed kapcs\u00e1n. Keress alternat\u00edv\u00e1kat, \u00e9s mozdulj ki a komfortz\u00f3n\u00e1db\u00f3l. Nem csak az lehet j\u00f3 megold\u00e1s, ami m\u00e1r \u201el\u00e9tezik\u201d. Alkoss sz\u00e1modra term\u00e9keny megold\u00e1si strat\u00e9gi\u00e1kat.\u00a0<\/span><\/li><li aria-level=\"1\"><span style=\"font-size: 18px;\">A k\u00e9k kalap: a kontrollon van a f\u00f3kuszunk. Itt szervezed, \u00e9s menedzseled a gondolkod\u00e1sodat. Ebb\u0151l a kalapb\u00f3l \u201esz\u00f3l\u00edtod fel\u201d a t\u00f6bbi kalapot. Nyomon k\u00f6veted a folyamatot, hogy a kalapokat a megfelel\u0151 szab\u00e1lyok szerint alkalmazd: egyiket sem viheted t\u00falz\u00e1sba, \u00e9s egyik felett sem mehetsz \u00e1t. Ez a kalap visel\u00e9se seg\u00edt t\u00e9ged abban, hogy \u00f6sszegezd a felmer\u00fcl\u0151 k\u00e9rd\u00e9sedre sz\u00e1nt lehets\u00e9ges opci\u00f3kat. Itt \u00e1t tudod tekinteni r\u00e9szletesen a t\u00f6bbi kalap \u00edt\u00e9leteit, \u00e9s le tudod vonni a konkl\u00fazi\u00f3t.<\/span><\/li><\/ul>\t\t\t\t\t\t\t\t<\/div>\n\t\t\t\t<\/div>\n\t\t\t\t<div class=\"elementor-element elementor-element-7ee66bb elementor-widget elementor-widget-heading\" data-id=\"7ee66bb\" data-element_type=\"widget\" data-e-type=\"widget\" data-widget_type=\"heading.default\">\n\t\t\t\t<div class=\"elementor-widget-container\">\n\t\t\t\t\t<h2 class=\"elementor-heading-title elementor-size-default\">Az el\u0151nyei ennek a m\u00f3dszernek, amik a javadat szolg\u00e1lj\u00e1k<\/h2>\t\t\t\t<\/div>\n\t\t\t\t<\/div>\n\t\t\t\t<div class=\"elementor-element elementor-element-5b3993d elementor-widget elementor-widget-text-editor\" data-id=\"5b3993d\" data-element_type=\"widget\" data-e-type=\"widget\" data-widget_type=\"text-editor.default\">\n\t\t\t\t<div class=\"elementor-widget-container\">\n\t\t\t\t\t\t\t\t\t<p><span style=\"font-size: 18px;\">A gyakorlatban bizony\u00edtott t\u00e9nyen alapszik, hogy \u00e1ltal\u00e1ban mire eljutunk a k\u00e9k kalaphoz a d\u00f6nt\u00e9s\u00fcnk m\u00e1r egy\u00e9rtelm\u0171, hiszen az is al\u00e1t\u00e1masztott, hogy a kalapok sorbav\u00e9tele, az egy-egy szakaszban t\u00f6lt\u00f6tt id\u0151 el\u0151seg\u00edti, hogy az \u00f6tletek magukt\u00f3l tudjanak megsz\u00fcletni, hiszen tiszta fejjel vagyunk jelen a kalapokban, \u00e9s kiz\u00e1runk minden m\u00e1st. Teszem azt, amikor a feh\u00e9r kalapot viseled, \u00e9s kiz\u00e1r\u00f3lag az objekt\u00edv t\u00e9nyekre f\u00f3kusz\u00e1lsz, akkor nem ker\u00fclnek felsz\u00ednre a piros kalap f\u00e9lelmei \u00e9s a fekete kalap agg\u00e1lyai. Azonban amikor a fekete kalapot viseled- \u00e9s nem esel t\u00falz\u00e1sba, akkor r\u00e1 tudsz vil\u00e1g\u00edtani az akad\u00e1lyokra, m\u00edg a piros kalapn\u00e1l \u00e1tlatod, hogy melyek azok az \u00e9rz\u00e9sek, amelyek bel\u0151led j\u00f6nnek b\u00e1rmilyen indokl\u00e1s n\u00e9lk\u00fcl. \u00cdgy fel tudod ismerni te magad, hogy mi mi\u00e9rt lehet sz\u00e1modra rossz, \u00e9s mi az, ami sikerre tud juttatni.<\/span><\/p><p><span style=\"font-size: 18px;\">\u00a0A c\u00e9l pedig mindenk\u00e9pp az, hogy a d\u00f6nt\u00e9s\u00fcnk sz\u00e1munkra el\u0151ny\u00f6s legyen. Itt lehet j\u00f3l r\u00e1vil\u00e1g\u00edtani arra, hogy gyakran csak a piros kalap van rajtunk egy d\u00f6nt\u00e9s v\u00e9gleges meghozatalakor, \u00e9s el\u0151fordulhat, hogy f\u00e9lelmeink miatt szabot\u00e1ljuk a saj\u00e1t sikeress\u00e9g\u00fcnket.\u00a0<\/span><\/p><p><img decoding=\"async\" class=\"wp-image-2836 aligncenter\" src=\"https:\/\/noivezetok.eu\/wp-content\/uploads\/2025\/03\/none.gif\" alt=\"\" width=\"61\" height=\"61\" srcset=\"https:\/\/noivezetok.eu\/wp-content\/uploads\/2025\/03\/none.gif 112w, https:\/\/noivezetok.eu\/wp-content\/uploads\/2025\/03\/none-12x12.gif 12w, https:\/\/noivezetok.eu\/wp-content\/uploads\/2025\/03\/none-100x100.gif 100w\" sizes=\"(max-width: 61px) 100vw, 61px\" \/><\/p>\t\t\t\t\t\t\t\t<\/div>\n\t\t\t\t<\/div>\n\t\t\t\t<div class=\"elementor-element elementor-element-42002c5 elementor-widget elementor-widget-text-editor\" data-id=\"42002c5\" data-element_type=\"widget\" data-e-type=\"widget\" data-widget_type=\"text-editor.default\">\n\t\t\t\t<div class=\"elementor-widget-container\">\n\t\t\t\t\t\t\t\t\t<p><span style=\"font-size: 18px;\">Ahhoz, hogy a lehet\u0151 legegyszer\u0171bben \u00e9rts\u00e9tek, hoztam Nektek egy konkr\u00e9t p\u00e9ld\u00e1t, egy saj\u00e1t dilemm\u00e1r\u00f3l, ami azt gondolom igen gyakori k\u00e9rd\u00e9s a n\u0151k k\u00f6r\u00e9ben.<\/span><\/p>\t\t\t\t\t\t\t\t<\/div>\n\t\t\t\t<\/div>\n\t\t\t\t<div class=\"elementor-element elementor-element-6e0b6a0 elementor-widget elementor-widget-image\" data-id=\"6e0b6a0\" data-element_type=\"widget\" data-e-type=\"widget\" data-widget_type=\"image.default\">\n\t\t\t\t<div class=\"elementor-widget-container\">\n\t\t\t\t\t\t\t\t\t\t\t\t\t\t\t<img decoding=\"async\" width=\"800\" height=\"320\" src=\"https:\/\/noivezetok.eu\/wp-content\/uploads\/2025\/03\/FRISS-Noi-Vezetok-BLOG-belso-kepek-1000-x-400-keppont-11.png\" class=\"attachment-large size-large wp-image-2866\" alt=\"\u00f6tlet - N\u0151i Vezet\u0151k\" srcset=\"https:\/\/noivezetok.eu\/wp-content\/uploads\/2025\/03\/FRISS-Noi-Vezetok-BLOG-belso-kepek-1000-x-400-keppont-11.png 1000w, https:\/\/noivezetok.eu\/wp-content\/uploads\/2025\/03\/FRISS-Noi-Vezetok-BLOG-belso-kepek-1000-x-400-keppont-11-300x120.png 300w, https:\/\/noivezetok.eu\/wp-content\/uploads\/2025\/03\/FRISS-Noi-Vezetok-BLOG-belso-kepek-1000-x-400-keppont-11-768x307.png 768w, https:\/\/noivezetok.eu\/wp-content\/uploads\/2025\/03\/FRISS-Noi-Vezetok-BLOG-belso-kepek-1000-x-400-keppont-11-18x7.png 18w, https:\/\/noivezetok.eu\/wp-content\/uploads\/2025\/03\/FRISS-Noi-Vezetok-BLOG-belso-kepek-1000-x-400-keppont-11-600x240.png 600w\" sizes=\"(max-width: 800px) 100vw, 800px\" \/>\t\t\t\t\t\t\t\t\t\t\t\t\t\t\t<\/div>\n\t\t\t\t<\/div>\n\t\t\t\t<div class=\"elementor-element elementor-element-672736d elementor-widget elementor-widget-heading\" data-id=\"672736d\" data-element_type=\"widget\" data-e-type=\"widget\" data-widget_type=\"heading.default\">\n\t\t\t\t<div class=\"elementor-widget-container\">\n\t\t\t\t\t<h2 class=\"elementor-heading-title elementor-size-default\">Hogyan alak\u00edthatunk ki egy olyan eg\u00e9szs\u00e9ges \u00e9letm\u00f3dot, amely a mindennapunk r\u00e9sz\u00e9v\u00e9 tud avanzs\u00e1l\u00f3dni?<\/h2>\t\t\t\t<\/div>\n\t\t\t\t<\/div>\n\t\t\t\t<div class=\"elementor-element elementor-element-b03cfa9 elementor-widget elementor-widget-text-editor\" data-id=\"b03cfa9\" data-element_type=\"widget\" data-e-type=\"widget\" data-widget_type=\"text-editor.default\">\n\t\t\t\t<div class=\"elementor-widget-container\">\n\t\t\t\t\t\t\t\t\t<p><strong><span style=\"font-size: 18px;\">1. Feh\u00e9r kalap<\/span><\/strong><\/p><p><span style=\"font-size: 18px;\">Ha az eg\u00e9szs\u00e9ges t\u00e1pl\u00e1lkoz\u00e1s be\u00e9p\u00edt\u00e9s\u00e9t szeretn\u00e9nk elkezdeni a mindennapjainkba, \u00e9s azt szeretn\u00e9nk, hogy az \u00e9letm\u00f3dd\u00e1 v\u00e1ljon els\u0151 k\u00f6rben fel kell m\u00e9rn\u00fcnk az aktu\u00e1lis t\u00e1pl\u00e1lkoz\u00e1si szok\u00e1sinkat. Tiszt\u00e1ban kell lenn\u00fcnk azzal, hogy mi az, amit jelenleg esz\u00fcnk, iszunk, milyen form\u00e1ban tessz\u00fck. Ehhez a legoptim\u00e1lisabb, ha egy dietetikus, vagy egy t\u00e1pl\u00e1lkoz\u00e1si tan\u00e1csad\u00f3 seg\u00edts\u00e9g\u00e9t k\u00e9rj\u00fck, hiszen \u0151 rendelkezik olyan szakmai tud\u00e1ssal, amelyeket objekt\u00edv t\u00e9nyek, kutat\u00e1sok t\u00e1masztanak al\u00e1. Ha felvett\u00fck a kapcsolatot a megfelel\u0151 szakemberrel, \u00e9s tiszt\u00e1n l\u00e1tjuk az aktu\u00e1lis \u00e1llapotunkat, akkor a vele val\u00f3 konzult\u00e1ci\u00f3 sor\u00e1n tudunk arra alapozni, hogy mi az, amit mi tudunk v\u00e1llalni? Mennyi p\u00e9nzt tudunk k\u00f6lteni az \u00e9lelmiszerekre, milyen gyakoris\u00e1ggal tudunk elmenni v\u00e1s\u00e1rolni, a nap melyik r\u00e9sz\u00e9ben tudunk id\u0151t ford\u00edtani a t\u00e1pl\u00e1lkoz\u00e1sunkra, \u00e9s mennyi id\u0151vel tudunk gazd\u00e1lkodni az \u00e9telek elk\u00e9sz\u00edt\u00e9se sor\u00e1n. A szakembert\u0151l kapni fogunk ennek f\u00e9ny\u00e9ben egy r\u00e9szletes \u00fatmutat\u00e1st, ami azokat az \u00e9teleket tartalmazza, amit mi szeret\u00fcnk, \u00e9s alkalmazkodik a mi ig\u00e9nyeinkhez a tudom\u00e1nyos h\u00e1tt\u00e9r keretein bel\u00fcl. Ez seg\u00edts\u00e9g\u00fcnkre v\u00e1lik, \u00e9s objekt\u00edv bizony\u00edt\u00e9kokon alapul.<\/span><\/p><p><img decoding=\"async\" class=\"wp-image-2836 aligncenter\" src=\"https:\/\/noivezetok.eu\/wp-content\/uploads\/2025\/03\/none.gif\" alt=\"\" width=\"61\" height=\"61\" srcset=\"https:\/\/noivezetok.eu\/wp-content\/uploads\/2025\/03\/none.gif 112w, https:\/\/noivezetok.eu\/wp-content\/uploads\/2025\/03\/none-12x12.gif 12w, https:\/\/noivezetok.eu\/wp-content\/uploads\/2025\/03\/none-100x100.gif 100w\" sizes=\"(max-width: 61px) 100vw, 61px\" \/><\/p>\t\t\t\t\t\t\t\t<\/div>\n\t\t\t\t<\/div>\n\t\t\t\t<div class=\"elementor-element elementor-element-ffbd093 elementor-widget elementor-widget-text-editor\" data-id=\"ffbd093\" data-element_type=\"widget\" data-e-type=\"widget\" data-widget_type=\"text-editor.default\">\n\t\t\t\t<div class=\"elementor-widget-container\">\n\t\t\t\t\t\t\t\t\t<p><strong><span style=\"font-size: 18px;\">2. A piros kalap<\/span><\/strong><\/p><p><span style=\"font-size: 18px;\">Sz\u00e1momra az eg\u00e9szs\u00e9ges t\u00e1pl\u00e1lkoz\u00e1s fogalma egy rendk\u00edv\u00fcl t\u00e1g fogalom. Neh\u00e9z \u00e9rz\u00e9sek keletkeznek bennem ilyenkor, hiszen \u00e9n azt \u00e9rzem, hogy a csokol\u00e1d\u00e9 eg\u00e9szs\u00e9ges a sz\u00e1momra. Mint gy\u00f3gyult anorexi\u00e1s egy\u00e9bk\u00e9nt is m\u00e9ly \u00e9rzelmeket t\u00e1pl\u00e1lok az \u00e9tkez\u00e9sekkel kapcsolatban, \u00e9s \u00e9n hossz\u00fa t\u00e1von abban hiszek, hogy a kulcs abban van, hogy az ember j\u00f3l \u00e9rezze mag\u00e1t, ne k\u00ednszenved\u00e9s legyen sz\u00e1m\u00e1ra az ev\u00e9s, hanem egy \u00e9letm\u00f3d, amelyet fent is tud tartani, mert komfortos neki. Azt vallom, hogy minden ember m\u00e1s, nincsenek egys\u00e9ges szab\u00e1lyok arra, hogy mi az \u201eeg\u00e9szs\u00e9ges\u201d t\u00e1pl\u00e1lkoz\u00e1s, ebb\u0151l k\u00f6vetkezik, hogy mindenkinek m\u00e1s fog bev\u00e1lni. Lehet \u00e9n eszem minden nap csokol\u00e1d\u00e9t, mert \u00fagy \u00e9rzem j\u00f3l magam, de Julika azt \u00e9pp ut\u00e1lja, ett\u0151l f\u00fcggetlen\u00fcl, mindketten \u00e1ll\u00edthatjuk saj\u00e1t bel\u00e1t\u00e1sunk szerint, hogy kialak\u00edtottunk egy eg\u00e9szs\u00e9ges \u00e9letm\u00f3dot. N\u00e1lam az eg\u00e9szs\u00e9ges \u00e9letm\u00f3d azzal egyenl\u0151, hogy a saj\u00e1t bels\u0151 meg\u00e9rz\u00e9seimre hallgatok, azt fogyasztok el, amit megk\u00edv\u00e1nok, akkor amikor \u00e9n azt j\u00f3nak \u00e9rzem, \u00e9s a szervezetem \u201e\u00fagy gondolja\u201d, hogy \u00e9ppen sz\u00fcks\u00e9ge van r\u00e1. Ez az, amit \u00e9n ebben a fogalomban magam\u00e9nak tudok \u00e9rezni.<\/span><\/p><p><img decoding=\"async\" class=\"wp-image-2836 aligncenter\" src=\"https:\/\/noivezetok.eu\/wp-content\/uploads\/2025\/03\/none.gif\" alt=\"\" width=\"61\" height=\"61\" srcset=\"https:\/\/noivezetok.eu\/wp-content\/uploads\/2025\/03\/none.gif 112w, https:\/\/noivezetok.eu\/wp-content\/uploads\/2025\/03\/none-12x12.gif 12w, https:\/\/noivezetok.eu\/wp-content\/uploads\/2025\/03\/none-100x100.gif 100w\" sizes=\"(max-width: 61px) 100vw, 61px\" \/><\/p>\t\t\t\t\t\t\t\t<\/div>\n\t\t\t\t<\/div>\n\t\t\t\t<div class=\"elementor-element elementor-element-fef4746 elementor-widget elementor-widget-text-editor\" data-id=\"fef4746\" data-element_type=\"widget\" data-e-type=\"widget\" data-widget_type=\"text-editor.default\">\n\t\t\t\t<div class=\"elementor-widget-container\">\n\t\t\t\t\t\t\t\t\t<p><strong><span style=\"font-size: 18px;\">3. A fekete kalap<\/span><\/strong><\/p><p><span style=\"font-size: 18px;\">Ha eg\u00e9szs\u00e9ges \u00e9letm\u00f3dot szeretn\u00e9nk kialak\u00edtani, akkor a folyamat sor\u00e1n sz\u00e1mba kell venn\u00fcnk, hogy a tudom\u00e1ny szerint is vannak bizonyos keretek, amiket be kell tartanunk, hogy ebbe a csoportba tudjuk magunkat sorolni, \u00e9s hossz\u00fat\u00e1von \u00e9letm\u00f3dd\u00e1 tudjon avanzs\u00e1l\u00f3dni. Ha p\u00e9ld\u00e1ul let\u00f6lt\u00fcnk az internetr\u0151l egy ir\u00e1nymutat\u00e1st, egy adott \u00e9trendet, ami megfelel az eg\u00e9szs\u00e9ges t\u00e1pl\u00e1lkoz\u00e1s krit\u00e9riumainak hossz\u00fat\u00e1v\u00fa k\u00f6vetkezm\u00e9nyeket is sz\u00e1mba kell venn\u00fcnk, hiszen a c\u00e9lunk, hogy a mindennapjainkba be\u00e9p\u00fclj\u00f6n az \u00fajfajta m\u00f3dszer. Azonban, ha az az \u00e9trend olyan \u00f6sszetev\u0151ket tartalmaz, amiket p\u00e9ld\u00e1ul nem t\u00falzottan kedvel\u00fcnk, akkor \u00f3vatosnak kell lenn\u00fcnk, hiszen h\u00f3napokon, \u00e9veken \u00e1t nem er\u0151szakolhatjuk magunkra azt, amit nem szeret\u00fcnk.\u00a0 Azt sem \u00e1rt jobban \u00e1tr\u00e1gni, hogy az egy\u00e9ni sz\u00fcks\u00e9gleteinknek, t\u00e1panyagig\u00e9ny\u00fcnknek mennyire lehet megfelel\u0151 az az \u00e9trend? Mi t\u00f6rt\u00e9nik akkor, ha az el\u0151\u00edr\u00e1s nem tartalmazza p\u00e9ld\u00e1ul a gumicukrot, holott nek\u00fcnk az a kedvenc\u00fcnk? Tov\u00e1bb\u00e1, ha egy m\u00e1r \u00f6ssze\u00e1ll\u00edtott \u00e9trendet k\u00f6vet\u00fcnk, amit a neten tal\u00e1ltunk-hiteles forr\u00e1sb\u00f3l ugyan- de m\u00e9gsem ismeri a szem\u00e9lyes ig\u00e9nyeinket: mennyit mozgunk egy nap, milyen munk\u00e1t v\u00e9gz\u00fcnk, milyen gy\u00f3gyszereket szed\u00fcnk stb. \u00d6sszess\u00e9g\u00e9ben teh\u00e1t fontos a m\u00e9rlegel\u00e9s, \u00e9s az \u00f3vatoss\u00e1g. Gondolkodjunk hossz\u00fat\u00e1von is, ne azt n\u00e9zz\u00fck, hogy 2 h\u00e9tig biztosan k\u00e9pes leszek tartani az \u00e9trendet, hiszen abb\u00f3l nem lesz \u00e9letm\u00f3d, \u00e9s ak\u00e1r a k\u00e1runkra is v\u00e1lhat.<\/span><\/p><p><img decoding=\"async\" class=\"wp-image-2836 aligncenter\" src=\"https:\/\/noivezetok.eu\/wp-content\/uploads\/2025\/03\/none.gif\" alt=\"\" width=\"61\" height=\"61\" srcset=\"https:\/\/noivezetok.eu\/wp-content\/uploads\/2025\/03\/none.gif 112w, https:\/\/noivezetok.eu\/wp-content\/uploads\/2025\/03\/none-12x12.gif 12w, https:\/\/noivezetok.eu\/wp-content\/uploads\/2025\/03\/none-100x100.gif 100w\" sizes=\"(max-width: 61px) 100vw, 61px\" \/><\/p>\t\t\t\t\t\t\t\t<\/div>\n\t\t\t\t<\/div>\n\t\t\t\t<div class=\"elementor-element elementor-element-6548743 elementor-widget elementor-widget-text-editor\" data-id=\"6548743\" data-element_type=\"widget\" data-e-type=\"widget\" data-widget_type=\"text-editor.default\">\n\t\t\t\t<div class=\"elementor-widget-container\">\n\t\t\t\t\t\t\t\t\t<p><span style=\"font-size: 18px;\"><strong>4. A s\u00e1rga kalap<\/strong><\/span><\/p><p><span style=\"font-size: 18px;\">Amennyiben elsz\u00e1nt vagyok afel\u00e9, hogy \u00faj \u00e9letm\u00f3dba kezdjek, \u00e9s eg\u00e9szs\u00e9gesen \u00e9tkezzek akkor a lehet\u0151s\u00e9gek t\u00e1rh\u00e1za hever a l\u00e1bam el\u0151tt. Felkeresek egy dietetikust, akivel k\u00f6z\u00f6sen tudjuk \u00e1tbesz\u00e9lni az ig\u00e9nyeimet, \u00e9s az \u0151 megl\u00e1t\u00e1sait harm\u00f3ni\u00e1ba hozni, ami valami \u00faj kezdet\u00e9t jelenti. Az \u00e9n elsz\u00e1nts\u00e1gom, \u00e9s az \u0151 szakmai tud\u00e1s\u00e1val pedig a siker el\u00e9rhet\u0151, \u00e9s k\u00f6zel van. Sz\u00edvesen ford\u00edtok id\u0151t \u00e9s energi\u00e1t arra, hogy t\u00f6bb \u00fczletbe is bet\u00e9rjek, hogy minden olyan alapanyagot megv\u00e1s\u00e1rolhassak, amire sz\u00fcks\u00e9gem lehet az eg\u00e9szs\u00e9ges t\u00e1pl\u00e1lkoz\u00e1shoz, \u00e9s otthon is kih\u00edv\u00e1ssal, \u00e9s v\u00e1gyakoz\u00e1ssal t\u00f6lt el annak az \u00e9telnek az elk\u00e9sz\u00edt\u00e9se, ami k\u00e9s\u0151bb mindennapjaim r\u00e9sz\u00e9v\u00e9 v\u00e1lik. Hiszen a felt\u00e9telek adottak, \u00e9s a t\u0151lem telhet\u0151 legt\u00f6bbet megteszem a c\u00e9lom el\u00e9r\u00e9se \u00e9rdek\u00e9ben-hisz ez boldogg\u00e1 is tesz.<\/span><\/p><p><img decoding=\"async\" class=\"wp-image-2836 aligncenter\" src=\"https:\/\/noivezetok.eu\/wp-content\/uploads\/2025\/03\/none.gif\" alt=\"\" width=\"61\" height=\"61\" srcset=\"https:\/\/noivezetok.eu\/wp-content\/uploads\/2025\/03\/none.gif 112w, https:\/\/noivezetok.eu\/wp-content\/uploads\/2025\/03\/none-12x12.gif 12w, https:\/\/noivezetok.eu\/wp-content\/uploads\/2025\/03\/none-100x100.gif 100w\" sizes=\"(max-width: 61px) 100vw, 61px\" \/><\/p>\t\t\t\t\t\t\t\t<\/div>\n\t\t\t\t<\/div>\n\t\t\t\t<div class=\"elementor-element elementor-element-33dbeb4 elementor-widget elementor-widget-text-editor\" data-id=\"33dbeb4\" data-element_type=\"widget\" data-e-type=\"widget\" data-widget_type=\"text-editor.default\">\n\t\t\t\t<div class=\"elementor-widget-container\">\n\t\t\t\t\t\t\t\t\t<p><strong><span style=\"font-size: 18px;\">5. A z\u00f6ld kalap<\/span><\/strong><\/p><p><span style=\"font-size: 18px;\">C\u00e9lom, hogy eg\u00e9szs\u00e9ges \u00e9letm\u00f3dot folytassak, azonban nem szeretn\u00e9k sem dietetikust, sem m\u00e1s szakembert felkeresni, ugyanis nem felt\u00e9tlen \u00e9rzem magam\u00e9nak azt az elk\u00e9pzel\u00e9st, amit \u0151k k\u00e9pviselnek. Ismerem a saj\u00e1t testem m\u0171k\u00f6d\u00e9s\u00e9t, id\u0151t hagyok magamnak arra, hogy felfedezzem egy\u00e9ni sz\u00fcks\u00e9gleteim, \u00e9s a hagyom\u00e1nyos m\u00f3dszerekt\u0151l elt\u00e9r\u0151en kital\u00e1lom a saj\u00e1t rutinomat. Extr\u00e9m \u00f6tletnek t\u0171nhet, de azt is sz\u00e1m\u00edt\u00e1sba veszem, hogy az \u00e9dess\u00e9gfogyaszt\u00e1ssal kezdek eg\u00e9szs\u00e9ges \u00e9letm\u00f3dba, ezt a \u201enagyk\u00f6nyv\u201d ugyan nem \u00edrja el\u0151, de \u00e9n nem is vagyok el\u00e9gedett a nagyk\u00f6nnyvel. Mi van akkor, ha lehet eg\u00e9szs\u00e9ges az is, ha reggelire chipset is fogyasztok? Avagy lehet az is bev\u00e1lik, ha \u00e9jszaka \u00e9tkezem ink\u00e1bb? Vagy elj\u00e1rok hajnali 2-kor futni, \u00e9s ut\u00e1na fogyasztok feh\u00e9rj\u00e9t- hisz ez is az \u00e9letm\u00f3d r\u00e9sze.\u00a0<\/span><\/p><p><img decoding=\"async\" class=\"wp-image-2836 aligncenter\" src=\"https:\/\/noivezetok.eu\/wp-content\/uploads\/2025\/03\/none.gif\" alt=\"\" width=\"61\" height=\"61\" srcset=\"https:\/\/noivezetok.eu\/wp-content\/uploads\/2025\/03\/none.gif 112w, https:\/\/noivezetok.eu\/wp-content\/uploads\/2025\/03\/none-12x12.gif 12w, https:\/\/noivezetok.eu\/wp-content\/uploads\/2025\/03\/none-100x100.gif 100w\" sizes=\"(max-width: 61px) 100vw, 61px\" \/><\/p>\t\t\t\t\t\t\t\t<\/div>\n\t\t\t\t<\/div>\n\t\t\t\t<div class=\"elementor-element elementor-element-2445818 elementor-widget elementor-widget-text-editor\" data-id=\"2445818\" data-element_type=\"widget\" data-e-type=\"widget\" data-widget_type=\"text-editor.default\">\n\t\t\t\t<div class=\"elementor-widget-container\">\n\t\t\t\t\t\t\t\t\t<p><span style=\"font-size: 18px;\"><strong>6. A k\u00e9k kalap<\/strong><\/span><\/p><p><span style=\"font-size: 18px;\">Amikor \u00e9n \u00e9letm\u00f3dv\u00e1lt\u00e1sba kezdek, az eg\u00e9sz folyamatot sz\u00e1m\u00edt\u00e1sba kell vennem. Gondolkodnom kell azon, hogy l\u00e9teznek objekt\u00edv t\u00e9nyek-mi az aj\u00e1nlott egy dietetikus r\u00e9sz\u00e9r\u00f3l sz\u00e1momra p\u00e9ld\u00e1ul, de azt se hagyom figyelmen k\u00edv\u00fcl, hogy van lelki r\u00e9sze is, ami teljesen szubjekt\u00edv: vannak \u00e9rz\u00e9seimmel ezzel kapcsolatban, p\u00e9ld\u00e1ul \u00e9n nem vagyok h\u00edve a kal\u00f3riadeficitnek, aminek semmilyen indokl\u00e1sa nincs, egyszer\u0171en csak nem \u00e9rzem j\u00f3l magam, ha ezt kell csin\u00e1lnom. Ott van az a lehet\u0151s\u00e9g is, hogy teljesen m\u00e1s alternat\u00edvat hozzak l\u00e9tre az eg\u00e9szs\u00e9ges t\u00e1pl\u00e1lkoz\u00e1sra, a saj\u00e1t magam ig\u00e9nyei szerint, p\u00e9ld\u00e1ul \u00e1tt\u00e9rek az \u00e9jszakai ev\u00e9sre. Mindezek mellett, ha a lehet\u0151s\u00e9geket n\u00e9zem, ak\u00e1r objekt\u00edv, ak\u00e1r szubjekt\u00edv szempontb\u00f3l el\u0151vigy\u00e1zatosnak is kell lennem, \u00e9s m\u00e9rlegelnem kell azt, hogy ami mellett voksolok, az val\u00f3j\u00e1ban tarthat\u00f3-e sz\u00e1momra hossz\u00fat\u00e1von. P\u00e9ld\u00e1ul a dietetikus \u00e1ltal \u00f6ssze\u00e1ll\u00edtott \u00e9trend, amit ugyan egy ideig tartok, de val\u00f3j\u00e1ban az \u00e9letembe nem f\u00e9r bele, mert sem id\u0151m, sem energi\u00e1m \u00f3r\u00e1kat a konyh\u00e1ban t\u00f6lteni. \u00d6sszess\u00e9g\u00e9ben teh\u00e1t a legfontosabb, hogy minden egyes lehet\u0151s\u00e9get sz\u00e1m\u00edt\u00e1sba vegyek, de emellett az, hogy \u00e9n \u00e9letm\u00f3dot szeretn\u00e9k v\u00e1ltani, \u00e9s eg\u00e9szs\u00e9gesen szeretn\u00e9k t\u00e1pl\u00e1lkozni, mint c\u00e9l, k\u00e9pes legyen a szemem el\u0151tt lebegni.\u00a0<\/span><\/p><p><img decoding=\"async\" class=\"wp-image-2836 aligncenter\" src=\"https:\/\/noivezetok.eu\/wp-content\/uploads\/2025\/03\/none.gif\" alt=\"\" width=\"61\" height=\"61\" srcset=\"https:\/\/noivezetok.eu\/wp-content\/uploads\/2025\/03\/none.gif 112w, https:\/\/noivezetok.eu\/wp-content\/uploads\/2025\/03\/none-12x12.gif 12w, https:\/\/noivezetok.eu\/wp-content\/uploads\/2025\/03\/none-100x100.gif 100w\" sizes=\"(max-width: 61px) 100vw, 61px\" \/><\/p>\t\t\t\t\t\t\t\t<\/div>\n\t\t\t\t<\/div>\n\t\t\t\t<div class=\"elementor-element elementor-element-48f7675 elementor-widget elementor-widget-image\" data-id=\"48f7675\" data-element_type=\"widget\" data-e-type=\"widget\" data-widget_type=\"image.default\">\n\t\t\t\t<div class=\"elementor-widget-container\">\n\t\t\t\t\t\t\t\t\t\t\t\t\t\t\t<img loading=\"lazy\" decoding=\"async\" width=\"800\" height=\"320\" src=\"https:\/\/noivezetok.eu\/wp-content\/uploads\/2025\/03\/FRISS-Noi-Vezetok-BLOG-belso-kepek-1000-x-400-keppont-12.png\" class=\"attachment-large size-large wp-image-2867\" alt=\"Az \u00e9let neh\u00e9zs\u00e9gei - N\u0151i Vezet\u0151k\" srcset=\"https:\/\/noivezetok.eu\/wp-content\/uploads\/2025\/03\/FRISS-Noi-Vezetok-BLOG-belso-kepek-1000-x-400-keppont-12.png 1000w, https:\/\/noivezetok.eu\/wp-content\/uploads\/2025\/03\/FRISS-Noi-Vezetok-BLOG-belso-kepek-1000-x-400-keppont-12-300x120.png 300w, https:\/\/noivezetok.eu\/wp-content\/uploads\/2025\/03\/FRISS-Noi-Vezetok-BLOG-belso-kepek-1000-x-400-keppont-12-768x307.png 768w, https:\/\/noivezetok.eu\/wp-content\/uploads\/2025\/03\/FRISS-Noi-Vezetok-BLOG-belso-kepek-1000-x-400-keppont-12-18x7.png 18w, https:\/\/noivezetok.eu\/wp-content\/uploads\/2025\/03\/FRISS-Noi-Vezetok-BLOG-belso-kepek-1000-x-400-keppont-12-600x240.png 600w\" sizes=\"(max-width: 800px) 100vw, 800px\" \/>\t\t\t\t\t\t\t\t\t\t\t\t\t\t\t<\/div>\n\t\t\t\t<\/div>\n\t\t\t\t\t<\/div>\n\t\t\t\t<\/div>\n\t\t<div class=\"elementor-element elementor-element-bb71d53 e-flex e-con-boxed e-con e-parent\" data-id=\"bb71d53\" data-element_type=\"container\" data-e-type=\"container\">\n\t\t\t\t\t<div class=\"e-con-inner\">\n\t\t\t\t<div class=\"elementor-element elementor-element-3a8c2a2 elementor-widget elementor-widget-text-editor\" data-id=\"3a8c2a2\" data-element_type=\"widget\" data-e-type=\"widget\" data-widget_type=\"text-editor.default\">\n\t\t\t\t<div class=\"elementor-widget-container\">\n\t\t\t\t\t\t\t\t\t<p><span style=\"font-size: 18px;\"><strong>\u00d6sszegezve:<\/strong><\/span><\/p><p><span style=\"font-size: 18px;\">B\u00edzom abban, hogy egy olyan m\u00f3dszert siker\u00fclt bemutatni nektek, amely sz\u00e1motokra is k\u00f6nnyen elsaj\u00e1t\u00edthat\u00f3, \u00e9s ha d\u00f6nt\u00e9st kell hoznotok, legyen az ak\u00e1r \u00fczleti, mag\u00e1n\u00e9leti d\u00f6nt\u00e9s, akkor id\u0151vel sokkal gyorsabban, \u00e9s egyszer\u0171bben tal\u00e1ltok r\u00e1 az ide\u00e1lis megold\u00e1sra.<\/span><\/p><p><span style=\"font-size: 18px;\">Ha olvasn\u00e1l tov\u00e1bbi p\u00e9ld\u00e1kat, az <a href=\"https:\/\/www.instagram.com\/pszichetestkozelbol\/\" target=\"_blank\" rel=\"noopener\">al\u00e1bbi instagram oldalon<\/a> megteheted.<\/span><\/p>\t\t\t\t\t\t\t\t<\/div>\n\t\t\t\t<\/div>\n\t\t\t\t<div class=\"elementor-element elementor-element-3315e63 elementor-widget elementor-widget-heading\" data-id=\"3315e63\" data-element_type=\"widget\" data-e-type=\"widget\" data-widget_type=\"heading.default\">\n\t\t\t\t<div class=\"elementor-widget-container\">\n\t\t\t\t\t<h2 class=\"elementor-heading-title elementor-size-default\">\ud83c\udfa9 Z\u00e1r\u00f3gondolatok \u2013 kalapot fel, \u00e9s d\u00f6nt\u00e9sekre fel!\n<\/h2>\t\t\t\t<\/div>\n\t\t\t\t<\/div>\n\t\t\t\t<div class=\"elementor-element elementor-element-f12abbe elementor-widget elementor-widget-text-editor\" data-id=\"f12abbe\" data-element_type=\"widget\" data-e-type=\"widget\" data-widget_type=\"text-editor.default\">\n\t\t\t\t<div class=\"elementor-widget-container\">\n\t\t\t\t\t\t\t\t\t<p><span style=\"font-size: 18px;\">Ki gondolta volna, hogy n\u00e9h\u00e1ny k\u00e9pzeletbeli sz\u00ednes kalap seg\u00edts\u00e9g\u00e9vel tiszt\u00e1ba tehetj\u00fck \u00e9let\u00fcnk nagy d\u00f6nt\u00e9seit? Ha a k\u00f6vetkez\u0151 alkalommal bizonytalan vagy, csak kapd el\u0151 ezt a m\u00f3dszert, \u00e9s pr\u00f3b\u00e1ld ki \u2013 hiszen most m\u00e1r pontosan tudod, hogy egy kis j\u00e1t\u00e9koss\u00e1ggal m\u00e9g a legnagyobb dilemm\u00e1k is megoldhat\u00f3k.<\/span><\/p><p><img decoding=\"async\" class=\"wp-image-2836 aligncenter\" src=\"https:\/\/noivezetok.eu\/wp-content\/uploads\/2025\/03\/none.gif\" alt=\"\" width=\"61\" height=\"61\" srcset=\"https:\/\/noivezetok.eu\/wp-content\/uploads\/2025\/03\/none.gif 112w, https:\/\/noivezetok.eu\/wp-content\/uploads\/2025\/03\/none-12x12.gif 12w, https:\/\/noivezetok.eu\/wp-content\/uploads\/2025\/03\/none-100x100.gif 100w\" sizes=\"(max-width: 61px) 100vw, 61px\" \/><\/p><p><span style=\"font-size: 18px;\">Ne feledd, minden d\u00f6nt\u00e9s k\u00f6zelebb visz ahhoz, aki lenni szeretn\u00e9l, ez\u00e9rt legy\u00e9l b\u00e1tor, viseld b\u00fcszk\u00e9n a saj\u00e1t kalapjaidat, \u00e9s <a href=\"http:\/\/mindfulzold.hu\/\" target=\"_blank\" rel=\"noopener\">ir\u00e1ny\u00edtsd magabiztosan az \u00e9leted!<\/a><\/span><br \/><span style=\"font-size: 18px;\">Ha sz\u00edvesen olvasn\u00e1l m\u00e9g hasonl\u00f3 bejegyz\u00e9seket a j\u00f6v\u0151ben, k\u00f6vesd a <a href=\"https:\/\/noivezetok.eu\/en_en\/blog\/\">blogunk<\/a>-at \u00e9s iratkozz fel h\u00edrlevel\u00fcnkre az oldal alj\u00e1n! Addig is megtal\u00e1lsz minket a N\u0151i Vezet\u0151k <a href=\"https:\/\/www.instagram.com\/noivezetok\/\" target=\"_blank\" rel=\"noopener\">Instagram<\/a> \u00e9s <a href=\"https:\/\/hu.pinterest.com\/noivezetok\/\" target=\"_blank\" rel=\"noopener\">Pinterest<\/a> oldal\u00e1n is!<b><br \/><\/b> Tal\u00e1lkozunk a k\u00f6vetkez\u0151 kalandos d\u00f6nt\u00e9sedn\u00e9l!\u00a0<\/span><\/p><p><img decoding=\"async\" class=\"wp-image-2836 aligncenter\" src=\"https:\/\/noivezetok.eu\/wp-content\/uploads\/2025\/03\/none.gif\" alt=\"\" width=\"61\" height=\"61\" srcset=\"https:\/\/noivezetok.eu\/wp-content\/uploads\/2025\/03\/none.gif 112w, https:\/\/noivezetok.eu\/wp-content\/uploads\/2025\/03\/none-12x12.gif 12w, https:\/\/noivezetok.eu\/wp-content\/uploads\/2025\/03\/none-100x100.gif 100w\" sizes=\"(max-width: 61px) 100vw, 61px\" \/><\/p>\t\t\t\t\t\t\t\t<\/div>\n\t\t\t\t<\/div>\n\t\t\t\t<div class=\"elementor-element elementor-element-4587 elementor-widget elementor-widget-global elementor-global-4587 elementor-widget-author-box\" data-id=\"4587\" data-element_type=\"widget\" data-e-type=\"widget\" data-widget_type=\"author-box.default\">\n\t\t\t\t<div class=\"elementor-widget-container\">\n\t\t\t\t\t\t\t<div class=\"elementor-author-box\">\n\t\t\t\t\t\t\t<a href=\"https:\/\/timesaver.hu\/\" class=\"elementor-author-box__avatar\" target=\"_blank\" rel=\"noopener\">\n\t\t\t\t\t<img decoding=\"async\" src=\"https:\/\/noivezetok.eu\/wp-content\/uploads\/2025\/08\/8084a1e8-a04b-4a44-bcab-049a496e2169-275x300.jpeg\" alt=\"Picture of Sinka Gabriella T\u00edmea\" loading=\"lazy\">\n\t\t\t\t<\/a>\n\t\t\t\n\t\t\t<div class=\"elementor-author-box__text\">\n\t\t\t\t\t\t\t\t\t<a href=\"https:\/\/timesaver.hu\/\" target=\"_blank\" rel=\"noopener\">\n\t\t\t\t\t\t<h3 class=\"elementor-author-box__name\">\n\t\t\t\t\t\t\tSinka Gabriella T\u00edmea\t\t\t\t\t\t<\/h3>\n\t\t\t\t\t<\/a>\n\t\t\t\t\n\t\t\t\t\t\t\t\t\t<div class=\"elementor-author-box__bio\">\n\t\t\t\t\t\t<p>Im\u00e1dom, amikor egy j\u00f3 besz\u00e9lget\u00e9sb\u0151l \u00faj \u00f6tletek sz\u00fcletnek! Hiszem, hogy minden n\u0151 vezet\u0151 \u2013 legal\u00e1bb a saj\u00e1t \u00e9let\u00e9ben, \u00e9s itt azon dolgozom, hogy Te is visszatal\u00e1lj a f\u0151szerepbe, mik\u00f6zben egy\u00fctt nevet\u00fcnk, inspir\u00e1l\u00f3dunk \u00e9s mer\u00fcnk nagyot \u00e1lmodni!<\/p>\n\t\t\t\t\t<\/div>\n\t\t\t\t\n\t\t\t\t\t\t\t\t\t<a class=\"elementor-author-box__button elementor-button elementor-size-xs\" href=\"https:\/\/www.facebook.com\/timesaver.sinkagabriella\/\" target=\"_blank\" rel=\"noopener\">\n\t\t\t\t\t\tK\u00e9rd\u00e9sed van? \u00cdrj!\t\t\t\t\t<\/a>\n\t\t\t\t\t\t\t<\/div>\n\t\t<\/div>\n\t\t\t\t\t\t<\/div>\n\t\t\t\t<\/div>\n\t\t\t\t<div class=\"elementor-element elementor-element-748797c elementor-widget elementor-widget-wp-widget-recent-posts\" data-id=\"748797c\" data-element_type=\"widget\" data-e-type=\"widget\" data-widget_type=\"wp-widget-recent-posts.default\">\n\t\t\t\t<div class=\"elementor-widget-container\">\n\t\t\t\t\t\n\t\t\n\t\t<h5>Recent Posts<\/h5><nav aria-label=\"Recent Posts\">\n\t\t<ul>\n\t\t\t\t\t\t\t\t\t\t\t<li>\n\t\t\t\t\t<a href=\"https:\/\/noivezetok.eu\/en_en\/vasarnap-esti-ujratervezes\/\">Vas\u00e1rnap esti \u00fajratervez\u00e9s: 30 perc, ami megmenti a heted<\/a>\n\t\t\t\t\t\t\t\t\t<\/li>\n\t\t\t\t\t\t\t\t\t\t\t<li>\n\t\t\t\t\t<a href=\"https:\/\/noivezetok.eu\/en_en\/lagy-elet-hustle-helyett\/\">L\u00e1gy \u00e9let: a csendes amb\u00edci\u00f3, ami felv\u00e1ltja a hustle-kult\u00far\u00e1t<\/a>\n\t\t\t\t\t\t\t\t\t<\/li>\n\t\t\t\t\t\t\t\t\t\t\t<li>\n\t\t\t\t\t<a href=\"https:\/\/noivezetok.eu\/en_en\/gondolatok-megfigyelese-szemlelo-mod\/\">Ne \u00e1ll\u00edtsd meg a gondolataidat, csak figyeld \u0151ket<\/a>\n\t\t\t\t\t\t\t\t\t<\/li>\n\t\t\t\t\t\t\t\t\t\t\t<li>\n\t\t\t\t\t<a href=\"https:\/\/noivezetok.eu\/en_en\/kulcs-a-kieges-ellen-remember-classic-party\/\">F\u00f3kusz \u00e9s felszabadults\u00e1g: Egy gigabuli a kulcs a ki\u00e9g\u00e9s ellen?<\/a>\n\t\t\t\t\t\t\t\t\t<\/li>\n\t\t\t\t\t\t\t\t\t\t\t<li>\n\t\t\t\t\t<a href=\"https:\/\/noivezetok.eu\/en_en\/nonap-fuggetlenseg-vagy-sodrodas\/\">N\u0151nap: F\u00fcggetlens\u00e9g vagy sodr\u00f3d\u00e1s?<\/a>\n\t\t\t\t\t\t\t\t\t<\/li>\n\t\t\t\t\t<\/ul>\n\n\t\t<\/nav>\t\t\t\t<\/div>\n\t\t\t\t<\/div>\n\t\t\t\t\t<\/div>\n\t\t\t\t<\/div>\n\t\t\t\t<\/div>","protected":false},"excerpt":{"rendered":"<p>Mindannyiunk \u00e9let\u00e9ben elj\u00f6n az a pillanat, amikor \u00e1llunk a reggeli k\u00e1v\u00e9nkkal a k\u00e9zben, \u00e9s azon gondolkodunk, hogy vajon j\u00f3 \u00f6tlet-e meghozni azt a bizonyos nagy d\u00f6nt\u00e9st \u2013 legyen az egy munkahelyi lehet\u0151s\u00e9g, a v\u00e1llalkoz\u00e1sunk j\u00f6v\u0151je, vagy \u00e9pp az, hogy belev\u00e1gjunk-e v\u00e9gre a r\u00e9g\u00f3ta tervezett \u00e1lmaink megval\u00f3s\u00edt\u00e1s\u00e1ba. \u00c9rezz\u00fck, hogy valami hat\u00e9konys\u00e1gn\u00f6vel\u0151 pszichol\u00f3giai tr\u00fckkre lenne sz\u00fcks\u00e9g\u00fcnk, miel\u0151tt [&hellip;]<\/p>\n","protected":false},"author":5,"featured_media":2862,"comment_status":"open","ping_status":"open","sticky":false,"template":"","format":"standard","meta":{"rank_math_focus_keyword":"d\u00f6nt\u00e9shozatal","rank_math_title":"A d\u00f6nt\u00e9shozatal m\u0171v\u00e9szete - egy pszichol\u00f3gushallgat\u00f3 tipjjei","rank_math_description":"Ismerd meg Edward de Bono \u201ehat kalap\u201d m\u00f3dszer\u00e9t vend\u00e9g\u00edr\u00f3nk seg\u00edts\u00e9g\u00e9vel, \u00e9s hozd meg k\u00f6nnyed\u00e9n, gyorsan, stresszmentesen a legjobb d\u00f6nt\u00e9seidet!","footnotes":""},"categories":[102,104],"tags":[63,55,60,57,107],"class_list":["post-2861","post","type-post","status-publish","format-standard","has-post-thumbnail","hentry","category-inspiracio","category-onbecsules-onszeretet","tag-motivacio","tag-noi-vezetok","tag-onismeret","tag-tudatossag","tag-vendegposzt"],"_links":{"self":[{"href":"https:\/\/noivezetok.eu\/en_en\/wp-json\/wp\/v2\/posts\/2861","targetHints":{"allow":["GET"]}}],"collection":[{"href":"https:\/\/noivezetok.eu\/en_en\/wp-json\/wp\/v2\/posts"}],"about":[{"href":"https:\/\/noivezetok.eu\/en_en\/wp-json\/wp\/v2\/types\/post"}],"author":[{"embeddable":true,"href":"https:\/\/noivezetok.eu\/en_en\/wp-json\/wp\/v2\/users\/5"}],"replies":[{"embeddable":true,"href":"https:\/\/noivezetok.eu\/en_en\/wp-json\/wp\/v2\/comments?post=2861"}],"version-history":[{"count":13,"href":"https:\/\/noivezetok.eu\/en_en\/wp-json\/wp\/v2\/posts\/2861\/revisions"}],"predecessor-version":[{"id":6348,"href":"https:\/\/noivezetok.eu\/en_en\/wp-json\/wp\/v2\/posts\/2861\/revisions\/6348"}],"wp:featuredmedia":[{"embeddable":true,"href":"https:\/\/noivezetok.eu\/en_en\/wp-json\/wp\/v2\/media\/2862"}],"wp:attachment":[{"href":"https:\/\/noivezetok.eu\/en_en\/wp-json\/wp\/v2\/media?parent=2861"}],"wp:term":[{"taxonomy":"category","embeddable":true,"href":"https:\/\/noivezetok.eu\/en_en\/wp-json\/wp\/v2\/categories?post=2861"},{"taxonomy":"post_tag","embeddable":true,"href":"https:\/\/noivezetok.eu\/en_en\/wp-json\/wp\/v2\/tags?post=2861"}],"curies":[{"name":"wp","href":"https:\/\/api.w.org\/{rel}","templated":true}]}}