{"id":2609,"date":"2025-03-01T19:33:29","date_gmt":"2025-03-01T19:33:29","guid":{"rendered":"https:\/\/noivezetok.eu\/?p=2609"},"modified":"2025-11-28T13:43:25","modified_gmt":"2025-11-28T13:43:25","slug":"a-tipik-sikertortenete-interju-saghy-bernadett-tel","status":"publish","type":"post","link":"https:\/\/noivezetok.eu\/en_en\/a-tipik-sikertortenete-interju-saghy-bernadett-tel\/","title":{"rendered":"A Tipik sikert\u00f6rt\u00e9nete \u2013 Interj\u00fa S\u00e1ghy Bernadett-tel"},"content":{"rendered":"<div data-elementor-type=\"wp-post\" data-elementor-id=\"2609\" class=\"elementor elementor-2609\" data-elementor-post-type=\"post\">\n\t\t\t\t<div class=\"elementor-element elementor-element-6dfd895a e-flex e-con-boxed e-con e-parent\" data-id=\"6dfd895a\" data-element_type=\"container\" data-e-type=\"container\">\n\t\t\t\t\t<div class=\"e-con-inner\">\n\t\t\t\t<div class=\"elementor-element elementor-element-35a7f972 elementor-widget elementor-widget-text-editor\" data-id=\"35a7f972\" data-element_type=\"widget\" data-e-type=\"widget\" data-widget_type=\"text-editor.default\">\n\t\t\t\t<div class=\"elementor-widget-container\"><p class=\"has-medium-font-size\" style=\"letter-spacing: 1.2px; line-height: 1.6;\">A <strong><a href=\"https:\/\/noivezetok.eu\/en_en\/nonap-nem-csak-viragokrol-szol-unnepeld-magad-melton\/\">n\u0151nap<\/a><\/strong> nemcsak a vir\u00e1gokr\u00f3l \u00e9s aj\u00e1nd\u00e9kokr\u00f3l sz\u00f3l, hanem arr\u00f3l is, hogy \u00fcnnepelj\u00fck <a href=\"https:\/\/timesaver.hu\/\" target=\"_blank\" rel=\"noopener\">a n\u0151k sikereit, kitart\u00e1s\u00e1t \u00e9s kreativit\u00e1s\u00e1t.<\/a> S\u00e1ghy Bernadett pontosan egy ilyen inspir\u00e1l\u00f3 n\u0151, aki a <a href=\"http:\/\/www.tipik.hu\" target=\"_blank\" rel=\"noopener\"><strong>Tipik<\/strong> <\/a>m\u00e1rka megalap\u00edt\u00e1s\u00e1val megmutatta, hogy hogyan lehet a hagyom\u00e1nyokat \u00e9s a kort\u00e1rs design-t \u00f6tv\u00f6zni egy egyedi \u00e9s szerethet\u0151 term\u00e9kkoncepci\u00f3ban. Az interj\u00fa sor\u00e1n betekint\u00e9st nyerhet\u00fcnk a Tipik t\u00f6rt\u00e9net\u00e9be, Detti \u00fatj\u00e1ba, \u00e9s abba, hogy milyen kih\u00edv\u00e1sokat \u00e9lt meg v\u00e1llalkoz\u00f3k\u00e9nt.<\/p>\n<p>\u00a0<\/p><hr class=\"wp-block-separator has-alpha-channel-opacity\" \/><p>\u00a0<\/p><h2 class=\"wp-block-heading has-large-font-size\" style=\"border-style: none; border-width: 0px; border-radius: 0px; font-style: italic; font-weight: bold;\"><strong>K\u00e9rlek mutasd be magad \u00e9s a m\u00e1rk\u00e1d n\u00e9h\u00e1ny mondatban.<\/strong><\/h2><p class=\"has-medium-font-size\" style=\"letter-spacing: 1.2px; line-height: 1.6;\">Az egyszer\u0171s\u00e9g kedv\u00e9\u00e9rt, Detti vagyok (olyan hossz\u00fa a jogilag teljes nevem, hogy 12 mp le\u00edrni). A <a href=\"http:\/\/www.tipik.hu\" target=\"_blank\" rel=\"noopener\">Tipik<\/a> meg\u00e1lmod\u00f3ja, tah\u00f3 sz\u00edvek megl\u00e1gy\u00edt\u00f3ja, \u00f6tletgazda \u00e9s k\u00e9t t\u00f6rpe terrorista b\u00fcszke Mamasz\u00edt\u00e1ja.<\/p>\n<p>\u00a0<\/p><p class=\"has-medium-font-size\" style=\"letter-spacing: 1.2px; line-height: 1.6;\">A t\u00f6rt\u00e9netem r\u00f6viden: nagyv\u00e1llalati HR-esk\u00e9nt sz\u00fcl\u00e9si szabads\u00e1gomat t\u00f6ltve 2020-ban, covid miatt elz\u00e1rva, sz\u00fcl\u00e9s ut\u00e1ni depresszi\u00f3val \u00e1ztatva, elkezdtem k\u00e9zzel h\u00edmezni az els\u0151 &#8222;De sz\u00e9p macska vagy Sanyi&#8221; fali d\u00edszt, amolyan menek\u00fcl\u00e9s k\u00e9ppen.<\/p>\n<p>\u00a0<\/p><p class=\"has-medium-font-size\" style=\"letter-spacing: 1.2px; line-height: 1.6;\">Zajos sikert aratott ismer\u0151si k\u00f6rben, \u00edgy keltettem \u00e9letre a Tipiket, ahol a c\u00e9lom m\u00e9mek, youtube faszs\u00e1gok, filmes- \u00e9s kedvenc saj\u00e1t sz\u00e1ll\u00f3ig\u00e9ink alkot\u00e1sa volt, haz\u00e1nkhoz kapcsol\u00f3d\u00f3 h\u00edmzett term\u00e9keken.<\/p>\n<p>\u00a0<\/p><p class=\"has-medium-font-size\" style=\"letter-spacing: 1.2px; line-height: 1.6;\">Rajongok a hagyom\u00e1nyaink\u00e9rt, ezeket kis magyar val\u00f3s\u00e1gunkkal keresztezve k\u00e9sz\u00edtek extra humoros, hordhat\u00f3 cuccokat. A h\u00edmz\u00e9s m\u00f3dszere \u00e9s a v\u00e1laszthat\u00f3 vir\u00e1gos \u00e9s paprik\u00e1s keret is r\u00e9szben magyar kincseinket k\u00f6zvet\u00edti.<\/p><p class=\"has-medium-font-size\" style=\"letter-spacing: 1.2px; line-height: 1.6;\">A humor mellett, fontos sz\u00e1momra, hogy \u00e9rt\u00e9ket is k\u00f6zvet\u00edtsek, \u00edgy a term\u00e9kek kiz\u00e1r\u00f3lag vid\u00e9ki magyar kisv\u00e1llalkoz\u00f3kkal k\u00e9sz\u00fclnek.<\/p>\n<p>\u00a0<\/p><figure class=\"wp-block-image size-full\"><a href=\"\/en_en\/www.tipik.hu\/\" target=\"_blank\" rel=\"noreferrer noopener\"><img fetchpriority=\"high\" decoding=\"async\" width=\"1000\" height=\"400\" class=\"wp-image-2611\" src=\"https:\/\/noivezetok.eu\/wp-content\/uploads\/2025\/03\/FRISS-Noi-Vezetok-BLOG-belso-kepek-1000-x-400-keppont.jpg\" alt=\"\" srcset=\"https:\/\/noivezetok.eu\/wp-content\/uploads\/2025\/03\/FRISS-Noi-Vezetok-BLOG-belso-kepek-1000-x-400-keppont.jpg 1000w, https:\/\/noivezetok.eu\/wp-content\/uploads\/2025\/03\/FRISS-Noi-Vezetok-BLOG-belso-kepek-1000-x-400-keppont-300x120.jpg 300w, https:\/\/noivezetok.eu\/wp-content\/uploads\/2025\/03\/FRISS-Noi-Vezetok-BLOG-belso-kepek-1000-x-400-keppont-768x307.jpg 768w, https:\/\/noivezetok.eu\/wp-content\/uploads\/2025\/03\/FRISS-Noi-Vezetok-BLOG-belso-kepek-1000-x-400-keppont-18x7.jpg 18w, https:\/\/noivezetok.eu\/wp-content\/uploads\/2025\/03\/FRISS-Noi-Vezetok-BLOG-belso-kepek-1000-x-400-keppont-600x240.jpg 600w\" sizes=\"(max-width: 1000px) 100vw, 1000px\" \/><\/a><\/figure><h2 class=\"wp-block-heading\">\u00a0<\/h2>\n<h2 class=\"wp-block-heading has-large-font-size\" style=\"border-style: none; border-width: 0px; border-radius: 0px; font-style: italic; font-weight: bold;\"><strong>Mi inspir\u00e1lt arra, hogy l\u00e9trehozd a Tipik m\u00e1rk\u00e1t, \u00e9s hogyan indult el ez az \u00fat?<\/strong><\/h2><p class=\"has-medium-font-size\" style=\"letter-spacing: 1.2px; line-height: 1.6;\">Semmi tudatoss\u00e1g nem volt benne. A v\u00e9letlen, egy piaci r\u00e9s \u00e9s ebb\u0151l a szempontb\u00f3l t\u00f6k\u00e9letes id\u0151z\u00edt\u00e9s (covid) furcsa egyvelege keltette \u00e9letre a Tipiket. 26 \u00e9vesen sz\u00fcltem az els\u0151 kisl\u00e1nyom, k\u00f6z\u00e9pid\u0151s terhes voltam, amikor a covid elkezdett begy\u0171r\u0171zni a mindennapokba, ismeretlen, ijeszt\u0151 helyzet volt mindenkinek. A sz\u00fcl\u00e9s ideje k\u00f6rny\u00e9k\u00e9re eszkal\u00e1l\u00f3dott m\u00e1r annyira a helyzet, hogy h\u00f3napok \u00f3ta be voltunk z\u00e1rva, nem nagyon tal\u00e1lkozhattunk a csal\u00e1ddal\/bar\u00e1tok, mindennap v\u00e1ltozott, hogy pl. egy\u00e1ltal\u00e1n Apuka bej\u00f6het-e a sz\u00fcl\u00e9sre. Kurva neh\u00e9z volt, ijeszt\u0151, de nek\u00fcnk ezt dobta a g\u00e9p.<\/p>\n<p>\u00a0<\/p><p class=\"has-medium-font-size\" style=\"letter-spacing: 1.2px; line-height: 1.6;\">V\u00e9g\u00fcl egy neh\u00e9z, 22 \u00f3r\u00e1s maszkban vaj\u00fad\u00e1s ut\u00e1n megsz\u00fcletett a 4 kil\u00f3 feletti l\u00e1nyom, a fel\u00e9p\u00fcl\u00e9sem is h\u00f3napokig tartott. Ekkort\u00e1jt m\u00e1r egy\u00e1ltal\u00e1n nem lehetett senkivel tal\u00e1lkozni, eml\u00e9kszem a kisl\u00e1nyom \u00fagy mutattam be a csal\u00e1dnak, hogy \u0151k a teraszon v\u00e1ltott\u00e1k egym\u00e1st, \u00e9n pedig a h\u00e1zban, a teraszajt\u00f3 el\u0151tt \u00fcltem a kisl\u00e1nyommal egy fotelban, egy felf\u00fajhat\u00f3 kerek \u00fasz\u00f3gumiba s\u00fcppedve, hogy a g\u00e1tsebem ne \u00e9rintkezzen semmivel. Terhelt id\u0151szak volt \u00e9s sajnos botr\u00e1nyos szar alv\u00f3 volt a l\u00e1nyom, m\u00edg az \u00e9n kriptonitom a 10 \u00f3ra alv\u00e1s (lenne).<\/p>\n<p>\u00a0<\/p><p class=\"has-medium-font-size\" style=\"letter-spacing: 1.2px; line-height: 1.6;\">Ezeket \u00f6sszeadva egy\u00e9rtelm\u0171 volt a retteg\u00e9s, tudatm\u00f3dosult \u00e1llapot, befordul\u00e1s \u00e9s zombi l\u00e9t, 2 h\u00f3nap ut\u00e1n \u00e9reztem azt, hogy most musz\u00e1j valami m\u00e1st csin\u00e1lnom, ha nem akarok meg\u0151r\u00fclni. A nagyobbik l\u00e1nyom 30 perces alv\u00e1s idejeiben kezdtem el k\u00e9zzel h\u00edmezni az els\u0151 fali d\u00edszt. A sz\u00e1momra semmitmond\u00f3, de nagyon sz\u00e9p \u201eBe yourself\u201d meg hasonl\u00f3 csilli-villi h\u00edmz\u00e9sekb\u0151l tele volt a padl\u00e1s, ezt akartam \u00e9letszag\u00fav\u00e1 \u00e9s a hagyom\u00e1nyost maiv\u00e1 v\u00e1ltoztatni.<\/p>\n<p>\u00a0<\/p><p class=\"has-medium-font-size\" style=\"letter-spacing: 1.2px; line-height: 1.6;\">N\u00e1lunk csal\u00e1di szinten folyamatosak a sz\u00e1ll\u00f3ig\u00e9k durrogtat\u00e1sa, egy j\u00f3 \u00dcvegtigris, Argo vagy B\u00f6zsi n\u00e9ni, itt a ty\u00fak! m\u00e9m gyakran el\u0151ker\u00fcl a csal\u00e1di \u00f6sszej\u00f6veteleken. Ezen apr\u00f3p\u00f3b\u00f3l \u00f6tv\u00f6ztem a r\u00e9git az \u00fajjal \u00e9s sz\u00fcletett meg a Tipik h\u00edmz\u00e9s \u2013 kis magyar val\u00f3s\u00e1g, hagyom\u00e1nyaiknak megfelel\u0151 k\u00f6nt\u00f6sben.<\/p>\n<p>\u00a0<\/p><p>\u00a0<\/p><hr class=\"wp-block-separator has-alpha-channel-opacity\" \/><h2 class=\"wp-block-heading has-large-font-size\" style=\"border-style: none; border-width: 0px; border-radius: 0px; font-style: italic; font-weight: bold;\"><strong>Hogyan tal\u00e1ltad meg az egyens\u00falyt a mag\u00e1n\u00e9leted \u00e9s a v\u00e1llalkoz\u00e1sod vezet\u00e9se k\u00f6z\u00f6tt?<\/strong><\/h2><p class=\"has-medium-font-size\" style=\"letter-spacing: 1.2px; line-height: 1.6;\">Akkor itt most demotiv\u00e1l\u00f3 leszek: 5 \u00e9v ut\u00e1n is keresem. Kurva neh\u00e9z, mert teljesen \u00f6sszefolyik a kett\u0151. \u00cdgy, hogy most m\u00e1r mind a k\u00e9t l\u00e1nyom int\u00e9zm\u00e9nybe j\u00e1r, 4 \u00e9v ut\u00e1n van el\u0151sz\u00f6r dedik\u00e1lt id\u0151 a munk\u00e1ra, igyekszem j\u00f3l beosztani, de m\u00e9g friss az \u00e9lm\u00e9ny \u00e9s egy-egy betegs\u00e9gn\u00e9l borul minden.<\/p><p>\u00a0<\/p>\n<p class=\"has-medium-font-size\" style=\"letter-spacing: 1.2px; line-height: 1.6;\">4 \u00e9vig az alv\u00e1sid\u0151kben, altat\u00e1s ut\u00e1n \u00e9s\/vagy 1-2 gyerekkel az \u00f6lemben dolgoztam, \u00edgy m\u00e9g nagyobb tal\u00e1ny sz\u00e1momra, hogy n\u0151hetett ekkor\u00e1ra a v\u00e1llalkoz\u00e1som. De valahogy mindig megold\u00f3dott.<\/p>\n<p>\u00a0<\/p><p class=\"has-medium-font-size\" style=\"letter-spacing: 1.2px; line-height: 1.6;\">Voltak meredek helyzetek is, pl. amikor 36 hetes terhesen a m\u00e1sodik l\u00e1nyommal, p\u00e1r napja bek\u00f6lt\u00f6zve az \u00faj \u00e9p\u00edt\u00e9s\u0171 h\u00e1zunkba, az akkori gy\u00e1rt\u00f3 nem b\u00edrta a gy\u0171r\u0151d\u00e9st \u00e9s letette a lantot egyik napr\u00f3l a m\u00e1sikra.. \u00fagy, hogy akkor ez az egy bev\u00e9teli forr\u00e1sunk volt \u00e9s mindent \u0151k csin\u00e1ltak. Vagy amikor vaj\u00fad\u00e1s k\u00f6zben h\u00edvott a k\u00f6nyvel\u0151, a KATA miz\u00e9ria miatt (pov: nem vettem fel).<\/p>\n<p>\u00a0<\/p><p class=\"has-medium-font-size\" style=\"letter-spacing: 1.2px; line-height: 1.6;\">Nagyon fontos egy t\u00e1mogat\u00f3 k\u00f6zeg: a F\u00e9rjem rengeteget seg\u00edtett a gyerekekkel, teljes\u00e9rt\u00e9k\u0171 sz\u00fcl\u0151, akire nagyon b\u00fcszke vagyok. Nekem \u00fagy siker\u00fclhetett fel\u00e9p\u00edteni ezt a v\u00e1llalkoz\u00e1st, hogy a p\u00e1rom sose akart g\u00fazsba k\u00f6tni \u00e9s belegy\u00f6m\u00f6sz\u00f6lni egy s\u00e9m\u00e1ba, a work-life balance v\u00edzi\u00f3j\u00e1t is csak k\u00fcls\u0151 seg\u00edts\u00e9ggel lehet megpr\u00f3b\u00e1lni el\u00e9rni szerintem.<\/p>\n<p>\u00a0<\/p><p class=\"has-medium-font-size\" style=\"letter-spacing: 1.2px; line-height: 1.6;\">Menni fog ez m\u00e9g jobban is a j\u00f6v\u0151ben, ha egy szab\u00e1lyrendszert kialak\u00edtok magamnak \u00e9s k\u00f6vetkezetesen betartom \u2013 pl. d\u00e9lut\u00e1n 4 ut\u00e1n m\u00e1r nem v\u00e1laszolok e-mailekre. De ez m\u00e9g v\u00e1rat mag\u00e1ra \ud83d\ude0a<\/p><p>\u00a0<\/p>\n<p>\u00a0<\/p><hr class=\"wp-block-separator has-alpha-channel-opacity\" \/><h2 class=\"wp-block-heading has-large-font-size\" style=\"border-style: none; border-width: 0px; border-radius: 0px; font-style: italic; font-weight: bold;\"><strong>Milyen kih\u00edv\u00e1sokkal szembes\u00fclt\u00e9l n\u0151i v\u00e1llalkoz\u00f3k\u00e9nt az \u00fczleti vil\u00e1gban?<\/strong><\/h2><p class=\"has-medium-font-size\" style=\"letter-spacing: 1.2px; line-height: 1.6;\">\u00d6nmag\u00e1ban m\u00e1r az meglepi az embereket, hogy n\u0151k\u00e9nt valaki csal\u00e1dfenntart\u00f3 szint\u0171 v\u00e1llalkoz\u00e1st tud ki\u00e9p\u00edteni 2 gyerek mellett, de ott j\u00f6n az igazi d\u00f6bbenet, amikor kider\u00fcl, hogy k\u00e1romkod\u00f3s-m\u00e9m-vicc vonalon. Az ilyesmit a f\u00e9rfi nemhez k\u00f6tik jobban az emberek, maszkulinnak hat, pedig a v\u00e1s\u00e1rl\u00f3im nagyobb r\u00e9sze is n\u0151. \u00c9n \u00fagy gondolom, hogy \u00e9rdek\u00e9rv\u00e9nyes\u00edt\u00e9ssel sosem volt gondom az \u00fczleti vil\u00e1gban, ehhez mondjuk kell a fafej\u0171, d\u00f6mper szem\u00e9lyis\u00e9gem is, egy kis maximulazmussal megf\u0171szerezve \ud83d\ude0a<\/p>\n<p>\u00a0<\/p><p class=\"has-medium-font-size\" style=\"letter-spacing: 1.2px; line-height: 1.6;\">Az gyakrabban el\u0151fordul, hogy m\u00e1sol\u00f3k, vagy a piacon kor\u00e1bban m\u00e1smilyen kateg\u00f3ri\u00e1ban jelenl\u00e9v\u0151 v\u00e1llalkoz\u00f3k, a sikerem l\u00e1tt\u00e1n beemelik a st\u00edlusom, majd pr\u00f3b\u00e1lnak kellemetlenkedni. De ezeket t\u00f6bb sz\u00e1z pr\u00f3b\u00e1lkoz\u00f3 \u00e9s 5 \u00e9v ut\u00e1n el\u00e9g j\u00f3l le tudom m\u00e1r kezelni.<\/p>\n<p>\u00a0<\/p>\n<p>\u00a0<\/p><hr class=\"wp-block-separator has-alpha-channel-opacity\" \/>\n<p><\/p>\n<h2 class=\"wp-block-heading has-large-font-size\" style=\"border-style: none; border-width: 0px; border-radius: 0px; font-style: italic; font-weight: bold;\"><strong>Hogyan l\u00e1tod a n\u0151k szerep\u00e9t a mai \u00fczleti k\u00f6rnyezetben, k\u00fcl\u00f6n\u00f6sen Magyarorsz\u00e1gon?<\/strong><\/h2><p class=\"has-medium-font-size\" style=\"letter-spacing: 1.2px; line-height: 1.6;\">Ha t\u00f6bb lehet\u0151s\u00e9g\u00fcnk lenne \u00f6n\u00e1ll\u00f3sodni, sokkal t\u00f6bben lenn\u00e9nk. A mai gazdas\u00e1gi k\u00f6rnyezetben a kisgyermekes n\u0151 munkav\u00e1llal\u00e1sa egy lutri, az \u00e1tlag munk\u00e1ltat\u00f3 nem kezeli k\u00f6nnyeden a vill\u00e1mcsap\u00e1sszer\u0171en fert\u0151z\u0151 b\u00f6lcsi ebola \u00e9s ovis h\u00e1ny\u00f3s-fos\u00f3s v\u00edrus csal\u00e1d-led\u00f6nt\u00e9s\u00e9t 2 hetente. Az sem seg\u00edt, hogy gyakran a f\u00e9rfi keresete nem el\u00e9g ahhoz, hogy Anya pr\u00f3b\u00e1lkozzon egy \u00faj dologgal \u00e9s a semmib\u0151l \u00e9p\u00edtsen fel egy v\u00e1llalkoz\u00e1st, kell a n\u0151 \u00e1ltal termelt bev\u00e9tel a csal\u00e1di m\u0171k\u00f6d\u00e9shez.<\/p>\n<p>\u00a0<\/p><p class=\"has-medium-font-size\" style=\"letter-spacing: 1.2px; line-height: 1.6;\">\u00c9n \u00fagy veszem \u00e9szre, rengeteg a talpraesett, vag\u00e1ny n\u0151 a k\u00f6rnyezetemben \u00e9s a k\u00f6vet\u0151im k\u00f6z\u00f6tt is, alapanyagb\u00f3l nem lenne hi\u00e1ny. Aki egyszerre tud pelenk\u00e1zni egy dackorszakost \u00e9s gy\u00fcm\u00f6lcsp\u00fcr\u00e9t nyomni a nagyobb sz\u00e1j\u00e1ba, mik\u00f6zben telefon\u00e1l, egy v\u00e1llalkoz\u00e1st is fel tudna futtatni. Ahol egyszerre term\u00e9kfejleszt\u0151, marketinges, \u00fcgyf\u00e9lszolg\u00e1latos \u00e9s min\u0151s\u00e9gellen\u0151r, de ha nincs meg a h\u00e1torsz\u00e1g ehhez, nem mernek rizik\u00f3zni \u00e9s valami \u00fajba belekezdeni 0-r\u00f3l. \u00c9n ezt l\u00e1tom itthon.<\/p>\n<p>\u00a0<\/p>\n<p>\u00a0<\/p><hr class=\"wp-block-separator has-alpha-channel-opacity\" \/><h2 class=\"wp-block-heading has-large-font-size\" style=\"border-style: none; border-width: 0px; border-radius: 0px; font-style: italic; font-weight: bold;\"><strong>Milyen tan\u00e1csot adn\u00e1l azoknak a n\u0151knek, akik saj\u00e1t v\u00e1llalkoz\u00e1s ind\u00edt\u00e1s\u00e1n gondolkodnak?<\/strong><\/h2><p class=\"has-medium-font-size\" style=\"letter-spacing: 1.2px; line-height: 1.6;\">Gatya fel, kurva sok nagy leveg\u0151 meg n\u00e9mi fr\u00f6ccs. Ahogy kor\u00e1bban eml\u00edtettem, aki megtanult m\u00e1r egy 1-2-3-stb. gyerekes csal\u00e1dot menedzselni, az logisztik\u00e1ban olyan toppon van, amint a Waberer\u2019s is megirigyelne. Az any\u00e1k \u00e9s a n\u0151k b\u00edrj\u00e1k a nyom\u00e1st, a gy\u0171r\u0151d\u00e9st \u00e9s tudnak reag\u00e1lni a v\u00e1ratlan fordulatokra, \u00edgy szerintem minden soft \u2013 \u00e9s hardskill birtok\u00e1ban vannak, hogy sikeres v\u00e1llalkoz\u00f3k lehessenek.<\/p>\n<p>\u00a0<\/p><figure class=\"wp-block-image size-full\"><img decoding=\"async\" width=\"1000\" height=\"400\" class=\"wp-image-2612\" src=\"https:\/\/noivezetok.eu\/wp-content\/uploads\/2025\/03\/FRISS-Noi-Vezetok-BLOG-belso-kepek-1000-x-400-keppont-3.jpg\" alt=\"\" srcset=\"https:\/\/noivezetok.eu\/wp-content\/uploads\/2025\/03\/FRISS-Noi-Vezetok-BLOG-belso-kepek-1000-x-400-keppont-3.jpg 1000w, https:\/\/noivezetok.eu\/wp-content\/uploads\/2025\/03\/FRISS-Noi-Vezetok-BLOG-belso-kepek-1000-x-400-keppont-3-300x120.jpg 300w, https:\/\/noivezetok.eu\/wp-content\/uploads\/2025\/03\/FRISS-Noi-Vezetok-BLOG-belso-kepek-1000-x-400-keppont-3-768x307.jpg 768w, https:\/\/noivezetok.eu\/wp-content\/uploads\/2025\/03\/FRISS-Noi-Vezetok-BLOG-belso-kepek-1000-x-400-keppont-3-18x7.jpg 18w, https:\/\/noivezetok.eu\/wp-content\/uploads\/2025\/03\/FRISS-Noi-Vezetok-BLOG-belso-kepek-1000-x-400-keppont-3-600x240.jpg 600w\" sizes=\"(max-width: 1000px) 100vw, 1000px\" \/><\/figure><h2 class=\"wp-block-heading\">\u00a0<\/h2>\n<h2 class=\"wp-block-heading has-large-font-size\" style=\"border-style: none; border-width: 0px; border-radius: 0px; font-style: italic; font-weight: bold;\"><strong>Hogyan seg\u00edtettek a kor\u00e1bbi munk\u00e1idban szerzett tapasztalataid a saj\u00e1t v\u00e1llalkoz\u00e1sod vezet\u00e9s\u00e9ben?<\/strong><\/h2><p class=\"has-medium-font-size\" style=\"letter-spacing: 1.2px; line-height: 1.6;\">Nekem sportmanageri diplom\u00e1m van, de m\u00e1r az egyetem mellett HR-ben dolgoztam, ezt folytattam k\u00fcl\u00f6nb\u00f6z\u0151 multikban. 5 \u00e9v HR ut\u00e1n, egy nemzetk\u00f6zi pozib\u00f3l mentem el sz\u00fclni. Mivel kor\u00e1bban is emberekkel kooper\u00e1ltam a nap minden perc\u00e9ben, nem lep\u0151dtem meg, hogy milyen agyrohaszt\u00f3 \u00e9s felvillanyoz\u00f3 lehet ak\u00e1r 5 percen bel\u00fcl is az, ha Te vagy az a szem\u00e9ly, akihez mindig fordulnak.<\/p>\n<p>\u00a0<\/p><p class=\"has-medium-font-size\" style=\"letter-spacing: 1.2px; line-height: 1.6;\">Az asszert\u00edv kommunik\u00e1ci\u00f3 nagyon kellett nekem, mindig is egy er\u0151s n\u00e9zet\u0171 \u00e9s sz\u0171r\u0151 n\u00e9lk\u00fcli ember voltam, de ez alatt a p\u00e1r \u00e9v alatt megtanultam \u00fagy kommunik\u00e1lni, ahogy egy multiban elv\u00e1rhat\u00f3 \u2013 ennek nagy haszn\u00e1t veszem a v\u00e1llalkoz\u00e1somban is. Ezt viszont sok\u00e1ig kellett gyakorolnom, mert a temperamentumom el\u00e9g olaszos, zsigeri ember vagyok\ud83d\ude0a<\/p>\n<p>\u00a0<\/p>\n<p>\u00a0<\/p><hr class=\"wp-block-separator has-alpha-channel-opacity\" \/><h2 class=\"wp-block-heading has-large-font-size\" style=\"border-style: none; border-width: 0px; border-radius: 0px; font-style: italic; font-weight: bold;\"><strong>Milyen szerepet j\u00e1tszik a kreativit\u00e1s a Tipik term\u00e9keinek megalkot\u00e1s\u00e1ban?<\/strong><\/h2><p class=\"has-medium-font-size\" style=\"letter-spacing: 1.2px; line-height: 1.6;\">Alappill\u00e9re, hiszen f\u0151leg aj\u00e1nd\u00e9kt\u00e1rgyk\u00e9nt, esem\u00e9nyekre veszi a min\u0151s\u00e9gi tah\u00f3s\u00e1gra v\u00e1gy\u00f3 ember, \u00edgy a folyamatos meg\u00fajul\u00e1s \u00e9s a v\u00e1s\u00e1rl\u00f3i ig\u00e9nyekre val\u00f3 reakci\u00f3 kulcsfontoss\u00e1g\u00fa. \u00cdgy igyekeszem megtartani az \u0151sTipikeseket \u00e9s bevonzani az \u00fajakat. Ez pedig ahhoz vezet, hogy tarthatom a piacvezet\u0151 poz\u00edci\u00f3imat is, mivel mindig \u00e9n vagyok az \u00f6tletgazda, akit m\u00e1s m\u00e1sol \ud83d\ude0a<\/p>\n<p>\u00a0<\/p>\n<p>\u00a0<\/p><hr class=\"wp-block-separator has-alpha-channel-opacity\" \/><h2 class=\"wp-block-heading has-large-font-size\" style=\"border-style: none; border-width: 0px; border-radius: 0px; font-style: italic; font-weight: bold;\"><strong>Hogyan v\u00e1lasztod ki a term\u00e9keken megjelen\u0151 sz\u00f6vegeket \u00e9s diz\u00e1jnokat?<\/strong><\/h2><p class=\"has-medium-font-size\" style=\"letter-spacing: 1.2px; line-height: 1.6;\">A design adott, a felismerhet\u0151s\u00e9g kulcsfontoss\u00e1g\u00fa a m\u00e1rka azonos\u00edt\u00e1s\u00e1ban. Ha valaki t\u00e1volr\u00f3l l\u00e1t pl. egy h\u00edmzett p\u00f3l\u00f3t, m\u00e1r csak a k\u00f6rvonalakb\u00f3l felismeri, hogy Tipik term\u00e9k, ha m\u00e1r ismeri a tah\u00f3s\u00e1gok t\u00e1rh\u00e1z\u00e1t. Ez c\u00e9l is volt, ez tesz egyediv\u00e9 \u00e9s koncepci\u00f3ban nehezen m\u00e1solhat\u00f3v\u00e1 ezen a tel\u00edtett piacon.<\/p>\n<p>\u00a0<\/p><p class=\"has-medium-font-size\" style=\"letter-spacing: 1.2px; line-height: 1.6;\">A h\u00edmz\u00e9s m\u00f3dszere sem n\u00e9pszer\u0171 a gy\u00e1rt\u00f3k k\u00f6z\u00f6tt, mert el\u00e9g magas a beker\u00fcl\u00e9si k\u00f6lts\u00e9ge \u00e9s kisebb rajta a haszon. Viszont ez az egy m\u00f3dszer, ami tart\u00f3s textilre ker\u00fclve, maradand\u00f3, nem kopik \u00e9s k\u00f6rnyezetk\u00edm\u00e9l\u0151, a tudatos v\u00e1s\u00e1rl\u00f3kn\u00e1l ezek fontos szempontok.<\/p>\n<p>\u00a0<\/p><p class=\"has-medium-font-size\" style=\"letter-spacing: 1.2px; line-height: 1.6;\">Mivel n\u00e1lam van fel\u00e1r n\u00e9lk\u00fcli saj\u00e1t sz\u00f6veg\u0171 k\u00e9r\u00e9s opci\u00f3, ez\u00e9rt mindenki rendelhet olyan term\u00e9keket, amin a saj\u00e1t csal\u00e1di sz\u00e1ll\u00f3ig\u00e9j\u00fck vagy bar\u00e1ti k\u00f6rben n\u00e9pszer\u0171 elsz\u00f3l\u00e1sa\/k\u00e1romkod\u00e1sa szerepel. Az ilyesmi k\u00e9r\u00e9ssel nem felt\u00e9tlen\u00fcl mennek be nyugodt sz\u00edvvel egy pl\u00e1za kulcsm\u00e1sol\u00f3s standj\u00e1ba, viszont n\u00e1lam nincs tabu \u00e9s nem vagyok sz\u00e9gyenl\u0151s, j\u00f6het b\u00e1rmi \u00e9s ezt ki is haszn\u00e1lj\u00e1k a v\u00e1s\u00e1rl\u00f3im. \u00cdgy m\u00e1r t\u00f6bb, mint 2000 f\u00e9le sz\u00f6veg k\u00e9sz\u00fclt a tah\u00f3gy\u00e1rban, nagy a mer\u00edt\u00e9s \ud83d\ude0a<\/p><p>\u00a0<\/p>\n<p>\u00a0<\/p><hr class=\"wp-block-separator has-alpha-channel-opacity\" \/><h2 class=\"wp-block-heading has-large-font-size\" style=\"border-style: none; border-width: 0px; border-radius: 0px; font-style: italic; font-weight: bold;\"><strong>Milyen visszajelz\u00e9seket kapt\u00e1l eddig a v\u00e1s\u00e1rl\u00f3kt\u00f3l, \u00e9s hogyan befoly\u00e1solj\u00e1k ezek a term\u00e9kfejleszt\u00e9st? Van olyan visszajelz\u00e9s, ami azonnal beugrik \u00e9s megmosolyogtat vagy melengeti a sz\u00edved?<\/strong><\/h2><p class=\"has-medium-font-size\" style=\"letter-spacing: 1.2px; line-height: 1.6;\">Volt p\u00e1r, amit megsirattam. Kevesen tudj\u00e1k milyen \u0151r\u00fclt mennyis\u00e9g\u0171 munka, felad\u00e1s \u00e9s kompromisszum van egy ilyen v\u00e1llalkoz\u00e1s m\u00f6g\u00f6tt, nagyr\u00e9szt mag\u00e1n\u00e9leti szinten. Viszont amikor Mamaszita t\u00e1rsaimt\u00f3l (anyuk\u00e1kt\u00f3l) j\u00f6n egy-egy lev\u00e9l, hogy pl. b\u00fcszk\u00e9k r\u00e1m, hogy a kor\u00e1bban le\u00edrt \u00e9lethelyzetben nem hagytam magamnak, hogy beforduljak, helyette ilyen v\u00e1llalkoz\u00e1st \u00e9s k\u00f6z\u00f6ss\u00e9get teremtettem, ami nekik is egy \u201esafe place\u201d, akkor van, hogy \u00f6sszefolyik a taknyom-ny\u00e1lam. A mai t\u00e1rsadalmunkban m\u00e9g t\u00f6k alap, hogy ha elmondom a helyzet\u00fcnket valakinek, a zsigeri v\u00e1lasz, hogy \u201ede szerencs\u00e9s vagy a F\u00e9rjeddel, hogy ennyit seg\u00edt\u201d, nem az hogy \u201eAztakurva, hogy hoztad ezt \u00f6ssze!\u201d Iszonyatosan j\u00f3fej k\u00f6z\u00f6ss\u00e9g kov\u00e1csol\u00f3dott, k\u00f6zel 80.000 emberrel s\u00edrunk \u00e9s nevet\u00fcnk egy\u00fctt, egy laza, humoros \u00e9s intelligens Tipik csal\u00e1dd\u00e1 kavarodtunk ki.<\/p>\n<p>\u00a0<\/p><p class=\"has-medium-font-size\" style=\"letter-spacing: 1.2px; line-height: 1.6;\">Nagyon sok olyan visszajelz\u00e9s j\u00f6n, ami megmosolyogtat \u00e9s beiv\u00f3dik m\u00e9lyen, egy-egy szar napon fel szoktam id\u00e9zni \u0151ket. pl: tah\u00f3 vil\u00e1gunk kir\u00e1lyn\u0151je, vagy a \u201eA Tipik nem az amit meg\u00e9rdeml\u00fcnk, hanem amire sz\u00fcks\u00e9g\u00fcnk van\u201d \ud83d\ude00 De amikor megk\u00f6sz\u00f6nik, hogy vagyok \u00e9s merek \u0151szinte lenni \u00e9s nem t\u00f6k\u00e9letes, akkor mindig kicsit megremeg a sz\u00e1m sz\u00e9le. Az egyik legeml\u00e9kezetesebb ilyen a Tipik deb\u00fct\u00e1l\u00e1s\u00e1n\u00e1l volt: valaki azt a jelz\u0151t haszn\u00e1lta, hogy hungarikum. Ez iszonyatosan megmaradt \u2764\ufe0f<\/p>\n<p>\u00a0<\/p><p class=\"has-medium-font-size\" style=\"letter-spacing: 1.2px; line-height: 1.6;\">Mivel egy piaci r\u00e9st tal\u00e1ltam 5 \u00e9ve, nagyon sokan tudtak rezon\u00e1lni vele, ami egy folyamatos b\u0151v\u00fcl\u00e9st eredm\u00e9nyez. Hallgatok a v\u00e1s\u00e1rl\u00f3i ig\u00e9nyekre, \u00edgy lett a Tipik is az, ami. Amit \u00e9n tal\u00e1ltam ki, az a fali d\u00edsz volt, 1 kerettel, m\u00e1ra t\u00f6bb, mint 21 f\u00e9le term\u00e9k el\u00e9rhet\u0151 a tipik.hu-n \u00e9s nagy r\u00e9sze egy v\u00e1s\u00e1rl\u00f3i k\u00e9r\u00e9ssel indult.<\/p><p class=\"has-medium-font-size\" style=\"letter-spacing: 1.2px; line-height: 1.6;\">Mivel \u00e9n is sz\u00f3kimond\u00f3 vagyok \u00e9s v\u00e1llaltan tah\u00f3 \u2013 intelligens keret k\u00f6z\u00f6tt, a facebook n\u00e9niknek hihetetlen egyveleg \u2013 a k\u00f6z\u00f6ss\u00e9gem is teljesen \u0151szinte. Ez \u00fcd\u00edt\u0151 a mai vil\u00e1gban \u00e9s sokan keresik. T\u00f6bb k\u00f6vet\u0151mmel m\u00e1r bar\u00e1ti a viszonyom \u00e9s olyanokr\u00f3l is tudok, akiket a Tipik hozott \u00f6ssze, \u00edgy tal\u00e1lkoztak \u00e9s kezdtek el besz\u00e9lgetni. M\u00e1ra 2 gyereket nevelnek \ud83d\ude0a<\/p>\n<p>\u00a0<\/p>\n<p>\u00a0<\/p><hr class=\"wp-block-separator has-alpha-channel-opacity\" \/><h2 class=\"wp-block-heading has-large-font-size\" style=\"border-style: none; border-width: 0px; border-radius: 0px; font-style: italic; font-weight: bold;\"><strong>Hogyan kezeled a stresszt \u00e9s a kih\u00edv\u00e1sokat a v\u00e1llalkoz\u00e1sod m\u0171k\u00f6dtet\u00e9se sor\u00e1n? Van valami bev\u00e1lt m\u00f3dszered?<\/strong><\/h2><p class=\"has-medium-font-size\" style=\"letter-spacing: 1.2px; line-height: 1.6;\">Egy j\u00f3les\u0151 kurva any\u00e1z\u00e1s mindig felszabad\u00edt. Viccet f\u00e9lret\u00e9ve, m\u00e1r az stresszold\u00f3 hat\u00e1s\u00fa, hogy sz\u0171r\u0151 n\u00e9lk\u00fcl kifejezhetj\u00fck, milyen mozi megy a fej\u00fcnkben. Nekem ez seg\u00edt pl., kidohogom magam \u00e9s m\u00e1r jobb. Az eg\u00e9sz Tipik \u00fczenete egyfajta \u00f6nkifejez\u00e9s a leszarom tablett\u00e1t bev\u00e9ve, ez\u00e9rt stresszold\u00f3 hat\u00e1s\u00fa \ud83d\ude0a Bev\u00e1lt m\u00f3dszerem az \u00e9nid\u0151 \u2013 lehet\u0151leg sporttal, kellemes kever\u00e9s\u0171 vodkasz\u00f3da \u00e9s feln\u0151tt t\u00e1rsas\u00e1g \u2013 otthon dolgoz\u00f3 v\u00e1llalkoz\u00f3k\u00e9nt ez sem olyan evidens mint m\u00e1snak, egy burokban vagyok nagyr\u00e9szt.<\/p>\n<p>\u00a0<\/p>\n<p>\u00a0<\/p><figure class=\"wp-block-image size-full\"><img decoding=\"async\" width=\"1000\" height=\"400\" class=\"wp-image-2613\" src=\"https:\/\/noivezetok.eu\/wp-content\/uploads\/2025\/03\/FRISS-Noi-Vezetok-BLOG-belso-kepek-1000-x-400-keppont-6.jpg\" alt=\"\" srcset=\"https:\/\/noivezetok.eu\/wp-content\/uploads\/2025\/03\/FRISS-Noi-Vezetok-BLOG-belso-kepek-1000-x-400-keppont-6.jpg 1000w, https:\/\/noivezetok.eu\/wp-content\/uploads\/2025\/03\/FRISS-Noi-Vezetok-BLOG-belso-kepek-1000-x-400-keppont-6-300x120.jpg 300w, https:\/\/noivezetok.eu\/wp-content\/uploads\/2025\/03\/FRISS-Noi-Vezetok-BLOG-belso-kepek-1000-x-400-keppont-6-768x307.jpg 768w, https:\/\/noivezetok.eu\/wp-content\/uploads\/2025\/03\/FRISS-Noi-Vezetok-BLOG-belso-kepek-1000-x-400-keppont-6-18x7.jpg 18w, https:\/\/noivezetok.eu\/wp-content\/uploads\/2025\/03\/FRISS-Noi-Vezetok-BLOG-belso-kepek-1000-x-400-keppont-6-600x240.jpg 600w\" sizes=\"(max-width: 1000px) 100vw, 1000px\" \/><\/figure><h2 class=\"wp-block-heading has-large-font-size\" style=\"border-style: none; border-width: 0px; border-radius: 0px; font-style: italic; font-weight: bold;\"><strong>Hogyan \u00e9p\u00edtetted fel a Tipik online jelenl\u00e9t\u00e9t, \u00e9s milyen szerepet j\u00e1tszik ez a m\u00e1rka siker\u00e9ben?<\/strong><\/h2><p class=\"has-medium-font-size\" style=\"letter-spacing: 1.2px; line-height: 1.6;\">Mindenf\u00e9le tudatoss\u00e1got mell\u0151zve, saj\u00e1t k\u00fatf\u0151b\u0151l. Nem er\u0151ltettem semmit, amikor olyanom volt \u00e9s volt mit mutatnom\/k\u00f6z\u00f6ln\u00f6m, posztoltam. Azt hiszem egy marketinges is elveszett bennem, mert m\u00e1ra 4 social media platformon vagyok fent egyed\u00fcl \u00e9s tanultam ki az algoritmusokat, figyelem a trendeket \u00e9s mindenhol el\u00e9g szignifik\u00e1ns k\u00f6vet\u0151 t\u00e1borom van. \u00d6sszesen k\u00f6zel 80.000 ember, kurva nagy d\u00f6bbenet, tekintve hogy nagyon ritk\u00e1n hirdetek. Ha 5 \u00e9v alatt 100.000 Ft-ot \u00f6sszesen k\u00f6lt\u00f6ttem hirdet\u00e9sekre, lehet sokat mondok.<\/p>\n<p>\u00a0<\/p><p class=\"has-medium-font-size\" style=\"letter-spacing: 1.2px; line-height: 1.6;\">\u00c9letszag\u00faan kell jelen lenni \u00e9s \u00fcd\u00edt\u0151 o\u00e1zist k\u00edn\u00e1lni a kirakat \u00e9letek \u00e9s ig\u00e9nytelen szars\u00e1gok k\u00f6z\u00f6tt \u00e9s mag\u00e1t\u00f3l megtal\u00e1l a c\u00e9lk\u00f6z\u00f6ns\u00e9ged. Viszont abban is biztos vagyok, hogy ez csak akkor megy, ha \u00f6nazonos vagy \u00e9s nem mesterk\u00e9lt, \u00edgy nem teher \u00e9s nem is er\u0151ltetett.<\/p>\n<p>\u00a0<\/p>\n<p>\u00a0<\/p><figure class=\"wp-block-image size-full\"><img loading=\"lazy\" decoding=\"async\" width=\"1000\" height=\"400\" class=\"wp-image-2614\" src=\"https:\/\/noivezetok.eu\/wp-content\/uploads\/2025\/03\/FRISS-Noi-Vezetok-BLOG-belso-kepek-1000-x-400-keppont-8.jpg\" alt=\"\" srcset=\"https:\/\/noivezetok.eu\/wp-content\/uploads\/2025\/03\/FRISS-Noi-Vezetok-BLOG-belso-kepek-1000-x-400-keppont-8.jpg 1000w, https:\/\/noivezetok.eu\/wp-content\/uploads\/2025\/03\/FRISS-Noi-Vezetok-BLOG-belso-kepek-1000-x-400-keppont-8-300x120.jpg 300w, https:\/\/noivezetok.eu\/wp-content\/uploads\/2025\/03\/FRISS-Noi-Vezetok-BLOG-belso-kepek-1000-x-400-keppont-8-768x307.jpg 768w, https:\/\/noivezetok.eu\/wp-content\/uploads\/2025\/03\/FRISS-Noi-Vezetok-BLOG-belso-kepek-1000-x-400-keppont-8-18x7.jpg 18w, https:\/\/noivezetok.eu\/wp-content\/uploads\/2025\/03\/FRISS-Noi-Vezetok-BLOG-belso-kepek-1000-x-400-keppont-8-600x240.jpg 600w\" sizes=\"(max-width: 1000px) 100vw, 1000px\" \/><\/figure><h2 class=\"wp-block-heading has-large-font-size\" style=\"border-style: none; border-width: 0px; border-radius: 0px; font-style: italic; font-weight: bold;\"><strong>Milyen terveid vannak a Tipik j\u00f6v\u0151j\u00e9re n\u00e9zve?<\/strong><\/h2><p class=\"has-medium-font-size\" style=\"letter-spacing: 1.2px; line-height: 1.6;\">Folyamatosan cik\u00e1znak az \u00f6tletek a fejemben, m\u00e9g rengeteg minden megval\u00f3sul\u00e1sra v\u00e1r. Id\u00e9n a stabiliz\u00e1ci\u00f3 \u00e9s a folyamat jav\u00edt\u00e1sok a c\u00e9l, eg\u00e9sz j\u00f3l haladok vele, de egy \u00faj vonal elind\u00edt\u00e1sa is tervben van. Hogy hova fogja kin\u0151ni mag\u00e1t a Tipik mondjuk 5 \u00e9v m\u00falva, ez m\u00e9g k\u00e9rd\u00e9s. Az is d\u00f6bbenet, hogy novemberben 5 \u00e9ves, baszki\u2026 Folyamatosan azon vagyok, hogy min\u00e9l t\u00f6bb stabil l\u00e1bat adjak a v\u00e1llalkoz\u00e1snak, hogy folyamatosan aktu\u00e1lis legyen.<\/p>\n<p>\u00a0<\/p>\n<p>\u00a0<\/p><hr class=\"wp-block-separator has-alpha-channel-opacity\" \/><h2 class=\"wp-block-heading has-large-font-size\" style=\"border-style: none; border-width: 0px; border-radius: 0px; font-style: italic; font-weight: bold;\"><strong>Hogyan l\u00e1tod a magyar k\u00e9zm\u0171ves term\u00e9kek piac\u00e1t, \u00e9s milyen helyet foglal el ebben a Tipik?<\/strong><\/h2><p class=\"has-medium-font-size\" style=\"letter-spacing: 1.2px; line-height: 1.6;\">A Tipiket m\u00e1r nem kifejezetten a k\u00e9zm\u0171ves kateg\u00f3ri\u00e1ba soroln\u00e1m, l\u00e9v\u00e9n 4 magyar kisv\u00e1llalkoz\u00e1ssal tudom m\u00e1r csak lefedni a gy\u00e1rt\u00e1st, az ig\u00e9nyekhez igazodva. Ezeknek a v\u00e1llalkoz\u00f3knak a bev\u00e9tel\u00e9nek nagy r\u00e9sz\u00e9t a Tipik adja, \u00edgy nem k\u00e9zm\u0171ves mennyis\u00e9g\u0171 l\u00f3faszka el\u0151\u00e1ll\u00edt\u00e1s\u00e1r\u00f3l van m\u00e1r sz\u00f3. Hogy sz\u00e1mszer\u0171s\u00edts\u00fck, tavaly t\u00f6bb, mint 6000 Tipik term\u00e9k boldog\u00edtotta j\u00f3 humor\u00fa megrendel\u0151j\u00e9t, szerintem ez m\u00e1r nem kis l\u00e9pt\u00e9k.<\/p>\n<p>\u00a0<\/p><p class=\"has-medium-font-size\" style=\"letter-spacing: 1.2px; line-height: 1.6;\">A m\u00e9m-k\u00e1romkod\u00e1s-sz\u00e1ll\u00f3ige vonalon piacvezet\u0151 helyen van a Tipik, erre a t\u00e9m\u00e1ra Magyarorsz\u00e1gon \u00e9n kezdtem el el\u0151sz\u00f6r v\u00e1llalkoz\u00e1st \u00e9p\u00edteni. Sokan vannak, akik l\u0151nek mindenre is, ez\u00e9rt a sikeremet l\u00e1tva betett\u00e9k ezt a kateg\u00f3ri\u00e1t is a k\u00edn\u00e1latukba. Szerintem el\u00e9g ig\u00e9nytelen a Kedvenc \u00f3v\u00f3n\u0151m \u00e9s a Legjobb horg\u00e1sz p\u00f3l\u00f3 mellett pl. az \u201eAgyfaszt kapok\u201d felirat, a kor\u00e1bban eml\u00edtett \u00f6nazonoss\u00e1g vs \u201ehaszonszerz\u00e9sb\u0151l mindent is\u201d szeml\u00e9let szerintem nem eredm\u00e9nyes. Ez l\u00e1tszik is, rengeteg a tiszavir\u00e1g \u00e9let\u0171 m\u00e1sol\u00f3, illetve aki belekezd ebbe a vonalba is az aj\u00e1nd\u00e9kgy\u00e1rt\u00e1sban, de mivel egy\u00e1ltal\u00e1n nem illik a profilj\u00e1ba, nincs is r\u00e1 kereslet.<\/p>\n<p>\u00a0<\/p><p class=\"has-medium-font-size\" style=\"letter-spacing: 1.2px; line-height: 1.6;\">Magabiztosan mondhatom, hogy aki ig\u00e9nyes, tart\u00f3s \u00e9s egyedi m\u00e9m cuccra v\u00e1gyik, az a tipik.hu-t keresi fel, a sz\u00e1mok is ezt mutatj\u00e1k \ud83d\ude0a<\/p>\n<p>\u00a0<\/p><hr class=\"wp-block-separator has-alpha-channel-opacity\" \/><h2 class=\"wp-block-heading has-large-font-size\" style=\"border-style: none; border-width: 0px; border-radius: 0px; font-style: italic; font-weight: bold;\"><strong>Hogyan kezeled a kritik\u00e1t, \u00e9s hogyan \u00e9p\u00edted be a visszajelz\u00e9seket a munk\u00e1dba?<\/strong><\/h2><p class=\"has-medium-font-size\" style=\"letter-spacing: 1.2px; line-height: 1.6;\">Az \u00e9p\u00edt\u0151 kritik\u00e1t mindig nagyon megk\u00f6sz\u00f6n\u00f6m, ezekb\u0151l iszony\u00fa sokat lehet tanulni. A fik\u00e1z\u00f3d\u00e1s, elsz\u00f6rny\u0171lk\u00f6d\u00e9s \u00e9s fr\u00f6csk\u00f6l\u0151d\u00e9st meg szimpl\u00e1n le szoktam szarni. Sose volt c\u00e9lom r\u00e9tegterm\u00e9ket k\u00e9sz\u00edteni \u00e9s megfelelni mindenkinek. Ez azzal j\u00e1r, hogy van, akinek nem tetszik \u00e9s ez az \u00e9gvil\u00e1gon a legnagyobb rendben van. Az \u00e9rtelmesebbje tov\u00e1bb g\u00f6rget, mint ahogy a boltban is elmegy a s\u00edkos\u00edt\u00f3 mellett, ha nem szexel, nem az elad\u00f3nak kurva any\u00e1zik, hogy minek van a polcon. A fotelharcosok viszont a neh\u00e9zt\u00fcz\u00e9rs\u00e9g, akinek mindenr\u0151l kell, hogy v\u00e9lem\u00e9nye legyen &#8211; lehet\u0151leg sokkal g\u00e1zabb st\u00edlusban, mint maga a term\u00e9ken szerepl\u0151 sz\u00f6veg, amit kritiz\u00e1l.<\/p>\n<p>\u00a0<\/p><p class=\"has-medium-font-size\" style=\"letter-spacing: 1.2px; line-height: 1.6;\">\u00dagy vettem \u00e9szre, hogy kell egy intelligencia a humor ilyen t\u00edpus\u00fa befogad\u00e1s\u00e1hoz, hogy \u00e1tl\u00e1ss a vulgarit\u00e1son. Egy sr\u00e1c mondta egyszer: P\u00e9ntek esti, mel\u00f3 ut\u00e1ni, leereszt\u0151s bazdmeg hangulata van a v\u00e1llalkoz\u00e1somnak \u00e9s ezzel nagyon tudok azonosulni!<\/p><p class=\"has-medium-font-size\" style=\"letter-spacing: 1.2px; line-height: 1.6;\">A v\u00e1s\u00e1rl\u00f3im nagyr\u00e9szt \u00e9rtelmis\u00e9gi r\u00e9tegb\u0151l j\u00f6nnek, akik az \u00fcgyv\u00e9di asztal vagy az orvosi mag\u00e1nklinik\u00e1n is elengednek megfelel\u0151 helyzetben egy-egy bazd meg-et.<\/p>\n<p>\u00a0<\/p>\n<p>\u00a0<\/p><hr class=\"wp-block-separator has-alpha-channel-opacity\" \/><h2 class=\"wp-block-heading has-large-font-size\" style=\"border-style: none; border-width: 0px; border-radius: 0px; font-style: italic; font-weight: bold;\"><strong>Milyen forr\u00e1sokb\u00f3l mer\u00edtesz inspir\u00e1ci\u00f3t a term\u00e9kekhez \u00e9s a v\u00e1llalkoz\u00e1sod fejleszt\u00e9s\u00e9hez?<\/strong><\/h2><p class=\"has-medium-font-size\" style=\"letter-spacing: 1.2px; line-height: 1.6;\">Nyitott szemmel j\u00e1rok a social median, figyelem a trendeket \u00e9s nagyon nyitott vagyok, hallgatok a v\u00e1s\u00e1rl\u00f3imra \u00e9s az ig\u00e9nyeikre. Rengeteg egyedi k\u00e9r\u00e9s\u0171 megkeres\u00e9sem van, term\u00e9kek \u00e9s kivitelez\u00e9s tekintet\u00e9ben is, ha \u00fagy gondolom, hogy egy-egy ilyen term\u00e9k piack\u00e9pes lenne, bedobom a k\u00f6z\u00f6sbe.<\/p>\n<p>\u00a0<\/p><p class=\"has-medium-font-size\" style=\"letter-spacing: 1.2px; line-height: 1.6;\">A leg\u00fajabb term\u00e9kem a vicces p\u00e9nz\u00e1tad\u00f3, ami ilyen form\u00e1ban Magyarorsz\u00e1gon m\u00e9g senkin\u00e9l sem volt, iszonyat nagyot sz\u00f3lt \u00e9s rengetegen rendelik \ud83d\ude0a<\/p>\n<p>\u00a0<\/p>\n<p>\u00a0<\/p><hr class=\"wp-block-separator has-alpha-channel-opacity\" \/><h2 class=\"wp-block-heading has-large-font-size\" style=\"border-style: none; border-width: 0px; border-radius: 0px; font-style: italic; font-weight: bold;\"><strong>Hogyan l\u00e1tod a n\u0151k helyzet\u00e9t a v\u00e1llalkoz\u00f3i szf\u00e9r\u00e1ban, \u00e9s milyen v\u00e1ltoz\u00e1sokat tartasz sz\u00fcks\u00e9gesnek?<\/strong><\/h2><p class=\"has-medium-font-size\" style=\"letter-spacing: 1.2px; line-height: 1.6;\">Az egyik kor\u00e1bbi pontban ezt le\u00edrtam r\u00e9szletesebben, azt id\u00e9zn\u00e9m ide. Sokkal t\u00f6bb n\u0151i \u00e9s anya v\u00e1llalkoz\u00f3 lenne, ha a gazdas\u00e1gi helyzet\u00fcnk kev\u00e9sb\u00e9 lenne rizik\u00f3s \u00e9s neh\u00e9z. Illetve ha a gyerekek \u00f6n\u00e1ll\u00f3sod\u00e1sa nem \u00fctk\u00f6zne olyan neh\u00e9zs\u00e9gekbe, hogy nincs b\u00f6lcs\u00f6de, \u00f3vodai f\u00e9r\u0151helyek korl\u00e1tozottak, iskolav\u00e1laszt\u00e1s meg kifejezetten megterhel\u0151 is lehet, hogy biztons\u00e1gba tudjuk a gyerekeinket. Ha ezekb\u0151l levenn\u00e9nk a n\u0151k v\u00e1ll\u00e1r\u00f3l p\u00e1r zs\u00e1knyi szart, val\u00f3sz\u00edn\u0171leg t\u00f6bb kedv\u00fck lenne pr\u00f3b\u00e1lkozni \u00e9s kreat\u00edvnak lenni.<\/p>\n<p>\u00a0<\/p>\n<p>\u00a0<\/p><hr class=\"wp-block-separator has-alpha-channel-opacity\" \/><h2 class=\"wp-block-heading has-large-font-size\" style=\"border-style: none; border-width: 0px; border-radius: 0px; font-style: italic; font-weight: bold;\"><strong>Milyen tan\u00e1csot adn\u00e1l azoknak a n\u0151knek, akik vezet\u0151i szerepre, saj\u00e1t v\u00e1llalkoz\u00e1sra v\u00e1gynak?<\/strong><\/h2><p class=\"has-medium-font-size\" style=\"letter-spacing: 1.2px; line-height: 1.6;\">Ehhez kell egy term\u00e9szet, egy st\u00edlus. Aki n\u0151i vezet\u0151 akar lenni, annak valamilyen szinten sz\u00fcletnie is kell r\u00e1, ugyan\u00fagy, mint egy f\u00e9rfinak. Ha gyerekek mell\u0151l szeretne fel\u00e9p\u00edteni valamit, akkor k\u00e9sz\u00fclj\u00f6n egy \u0151r\u00fclt hull\u00e1mvas\u00fatra, aminek a v\u00e9g\u00e9n olyan b\u00fcszke lesz mag\u00e1ra, mint amikor megsz\u00fclte a bab\u00e1j\u00e1t, vagy lediplom\u00e1zott\/leszakvizsg\u00e1zott. \u00c9n \u00fagy \u00e9rzem, ilyen nekem a Tipik, a 3. gyermekem, amit \u00e9n teremtettem \u00e9s nevelek. Ha azt csin\u00e1lod, amit \u00e9lvezel is, t\u00e9nyleg nem munka lesz: hanem egy minden szabadid\u0151det elviv\u0151, folyamatosan rajtakattog\u00f3s, eredm\u00e9nyes szerelemgyerek, ami szabads\u00e1got ad \ud83d\ude0a<\/p>\n<p>\u00a0<\/p>\n<p>\u00a0<\/p><hr class=\"wp-block-separator has-alpha-channel-opacity\" \/><h2 class=\"wp-block-heading has-large-font-size\" style=\"border-style: none; border-width: 0px; border-radius: 0px; font-style: italic; font-weight: bold;\"><strong>N\u0151napi meglepet\u00e9s a N\u0151i Vezet\u0151k-t\u0151l Nektek, N\u0150K-nek!<\/strong><\/h2><p class=\"has-medium-font-size\" style=\"letter-spacing: 1.2px; line-height: 1.6;\">Mivel a n\u0151nap a Tipik \u00e9s a N\u0151i Vezet\u0151k k\u00f6z\u00f6ss\u00e9ge sz\u00e1m\u00e1ra is kiemelt alkalom, egy kis aj\u00e1nd\u00e9kkal kedvesked\u00fcnk:<\/p><p>\u00a0<\/p><figure class=\"wp-block-image size-full\"><a href=\"https:\/\/noivezetok.eu\/en_en\/shop\/\" target=\"_blank\" rel=\"noreferrer noopener\"><img loading=\"lazy\" decoding=\"async\" width=\"1000\" height=\"400\" class=\"wp-image-2615\" src=\"https:\/\/noivezetok.eu\/wp-content\/uploads\/2025\/03\/FRISS-Noi-Vezetok-BLOG-belso-kepek-1000-x-400-keppont.png\" alt=\"\" srcset=\"https:\/\/noivezetok.eu\/wp-content\/uploads\/2025\/03\/FRISS-Noi-Vezetok-BLOG-belso-kepek-1000-x-400-keppont.png 1000w, https:\/\/noivezetok.eu\/wp-content\/uploads\/2025\/03\/FRISS-Noi-Vezetok-BLOG-belso-kepek-1000-x-400-keppont-300x120.png 300w, https:\/\/noivezetok.eu\/wp-content\/uploads\/2025\/03\/FRISS-Noi-Vezetok-BLOG-belso-kepek-1000-x-400-keppont-768x307.png 768w, https:\/\/noivezetok.eu\/wp-content\/uploads\/2025\/03\/FRISS-Noi-Vezetok-BLOG-belso-kepek-1000-x-400-keppont-18x7.png 18w, https:\/\/noivezetok.eu\/wp-content\/uploads\/2025\/03\/FRISS-Noi-Vezetok-BLOG-belso-kepek-1000-x-400-keppont-600x240.png 600w\" sizes=\"(max-width: 1000px) 100vw, 1000px\" \/><\/a><\/figure><p><span style=\"font-size: 34px;\"><strong>\u00a0\u00a0\u00a0\u00a0 Minden megrendel\u00e9s mell\u00e9 aj\u00e1nd\u00e9k heti tervez\u0151t adunk<\/strong>!<\/span><\/p>\n<p>\u00a0<\/p>\n<p class=\"has-medium-font-size\" style=\"letter-spacing: 1.2px; line-height: 1.6;\">Detti t\u00f6rt\u00e9nete inspir\u00e1l\u00f3 p\u00e9lda arra, hogy egy \u00f6tletb\u0151l hogyan lehet sikeres m\u00e1rk\u00e1t \u00e9p\u00edteni, ha megvan hozz\u00e1 a szenved\u00e9ly, a kreativit\u00e1s \u00e9s a kitart\u00e1s. A Tipik sikere azt mutatja, hogy az egyedi, magyar term\u00e9keknek igenis van hely\u00fck a piacon, \u00e9s hogy egy n\u0151i v\u00e1llalkoz\u00f3 is k\u00e9pes meghat\u00e1roz\u00f3 m\u00e1rk\u00e1t \u00e9p\u00edteni.<\/p><p>\u00a0<\/p>\n<p class=\"has-medium-font-size\" style=\"letter-spacing: 1.2px; line-height: 1.6;\">Ahogy kor\u00e1bban is <a href=\"https:\/\/noivezetok.eu\/en_en\/miert-jobb-az-egyedi-mint-a-tucat\/\">\u00edrtunk r\u00f3la<\/a>, az egyedi term\u00e9kek aj\u00e1nd\u00e9koz\u00e1s\u00e1val sokkal t\u00f6bbet adsz, mint egy huszadik napl\u00f3t vagy b\u00f6gr\u00e9t\u2026 Hiszen ilyenkor saj\u00e1t magadb\u00f3l, egy k\u00f6z\u00f6s pillanat eml\u00e9k\u00e9b\u0151l is mer\u00edtesz \u2013 \u00e9s ez az, ami igaz\u00e1n felejthetetlenn\u00e9 teszi az aj\u00e1nd\u00e9kot. \u2764\ufe0f<\/p><p class=\"has-medium-font-size\" style=\"letter-spacing: 1.2px; line-height: 1.6;\">Ne f\u00e9lj megmutatni magad, hiszen \u2013 szerencs\u00e9re m\u00e9g mindig \u2013 a transzparens hozz\u00e1\u00e1ll\u00e1s az, ami meghozza a sikert!<\/p>\n<p>\u00a0<\/p><p class=\"has-medium-font-size\" style=\"letter-spacing: 1.2px; line-height: 1.6;\">Ha sz\u00edvesen olvasn\u00e1l m\u00e9g hasonl\u00f3 bejegyz\u00e9seket a j\u00f6v\u0151ben, k\u00f6vesd a\u00a0<a href=\"https:\/\/noivezetok.eu\/en_en\/blog\/\">blogunk<\/a>-at, de megtal\u00e1lsz minket a N\u0151i Vezet\u0151k\u00a0<a href=\"https:\/\/www.instagram.com\/noivezetok\/\" target=\"_blank\" rel=\"noreferrer noopener\">Instagram<\/a>\u00a0\u00e9s\u00a0<a href=\"https:\/\/hu.pinterest.com\/noivezetok\/\" target=\"_blank\" rel=\"noreferrer noopener\">Pinterest<\/a>\u00a0oldal\u00e1n is!<\/p><p>\u00a0<\/p><\/div>\n\t\t\t\t<\/div>\n\t\t\t\t<div class=\"elementor-element elementor-element-4587 elementor-widget elementor-widget-global elementor-global-4587 elementor-widget-author-box\" data-id=\"4587\" data-element_type=\"widget\" data-e-type=\"widget\" data-widget_type=\"author-box.default\">\n\t\t\t\t<div class=\"elementor-widget-container\">\n\t\t\t\t\t\t\t<div class=\"elementor-author-box\">\n\t\t\t\t\t\t\t<a href=\"https:\/\/timesaver.hu\/\" class=\"elementor-author-box__avatar\" target=\"_blank\" rel=\"noopener\">\n\t\t\t\t\t<img decoding=\"async\" src=\"https:\/\/noivezetok.eu\/wp-content\/uploads\/2025\/08\/8084a1e8-a04b-4a44-bcab-049a496e2169-275x300.jpeg\" alt=\"Picture of Sinka Gabriella T\u00edmea\" loading=\"lazy\">\n\t\t\t\t<\/a>\n\t\t\t\n\t\t\t<div class=\"elementor-author-box__text\">\n\t\t\t\t\t\t\t\t\t<a href=\"https:\/\/timesaver.hu\/\" target=\"_blank\" rel=\"noopener\">\n\t\t\t\t\t\t<h3 class=\"elementor-author-box__name\">\n\t\t\t\t\t\t\tSinka Gabriella T\u00edmea\t\t\t\t\t\t<\/h3>\n\t\t\t\t\t<\/a>\n\t\t\t\t\n\t\t\t\t\t\t\t\t\t<div class=\"elementor-author-box__bio\">\n\t\t\t\t\t\t<p>Im\u00e1dom, amikor egy j\u00f3 besz\u00e9lget\u00e9sb\u0151l \u00faj \u00f6tletek sz\u00fcletnek! Hiszem, hogy minden n\u0151 vezet\u0151 \u2013 legal\u00e1bb a saj\u00e1t \u00e9let\u00e9ben, \u00e9s itt azon dolgozom, hogy Te is visszatal\u00e1lj a f\u0151szerepbe, mik\u00f6zben egy\u00fctt nevet\u00fcnk, inspir\u00e1l\u00f3dunk \u00e9s mer\u00fcnk nagyot \u00e1lmodni!<\/p>\n\t\t\t\t\t<\/div>\n\t\t\t\t\n\t\t\t\t\t\t\t\t\t<a class=\"elementor-author-box__button elementor-button elementor-size-xs\" href=\"https:\/\/www.facebook.com\/timesaver.sinkagabriella\/\" target=\"_blank\" rel=\"noopener\">\n\t\t\t\t\t\tK\u00e9rd\u00e9sed van? \u00cdrj!\t\t\t\t\t<\/a>\n\t\t\t\t\t\t\t<\/div>\n\t\t<\/div>\n\t\t\t\t\t\t<\/div>\n\t\t\t\t<\/div>\n\t\t\t\t<div class=\"elementor-element elementor-element-e68ba29 elementor-widget elementor-widget-wp-widget-recent-posts\" data-id=\"e68ba29\" data-element_type=\"widget\" data-e-type=\"widget\" data-widget_type=\"wp-widget-recent-posts.default\">\n\t\t\t\t<div class=\"elementor-widget-container\">\n\t\t\t\t\t\n\t\t\n\t\t<h5>Recent Posts<\/h5><nav aria-label=\"Recent Posts\">\n\t\t<ul>\n\t\t\t\t\t\t\t\t\t\t\t<li>\n\t\t\t\t\t<a href=\"https:\/\/noivezetok.eu\/en_en\/vasarnap-esti-ujratervezes\/\">Vas\u00e1rnap esti \u00fajratervez\u00e9s: 30 perc, ami megmenti a heted<\/a>\n\t\t\t\t\t\t\t\t\t<\/li>\n\t\t\t\t\t\t\t\t\t\t\t<li>\n\t\t\t\t\t<a href=\"https:\/\/noivezetok.eu\/en_en\/lagy-elet-hustle-helyett\/\">L\u00e1gy \u00e9let: a csendes amb\u00edci\u00f3, ami felv\u00e1ltja a hustle-kult\u00far\u00e1t<\/a>\n\t\t\t\t\t\t\t\t\t<\/li>\n\t\t\t\t\t\t\t\t\t\t\t<li>\n\t\t\t\t\t<a href=\"https:\/\/noivezetok.eu\/en_en\/gondolatok-megfigyelese-szemlelo-mod\/\">Ne \u00e1ll\u00edtsd meg a gondolataidat, csak figyeld \u0151ket<\/a>\n\t\t\t\t\t\t\t\t\t<\/li>\n\t\t\t\t\t\t\t\t\t\t\t<li>\n\t\t\t\t\t<a href=\"https:\/\/noivezetok.eu\/en_en\/kulcs-a-kieges-ellen-remember-classic-party\/\">F\u00f3kusz \u00e9s felszabadults\u00e1g: Egy gigabuli a kulcs a ki\u00e9g\u00e9s ellen?<\/a>\n\t\t\t\t\t\t\t\t\t<\/li>\n\t\t\t\t\t\t\t\t\t\t\t<li>\n\t\t\t\t\t<a href=\"https:\/\/noivezetok.eu\/en_en\/nonap-fuggetlenseg-vagy-sodrodas\/\">N\u0151nap: F\u00fcggetlens\u00e9g vagy sodr\u00f3d\u00e1s?<\/a>\n\t\t\t\t\t\t\t\t\t<\/li>\n\t\t\t\t\t<\/ul>\n\n\t\t<\/nav>\t\t\t\t<\/div>\n\t\t\t\t<\/div>\n\t\t\t\t\t<\/div>\n\t\t\t\t<\/div>\t\t<\/div>","protected":false},"excerpt":{"rendered":"<p>A n\u0151nap nemcsak a vir\u00e1gokr\u00f3l \u00e9s aj\u00e1nd\u00e9kokr\u00f3l sz\u00f3l, hanem arr\u00f3l is, hogy \u00fcnnepelj\u00fck a n\u0151k sikereit, kitart\u00e1s\u00e1t \u00e9s kreativit\u00e1s\u00e1t. S\u00e1ghy Bernadett pontosan egy ilyen inspir\u00e1l\u00f3 n\u0151, aki a Tipik m\u00e1rka megalap\u00edt\u00e1s\u00e1val megmutatta, hogy hogyan lehet a hagyom\u00e1nyokat \u00e9s a kort\u00e1rs design-t \u00f6tv\u00f6zni egy egyedi \u00e9s szerethet\u0151 term\u00e9kkoncepci\u00f3ban. Az interj\u00fa sor\u00e1n betekint\u00e9st nyerhet\u00fcnk a Tipik t\u00f6rt\u00e9net\u00e9be, [&hellip;]<\/p>\n","protected":false},"author":5,"featured_media":2610,"comment_status":"open","ping_status":"open","sticky":false,"template":"","format":"standard","meta":{"rank_math_focus_keyword":"interj\u00fa","rank_math_title":"A Tipik sikert\u00f6rt\u00e9nete \u2013 Interj\u00fa S\u00e1ghy Bernadett-tel","rank_math_description":"A szuperh\u0151s\u00f6k k\u00f6zt\u00fcnk j\u00e1rnak: Ismerd meg Dettit, a Tipik alap\u00edt\u00f3j\u00e1t! Interj\u00fa egy n\u0151i v\u00e1llalkoz\u00f3val, hagyom\u00e1nyr\u00f3l, designr\u00f3l \u00e9s sikeres m\u00e1rka\u00e9p\u00edt\u00e9sr\u0151l.","footnotes":""},"categories":[101,102],"tags":[71,106,105,63,55],"class_list":["post-2609","post","type-post","status-publish","format-standard","has-post-thumbnail","hentry","category-ajandekozas","category-inspiracio","tag-ajandek","tag-inspiracio","tag-interju","tag-motivacio","tag-noi-vezetok"],"_links":{"self":[{"href":"https:\/\/noivezetok.eu\/en_en\/wp-json\/wp\/v2\/posts\/2609","targetHints":{"allow":["GET"]}}],"collection":[{"href":"https:\/\/noivezetok.eu\/en_en\/wp-json\/wp\/v2\/posts"}],"about":[{"href":"https:\/\/noivezetok.eu\/en_en\/wp-json\/wp\/v2\/types\/post"}],"author":[{"embeddable":true,"href":"https:\/\/noivezetok.eu\/en_en\/wp-json\/wp\/v2\/users\/5"}],"replies":[{"embeddable":true,"href":"https:\/\/noivezetok.eu\/en_en\/wp-json\/wp\/v2\/comments?post=2609"}],"version-history":[{"count":18,"href":"https:\/\/noivezetok.eu\/en_en\/wp-json\/wp\/v2\/posts\/2609\/revisions"}],"predecessor-version":[{"id":6336,"href":"https:\/\/noivezetok.eu\/en_en\/wp-json\/wp\/v2\/posts\/2609\/revisions\/6336"}],"wp:featuredmedia":[{"embeddable":true,"href":"https:\/\/noivezetok.eu\/en_en\/wp-json\/wp\/v2\/media\/2610"}],"wp:attachment":[{"href":"https:\/\/noivezetok.eu\/en_en\/wp-json\/wp\/v2\/media?parent=2609"}],"wp:term":[{"taxonomy":"category","embeddable":true,"href":"https:\/\/noivezetok.eu\/en_en\/wp-json\/wp\/v2\/categories?post=2609"},{"taxonomy":"post_tag","embeddable":true,"href":"https:\/\/noivezetok.eu\/en_en\/wp-json\/wp\/v2\/tags?post=2609"}],"curies":[{"name":"wp","href":"https:\/\/api.w.org\/{rel}","templated":true}]}}