{"id":2456,"date":"2025-01-31T17:35:28","date_gmt":"2025-01-31T17:35:28","guid":{"rendered":"https:\/\/noivezetok.eu\/?p=2456"},"modified":"2025-11-28T13:35:00","modified_gmt":"2025-11-28T13:35:00","slug":"valentin-nap-idezetek","status":"publish","type":"post","link":"https:\/\/noivezetok.eu\/en_en\/valentin-nap-idezetek\/","title":{"rendered":"Valentin-napi id\u00e9zetek: T\u00f6k\u00e9letes kieg\u00e9sz\u00edt\u0151k sz\u00edvhez sz\u00f3l\u00f3 aj\u00e1nd\u00e9kokhoz"},"content":{"rendered":"<div data-elementor-type=\"wp-post\" data-elementor-id=\"2456\" class=\"elementor elementor-2456\" data-elementor-post-type=\"post\">\n\t\t\t\t<div class=\"elementor-element elementor-element-4c05db7f e-flex e-con-boxed e-con e-parent\" data-id=\"4c05db7f\" data-element_type=\"container\" data-e-type=\"container\">\n\t\t\t\t\t<div class=\"e-con-inner\">\n\t\t\t\t<div class=\"elementor-element elementor-element-39f5d42f elementor-widget elementor-widget-text-editor\" data-id=\"39f5d42f\" data-element_type=\"widget\" data-e-type=\"widget\" data-widget_type=\"text-editor.default\">\n\t\t\t\t<div class=\"elementor-widget-container\"><p class=\"has-inter-font-family has-medium-font-size\">A Valentin-nap nemcsak a szeretet \u00fcnnepe, hanem a gondoskod\u00e1s\u00e9 \u00e9s a figyelmess\u00e9g\u00e9 is. Egy j\u00f3l megv\u00e1lasztott aj\u00e1nd\u00e9kot m\u00e9g k\u00fcl\u00f6nlegesebb\u00e9 tehetsz egy inspir\u00e1l\u00f3 id\u00e9zettel, amely kifejezi az \u00e9rz\u00e9seidet vagy motiv\u00e1ci\u00f3t ny\u00fajt az aj\u00e1nd\u00e9kozottnak. Az al\u00e1bbiakban \u00f6sszegy\u0171jt\u00f6tt\u00fcnk 25 id\u00e9zetet, amelyek t\u00f6k\u00e9letesen illenek a Valentin-napi aj\u00e1nd\u00e9kok mell\u00e9 \u2013 legyen sz\u00f3 h\u00e1lanapl\u00f3r\u00f3l, tervez\u0151r\u0151l vagy egy motiv\u00e1l\u00f3 k\u00e1rtyacsomagr\u00f3l.<br><\/p><h2 class=\"wp-block-heading has-cardo-font-family has-large-font-size\"><strong>Szeretet \u00e9s romantika: Id\u00e9zetek a Valentin-nap szellem\u00e9ben<\/strong><\/h2><ol class=\"wp-block-list\"><li class=\"has-inter-font-family has-medium-font-size\"><em>\u201eA szeretet nem abb\u00f3l \u00e1ll, hogy egym\u00e1st n\u00e9zz\u00fck, hanem abb\u00f3l, hogy egy\u00fctt n\u00e9z\u00fcnk ugyanabba az ir\u00e1nyba.\u201d<\/em> \u2013 Antoine de Saint-Exup\u00e9ry<\/li>\n\n<li class=\"has-inter-font-family has-medium-font-size\"><em>\u201eSzeretni valakit azt jelenti, hogy l\u00e1tod a csod\u00e1t benne, amit m\u00e1sok nem l\u00e1tnak.\u201d<\/em> \u2013 Francois Mauriac<\/li>\n\n<li class=\"has-inter-font-family has-medium-font-size\"><em>\u201eA szerelem nem csak \u00e9rz\u00e9s, hanem d\u00f6nt\u00e9s, hogy valaki mellett maradsz minden k\u00f6r\u00fclm\u00e9nyek k\u00f6z\u00f6tt.\u201d<\/em> \u2013 Ismeretlen<\/li>\n\n<li class=\"has-inter-font-family has-medium-font-size\"><em>\u201eA boldogs\u00e1g ott kezd\u0151dik, ahol a szeretet otthont tal\u00e1l.\u201d<\/em> \u2013 Ismeretlen<\/li>\n\n<li class=\"has-inter-font-family has-medium-font-size\"><em>\u201eNem sz\u00e1m\u00edt, hov\u00e1 megy\u00fcnk, am\u00edg egy\u00fctt vagyunk.\u201d<\/em> \u2013 Ismeretlen<\/li><\/ol><p class=\"fonts-plugin-block\"><\/p><figure class=\"wp-block-image aligncenter size-large\"><img fetchpriority=\"high\" decoding=\"async\" width=\"576\" height=\"1024\" src=\"https:\/\/noivezetok.eu\/wp-content\/uploads\/2025\/01\/PIN-Noi-Vezetok-BLOG-belso-kepek-2-576x1024.jpg\" alt=\"\" class=\"wp-image-2458\" srcset=\"https:\/\/noivezetok.eu\/wp-content\/uploads\/2025\/01\/PIN-Noi-Vezetok-BLOG-belso-kepek-2-576x1024.jpg 576w, https:\/\/noivezetok.eu\/wp-content\/uploads\/2025\/01\/PIN-Noi-Vezetok-BLOG-belso-kepek-2-169x300.jpg 169w, https:\/\/noivezetok.eu\/wp-content\/uploads\/2025\/01\/PIN-Noi-Vezetok-BLOG-belso-kepek-2-768x1365.jpg 768w, https:\/\/noivezetok.eu\/wp-content\/uploads\/2025\/01\/PIN-Noi-Vezetok-BLOG-belso-kepek-2-864x1536.jpg 864w, https:\/\/noivezetok.eu\/wp-content\/uploads\/2025\/01\/PIN-Noi-Vezetok-BLOG-belso-kepek-2-7x12.jpg 7w, https:\/\/noivezetok.eu\/wp-content\/uploads\/2025\/01\/PIN-Noi-Vezetok-BLOG-belso-kepek-2-600x1067.jpg 600w, https:\/\/noivezetok.eu\/wp-content\/uploads\/2025\/01\/PIN-Noi-Vezetok-BLOG-belso-kepek-2.jpg 1080w\" sizes=\"(max-width: 576px) 100vw, 576px\" \/><\/figure><h2 class=\"wp-block-heading has-cardo-font-family has-large-font-size\"><strong>\u00d6nismeret \u00e9s \u00f6nszeretet: Id\u00e9zetek, amelyek er\u0151s\u00edtenek<\/strong><\/h2><ol start=\"6\" class=\"wp-block-list\"><li class=\"has-inter-font-family has-medium-font-size\"><em>\u201eAhhoz, hogy m\u00e1sokat szeress\u00fcnk, el\u0151sz\u00f6r \u00f6nmagunkat kell szeretn\u00fcnk.\u201d<\/em> \u2013 Ismeretlen<\/li>\n\n<li class=\"has-inter-font-family has-medium-font-size\"><em>\u201eAz igazi boldogs\u00e1g nem k\u00edv\u00fclr\u0151l j\u00f6n, hanem bel\u00fclr\u0151l fakad.\u201d<\/em> \u2013 Ismeretlen<\/li>\n\n<li class=\"has-inter-font-family has-medium-font-size\"><em>\u201e\u00d6nmagad szeretete az els\u0151 l\u00e9p\u00e9s a val\u00f3di kapcsolatok fel\u00e9.\u201d<\/em> \u2013 Ismeretlen<\/li>\n\n<li class=\"has-inter-font-family has-medium-font-size\"><em>\u201eA h\u00e1la a szeretet egyik leger\u0151sebb form\u00e1ja.\u201d<\/em> \u2013 Ismeretlen<\/li>\n\n<li class=\"has-inter-font-family has-medium-font-size\"><em>\u201eL\u00e9gy az a szem\u00e9ly, akit te is sz\u00edvesen szeretn\u00e9l.\u201d<\/em> \u2013 Ismeretlen<\/li><\/ol><figure class=\"wp-block-image aligncenter size-large\"><img decoding=\"async\" width=\"576\" height=\"1024\" src=\"https:\/\/noivezetok.eu\/wp-content\/uploads\/2025\/01\/PIN-Noi-Vezetok-BLOG-belso-kepek-3-576x1024.jpg\" alt=\"\" class=\"wp-image-2459\" srcset=\"https:\/\/noivezetok.eu\/wp-content\/uploads\/2025\/01\/PIN-Noi-Vezetok-BLOG-belso-kepek-3-576x1024.jpg 576w, https:\/\/noivezetok.eu\/wp-content\/uploads\/2025\/01\/PIN-Noi-Vezetok-BLOG-belso-kepek-3-169x300.jpg 169w, https:\/\/noivezetok.eu\/wp-content\/uploads\/2025\/01\/PIN-Noi-Vezetok-BLOG-belso-kepek-3-768x1365.jpg 768w, https:\/\/noivezetok.eu\/wp-content\/uploads\/2025\/01\/PIN-Noi-Vezetok-BLOG-belso-kepek-3-864x1536.jpg 864w, https:\/\/noivezetok.eu\/wp-content\/uploads\/2025\/01\/PIN-Noi-Vezetok-BLOG-belso-kepek-3-7x12.jpg 7w, https:\/\/noivezetok.eu\/wp-content\/uploads\/2025\/01\/PIN-Noi-Vezetok-BLOG-belso-kepek-3-600x1067.jpg 600w, https:\/\/noivezetok.eu\/wp-content\/uploads\/2025\/01\/PIN-Noi-Vezetok-BLOG-belso-kepek-3.jpg 1080w\" sizes=\"(max-width: 576px) 100vw, 576px\" \/><\/figure><h2 class=\"wp-block-heading has-cardo-font-family has-large-font-size\"><strong>Motiv\u00e1l\u00f3 \u00e9s inspir\u00e1l\u00f3 gondolatok a mindennapokra<\/strong><\/h2><ol start=\"11\" class=\"wp-block-list\"><li class=\"has-inter-font-family has-medium-font-size\"><em>\u201eA szeretet minden nap egy \u00fajabb lehet\u0151s\u00e9g, hogy jobb\u00e1 v\u00e1ljunk.\u201d<\/em> \u2013 Ismeretlen<\/li>\n\n<li class=\"has-inter-font-family has-medium-font-size\"><em>\u201eKis l\u00e9p\u00e9sekkel haladva is el\u00e9rheted a legnagyobb c\u00e9ljaidat.\u201d<\/em> \u2013 Ismeretlen<\/li>\n\n<li class=\"has-inter-font-family has-medium-font-size\"><em>\u201eAz igazi er\u0151 abban rejlik, hogy hiszel magadban \u00e9s m\u00e1sokban is.\u201d<\/em> \u2013 Ismeretlen<\/li>\n\n<li class=\"has-inter-font-family has-medium-font-size\"><em>\u201eNe csak \u00e1lmodozz, hanem \u00e9lj \u00fagy, mintha minden nap Valentin-nap lenne!\u201d<\/em> \u2013 Ismeretlen<\/li>\n\n<li class=\"has-inter-font-family has-medium-font-size\"><em>\u201eAz \u00e9let r\u00f6vid, de a szeretet \u00f6r\u00f6kk\u00e9 tart.\u201d<\/em> \u2013 Ismeretlen<\/li><\/ol><figure class=\"wp-block-image aligncenter size-large\"><img decoding=\"async\" width=\"576\" height=\"1024\" src=\"https:\/\/noivezetok.eu\/wp-content\/uploads\/2025\/01\/PIN-Noi-Vezetok-BLOG-belso-kepek-4-576x1024.jpg\" alt=\"\" class=\"wp-image-2460\" srcset=\"https:\/\/noivezetok.eu\/wp-content\/uploads\/2025\/01\/PIN-Noi-Vezetok-BLOG-belso-kepek-4-576x1024.jpg 576w, https:\/\/noivezetok.eu\/wp-content\/uploads\/2025\/01\/PIN-Noi-Vezetok-BLOG-belso-kepek-4-169x300.jpg 169w, https:\/\/noivezetok.eu\/wp-content\/uploads\/2025\/01\/PIN-Noi-Vezetok-BLOG-belso-kepek-4-768x1365.jpg 768w, https:\/\/noivezetok.eu\/wp-content\/uploads\/2025\/01\/PIN-Noi-Vezetok-BLOG-belso-kepek-4-864x1536.jpg 864w, https:\/\/noivezetok.eu\/wp-content\/uploads\/2025\/01\/PIN-Noi-Vezetok-BLOG-belso-kepek-4-7x12.jpg 7w, https:\/\/noivezetok.eu\/wp-content\/uploads\/2025\/01\/PIN-Noi-Vezetok-BLOG-belso-kepek-4-600x1067.jpg 600w, https:\/\/noivezetok.eu\/wp-content\/uploads\/2025\/01\/PIN-Noi-Vezetok-BLOG-belso-kepek-4.jpg 1080w\" sizes=\"(max-width: 576px) 100vw, 576px\" \/><\/figure><h2 class=\"wp-block-heading has-cardo-font-family has-large-font-size\"><strong>Bar\u00e1ts\u00e1g \u00e9s kapcsolatok: Gondolatok, amelyek k\u00f6zel hoznak egym\u00e1shoz<\/strong><\/h2><ol start=\"16\" class=\"wp-block-list\"><li class=\"has-inter-font-family has-medium-font-size\"><em>\u201eA bar\u00e1ts\u00e1g az a szerelem, amely \u00f6r\u00f6kk\u00e9 tart.\u201d<\/em> \u2013 Ismeretlen<\/li>\n\n<li class=\"has-inter-font-family has-medium-font-size\"><em>\u201eAz igazi kapcsolatok nem csak a j\u00f3 id\u0151kr\u0151l sz\u00f3lnak, hanem arr\u00f3l, hogy kitartotok egym\u00e1s mellett a neh\u00e9zs\u00e9gekben is.\u201d<\/em> \u2013 Ismeretlen<\/li>\n\n<li class=\"has-inter-font-family has-medium-font-size\"><em>\u201eA kapcsolatok \u00e9rt\u00e9k\u00e9t nem a t\u00f6k\u00e9letess\u00e9g\u00fck, hanem az \u0151szintes\u00e9g\u00fck adja.\u201d<\/em> \u2013 Ismeretlen<\/li>\n\n<li class=\"has-inter-font-family has-medium-font-size\"><em>\u201eA legnagyobb aj\u00e1nd\u00e9k, amit adhatunk, az id\u0151nk \u00e9s a figyelm\u00fcnk.\u201d<\/em> \u2013 Ismeretlen<\/li>\n\n<li class=\"has-inter-font-family has-medium-font-size\"><em>\u201eA bar\u00e1ts\u00e1g a szeretet egy csendesebb, de nem kev\u00e9sb\u00e9 er\u0151s form\u00e1ja.\u201d<\/em> \u2013 Ismeretlen<\/li><\/ol><h2 class=\"wp-block-heading has-cardo-font-family has-large-font-size\"><strong>\u00daj kezdetek \u00e9s k\u00f6z\u00f6s c\u00e9lok<\/strong><\/h2><ol start=\"21\" class=\"wp-block-list\"><li class=\"has-inter-font-family has-medium-font-size\"><em>\u201eA szeretet ott kezd\u0151dik, ahol az \u00e1lmaink tal\u00e1lkoznak.\u201d<\/em> \u2013 Ismeretlen<\/li>\n\n<li class=\"has-inter-font-family has-medium-font-size\"><em>\u201eMinden \u00faj nap egy \u00faj es\u00e9ly arra, hogy k\u00f6zelebb ker\u00fclj\u00fcnk egym\u00e1shoz.\u201d<\/em> \u2013 Ismeretlen<\/li>\n\n<li class=\"has-inter-font-family has-medium-font-size\"><em>\u201eA boldog kapcsolatok titka: soha ne hagyd abba a k\u00f6z\u00f6s \u00e1lmodoz\u00e1st.\u201d<\/em> \u2013 Ismeretlen<\/li>\n\n<li class=\"has-inter-font-family has-medium-font-size\"><em>\u201eEgy\u00fctt minden neh\u00e9zs\u00e9get k\u00f6nnyebb legy\u0151zni.\u201d<\/em> \u2013 Ismeretlen<\/li>\n\n<li class=\"has-inter-font-family has-medium-font-size\"><em>\u201eAz igazi szeretet nem a t\u00f6k\u00e9letess\u00e9get keresi, hanem a val\u00f3dis\u00e1got \u00e9rt\u00e9keli.\u201d<\/em> \u2013 Ismeretlen<\/li><\/ol><figure class=\"wp-block-image aligncenter size-large\"><img loading=\"lazy\" decoding=\"async\" width=\"576\" height=\"1024\" src=\"https:\/\/noivezetok.eu\/wp-content\/uploads\/2025\/01\/PIN-Noi-Vezetok-BLOG-belso-kepek-6-576x1024.jpg\" alt=\"\" class=\"wp-image-2461\" srcset=\"https:\/\/noivezetok.eu\/wp-content\/uploads\/2025\/01\/PIN-Noi-Vezetok-BLOG-belso-kepek-6-576x1024.jpg 576w, https:\/\/noivezetok.eu\/wp-content\/uploads\/2025\/01\/PIN-Noi-Vezetok-BLOG-belso-kepek-6-169x300.jpg 169w, https:\/\/noivezetok.eu\/wp-content\/uploads\/2025\/01\/PIN-Noi-Vezetok-BLOG-belso-kepek-6-768x1365.jpg 768w, https:\/\/noivezetok.eu\/wp-content\/uploads\/2025\/01\/PIN-Noi-Vezetok-BLOG-belso-kepek-6-864x1536.jpg 864w, https:\/\/noivezetok.eu\/wp-content\/uploads\/2025\/01\/PIN-Noi-Vezetok-BLOG-belso-kepek-6-7x12.jpg 7w, https:\/\/noivezetok.eu\/wp-content\/uploads\/2025\/01\/PIN-Noi-Vezetok-BLOG-belso-kepek-6-600x1067.jpg 600w, https:\/\/noivezetok.eu\/wp-content\/uploads\/2025\/01\/PIN-Noi-Vezetok-BLOG-belso-kepek-6.jpg 1080w\" sizes=\"(max-width: 576px) 100vw, 576px\" \/><\/figure><h2 class=\"wp-block-heading has-cardo-font-family has-large-font-size\"><strong>Hogyan haszn\u00e1lhatod ezeket az id\u00e9zeteket?<\/strong><\/h2><p class=\"has-inter-font-family has-medium-font-size\">Ezek az id\u00e9zetek remek\u00fcl kieg\u00e9sz\u00edtenek b\u00e1rmilyen Valentin-napi aj\u00e1nd\u00e9kot, legyen az egy eleg\u00e1ns h\u00e1lanapl\u00f3, egy motiv\u00e1l\u00f3 tervez\u0151, vagy ak\u00e1r egy szem\u00e9lyre sz\u00f3l\u00f3 k\u00e9peslap. \u00cdrd bele egy \u00fcdv\u00f6zl\u0151k\u00e1rty\u00e1ba, tedd egy meger\u0151s\u00edt\u0151 k\u00e1rtyacsomag mell\u00e9, vagy csup\u00e1n mell\u00e9keld az aj\u00e1nd\u00e9kodhoz. Az id\u00e9zetek nemcsak az aj\u00e1nd\u00e9kot teszik szem\u00e9lyesebb\u00e9, hanem az \u00e9rz\u00e9seidet is seg\u00edtenek kifejezni.<br><\/p><h2 class=\"wp-block-heading has-cardo-font-family has-large-font-size\"><strong>Tedd k\u00fcl\u00f6nlegess\u00e9 az aj\u00e1nd\u00e9koz\u00e1st!<\/strong><\/h2><p class=\"has-inter-font-family has-medium-font-size\">A Valentin-nap l\u00e9nyege nem a dr\u00e1ga aj\u00e1nd\u00e9kokban rejlik, hanem abban, hogy sz\u00edvb\u0151l adjunk, \u00e9s gondoskodjunk arr\u00f3l, akit szeret\u00fcnk. Egy id\u00e9zet, amely sz\u00edvhez sz\u00f3l, t\u00f6bbet mondhat minden sz\u00f3n\u00e1l. V\u00e1laszd ki a kedvenc id\u00e9zetedet, \u00e9s tedd vele felejthetetlenn\u00e9 ezt a k\u00fcl\u00f6nleges napot! \ud83d\udc96<\/p><p class=\"has-inter-font-family has-medium-font-size\">Rem\u00e9lj\u00fck siker\u00fclt hozz\u00e1j\u00e1rulnunk egy remek Valentin-naphoz, ami eml\u00e9kezetes marad sz\u00e1motokra.<\/p><p class=\"has-inter-font-family has-medium-font-size\">Ha sz\u00edvesen olvasn\u00e1l m\u00e9g hasonl\u00f3 bejegyz\u00e9seket a j\u00f6v\u0151ben, k\u00f6vesd a<a href=\"https:\/\/noivezetok.eu\/en_en\/blog\/\"> blogunk<\/a>-at, de megtal\u00e1lsz minket a N\u0151i Vezet\u0151k<a href=\"https:\/\/www.instagram.com\/noivezetok\/\" target=\"_blank\" rel=\"noopener\"> Instagram<\/a> \u00e9s<a href=\"https:\/\/hu.pinterest.com\/noivezetok\/\" target=\"_blank\" rel=\"noopener\"> Pinterest<\/a> oldal\u00e1n is!<\/p><\/div>\n\t\t\t\t<\/div>\n\t\t\t\t<div class=\"elementor-element elementor-element-1ea21f7 elementor-widget elementor-widget-global elementor-global-4587 elementor-widget-author-box\" data-id=\"1ea21f7\" data-element_type=\"widget\" data-e-type=\"widget\" data-widget_type=\"author-box.default\">\n\t\t\t\t<div class=\"elementor-widget-container\">\n\t\t\t\t\t\t\t<div class=\"elementor-author-box\">\n\t\t\t\t\t\t\t<a href=\"https:\/\/timesaver.hu\/\" class=\"elementor-author-box__avatar\" target=\"_blank\" rel=\"noopener\">\n\t\t\t\t\t<img decoding=\"async\" src=\"https:\/\/noivezetok.eu\/wp-content\/uploads\/2025\/08\/8084a1e8-a04b-4a44-bcab-049a496e2169-275x300.jpeg\" alt=\"Picture of Sinka Gabriella T\u00edmea\" loading=\"lazy\">\n\t\t\t\t<\/a>\n\t\t\t\n\t\t\t<div class=\"elementor-author-box__text\">\n\t\t\t\t\t\t\t\t\t<a href=\"https:\/\/timesaver.hu\/\" target=\"_blank\" rel=\"noopener\">\n\t\t\t\t\t\t<h3 class=\"elementor-author-box__name\">\n\t\t\t\t\t\t\tSinka Gabriella T\u00edmea\t\t\t\t\t\t<\/h3>\n\t\t\t\t\t<\/a>\n\t\t\t\t\n\t\t\t\t\t\t\t\t\t<div class=\"elementor-author-box__bio\">\n\t\t\t\t\t\t<p>Im\u00e1dom, amikor egy j\u00f3 besz\u00e9lget\u00e9sb\u0151l \u00faj \u00f6tletek sz\u00fcletnek! Hiszem, hogy minden n\u0151 vezet\u0151 \u2013 legal\u00e1bb a saj\u00e1t \u00e9let\u00e9ben, \u00e9s itt azon dolgozom, hogy Te is visszatal\u00e1lj a f\u0151szerepbe, mik\u00f6zben egy\u00fctt nevet\u00fcnk, inspir\u00e1l\u00f3dunk \u00e9s mer\u00fcnk nagyot \u00e1lmodni!<\/p>\n\t\t\t\t\t<\/div>\n\t\t\t\t\n\t\t\t\t\t\t\t\t\t<a class=\"elementor-author-box__button elementor-button elementor-size-xs\" href=\"https:\/\/www.facebook.com\/timesaver.sinkagabriella\/\" target=\"_blank\" rel=\"noopener\">\n\t\t\t\t\t\tK\u00e9rd\u00e9sed van? \u00cdrj!\t\t\t\t\t<\/a>\n\t\t\t\t\t\t\t<\/div>\n\t\t<\/div>\n\t\t\t\t\t\t<\/div>\n\t\t\t\t<\/div>\n\t\t\t\t<div class=\"elementor-element elementor-element-7eb43a4 elementor-widget elementor-widget-wp-widget-recent-posts\" data-id=\"7eb43a4\" data-element_type=\"widget\" data-e-type=\"widget\" data-widget_type=\"wp-widget-recent-posts.default\">\n\t\t\t\t<div class=\"elementor-widget-container\">\n\t\t\t\t\t\n\t\t\n\t\t<h5>Recent Posts<\/h5><nav aria-label=\"Recent Posts\">\n\t\t<ul>\n\t\t\t\t\t\t\t\t\t\t\t<li>\n\t\t\t\t\t<a href=\"https:\/\/noivezetok.eu\/en_en\/vasarnap-esti-ujratervezes\/\">Vas\u00e1rnap esti \u00fajratervez\u00e9s: 30 perc, ami megmenti a heted<\/a>\n\t\t\t\t\t\t\t\t\t<\/li>\n\t\t\t\t\t\t\t\t\t\t\t<li>\n\t\t\t\t\t<a href=\"https:\/\/noivezetok.eu\/en_en\/lagy-elet-hustle-helyett\/\">L\u00e1gy \u00e9let: a csendes amb\u00edci\u00f3, ami felv\u00e1ltja a hustle-kult\u00far\u00e1t<\/a>\n\t\t\t\t\t\t\t\t\t<\/li>\n\t\t\t\t\t\t\t\t\t\t\t<li>\n\t\t\t\t\t<a href=\"https:\/\/noivezetok.eu\/en_en\/gondolatok-megfigyelese-szemlelo-mod\/\">Ne \u00e1ll\u00edtsd meg a gondolataidat, csak figyeld \u0151ket<\/a>\n\t\t\t\t\t\t\t\t\t<\/li>\n\t\t\t\t\t\t\t\t\t\t\t<li>\n\t\t\t\t\t<a href=\"https:\/\/noivezetok.eu\/en_en\/kulcs-a-kieges-ellen-remember-classic-party\/\">F\u00f3kusz \u00e9s felszabadults\u00e1g: Egy gigabuli a kulcs a ki\u00e9g\u00e9s ellen?<\/a>\n\t\t\t\t\t\t\t\t\t<\/li>\n\t\t\t\t\t\t\t\t\t\t\t<li>\n\t\t\t\t\t<a href=\"https:\/\/noivezetok.eu\/en_en\/nonap-fuggetlenseg-vagy-sodrodas\/\">N\u0151nap: F\u00fcggetlens\u00e9g vagy sodr\u00f3d\u00e1s?<\/a>\n\t\t\t\t\t\t\t\t\t<\/li>\n\t\t\t\t\t<\/ul>\n\n\t\t<\/nav>\t\t\t\t<\/div>\n\t\t\t\t<\/div>\n\t\t\t\t\t<\/div>\n\t\t\t\t<\/div>\t\t<\/div>","protected":false},"excerpt":{"rendered":"<p>A Valentin-nap nemcsak a szeretet \u00fcnnepe, hanem a gondoskod\u00e1s\u00e9 \u00e9s a figyelmess\u00e9g\u00e9 is. Egy j\u00f3l megv\u00e1lasztott aj\u00e1nd\u00e9kot m\u00e9g k\u00fcl\u00f6nlegesebb\u00e9 tehetsz egy inspir\u00e1l\u00f3 id\u00e9zettel, amely kifejezi az \u00e9rz\u00e9seidet vagy motiv\u00e1ci\u00f3t ny\u00fajt az aj\u00e1nd\u00e9kozottnak. Az al\u00e1bbiakban \u00f6sszegy\u0171jt\u00f6tt\u00fcnk 25 id\u00e9zetet, amelyek t\u00f6k\u00e9letesen illenek a Valentin-napi aj\u00e1nd\u00e9kok mell\u00e9 \u2013 legyen sz\u00f3 h\u00e1lanapl\u00f3r\u00f3l, tervez\u0151r\u0151l vagy egy motiv\u00e1l\u00f3 k\u00e1rtyacsomagr\u00f3l. Szeretet \u00e9s [&hellip;]<\/p>\n","protected":false},"author":5,"featured_media":2457,"comment_status":"open","ping_status":"open","sticky":false,"template":"","format":"standard","meta":{"rank_math_focus_keyword":"valentin-nap,valentine's day","rank_math_title":"Valentin-nap id\u00e9zetek","rank_math_description":" Az al\u00e1bbiakban \u00f6sszegy\u0171jt\u00f6tt\u00fcnk 25 id\u00e9zetet, amelyek t\u00f6k\u00e9letesen illenek a Valentin-napi aj\u00e1nd\u00e9kok mell\u00e9 \u2013 legyen sz\u00f3 h\u00e1lanapl\u00f3r\u00f3l, tervez\u0151r\u0151l vagy egy motiv\u00e1l\u00f3 k\u00e1rtyacsomagr\u00f3l.\n","footnotes":""},"categories":[101,1],"tags":[71,63,55,98],"class_list":["post-2456","post","type-post","status-publish","format-standard","has-post-thumbnail","hentry","category-ajandekozas","category-uncategorized","tag-ajandek","tag-motivacio","tag-noi-vezetok","tag-valentin-nap"],"_links":{"self":[{"href":"https:\/\/noivezetok.eu\/en_en\/wp-json\/wp\/v2\/posts\/2456","targetHints":{"allow":["GET"]}}],"collection":[{"href":"https:\/\/noivezetok.eu\/en_en\/wp-json\/wp\/v2\/posts"}],"about":[{"href":"https:\/\/noivezetok.eu\/en_en\/wp-json\/wp\/v2\/types\/post"}],"author":[{"embeddable":true,"href":"https:\/\/noivezetok.eu\/en_en\/wp-json\/wp\/v2\/users\/5"}],"replies":[{"embeddable":true,"href":"https:\/\/noivezetok.eu\/en_en\/wp-json\/wp\/v2\/comments?post=2456"}],"version-history":[{"count":7,"href":"https:\/\/noivezetok.eu\/en_en\/wp-json\/wp\/v2\/posts\/2456\/revisions"}],"predecessor-version":[{"id":6320,"href":"https:\/\/noivezetok.eu\/en_en\/wp-json\/wp\/v2\/posts\/2456\/revisions\/6320"}],"wp:featuredmedia":[{"embeddable":true,"href":"https:\/\/noivezetok.eu\/en_en\/wp-json\/wp\/v2\/media\/2457"}],"wp:attachment":[{"href":"https:\/\/noivezetok.eu\/en_en\/wp-json\/wp\/v2\/media?parent=2456"}],"wp:term":[{"taxonomy":"category","embeddable":true,"href":"https:\/\/noivezetok.eu\/en_en\/wp-json\/wp\/v2\/categories?post=2456"},{"taxonomy":"post_tag","embeddable":true,"href":"https:\/\/noivezetok.eu\/en_en\/wp-json\/wp\/v2\/tags?post=2456"}],"curies":[{"name":"wp","href":"https:\/\/api.w.org\/{rel}","templated":true}]}}