{"id":2369,"date":"2025-01-11T18:30:00","date_gmt":"2025-01-11T18:30:00","guid":{"rendered":"https:\/\/noivezetok.eu\/?p=2369"},"modified":"2025-11-28T13:31:01","modified_gmt":"2025-11-28T13:31:01","slug":"onismeret-es-onfejlesztes-a-parkapcsolatban","status":"publish","type":"post","link":"https:\/\/noivezetok.eu\/en_en\/onismeret-es-onfejlesztes-a-parkapcsolatban\/","title":{"rendered":"\u00d6nismeret \u00e9s \u00f6nfejleszt\u00e9s a p\u00e1rkapcsolatban: hogyan \u00e9p\u00edts szil\u00e1rd alapokat?"},"content":{"rendered":"<div data-elementor-type=\"wp-post\" data-elementor-id=\"2369\" class=\"elementor elementor-2369\" data-elementor-post-type=\"post\">\n\t\t\t\t<div class=\"elementor-element elementor-element-69418d1c e-flex e-con-boxed e-con e-parent\" data-id=\"69418d1c\" data-element_type=\"container\" data-e-type=\"container\">\n\t\t\t\t\t<div class=\"e-con-inner\">\n\t\t\t\t<div class=\"elementor-element elementor-element-76d50a1a elementor-widget elementor-widget-text-editor\" data-id=\"76d50a1a\" data-element_type=\"widget\" data-e-type=\"widget\" data-widget_type=\"text-editor.default\">\n\t\t\t\t<div class=\"elementor-widget-container\"><p class=\"has-medium-font-size\">A Valentin-nap k\u00f6zeledt\u00e9vel sokan a romantikus gesztusokra, aj\u00e1nd\u00e9kokra \u00e9s k\u00f6z\u00f6s pillanatokra helyezik a hangs\u00falyt. B\u00e1r a szeretet kifejez\u00e9se elengedhetetlen, a p\u00e1rkapcsolatok hossz\u00fa t\u00e1v\u00fa siker\u00e9hez m\u00e9lyebb alapok kellenek. A romantika mellett az \u00f6nismeret, az \u00f6nfejleszt\u00e9s \u00e9s a kommunik\u00e1ci\u00f3 azok a kulcselemek, amelyek egy kapcsolatot nemcsak \u00e9letben tartanak, de boldogg\u00e1 \u00e9s kiegyens\u00falyozott\u00e1 is tesznek.<\/p><p class=\"has-medium-font-size\">De mi\u00e9rt olyan fontos az \u00f6nismeret egy p\u00e1rkapcsolatban? Hogyan hat az \u00f6nfejleszt\u00e9s a k\u00f6z\u00f6s boldogs\u00e1gra? \u00c9s honnan ismerj\u00fck fel azokat a jeleket, amelyek arra utalnak, hogy valami nincs rendben a kapcsolatban? Ebben a cikkben ezekre a k\u00e9rd\u00e9sekre keress\u00fck a v\u00e1laszt.<\/p><h2 class=\"wp-block-heading has-large-font-size\"><strong>Mi\u00e9rt fontos az \u00f6nfejleszt\u00e9s a p\u00e1rkapcsolatban?<\/strong><\/h2><p class=\"has-medium-font-size\">Egy p\u00e1rkapcsolat nem csup\u00e1n k\u00e9t ember k\u00f6z\u00f6s \u00e9lete, hanem k\u00e9t k\u00fcl\u00f6n vil\u00e1g \u00f6sszefon\u00f3d\u00e1sa. Ahhoz, hogy ezek a vil\u00e1gok harm\u00f3ni\u00e1ban m\u0171k\u00f6djenek, mindk\u00e9t f\u00e9lnek tiszt\u00e1ban kell lennie a saj\u00e1t \u00e9rt\u00e9keivel, hat\u00e1raival \u00e9s sz\u00fcks\u00e9gleteivel. Az \u00f6nfejleszt\u00e9s seg\u00edt abban, hogy felismerd az er\u0151ss\u00e9geidet, a gyenges\u00e9geidet, \u00e9s hogy k\u00e9pes legy\u00e9l jobban kommunik\u00e1lni az \u00e9rz\u00e9seidet.<\/p><figure class=\"wp-block-image aligncenter size-full\" id=\"Egy-p\u00e1rkapcsolat-nem-csup\u00e1n-k\u00e9t-ember-k\u00f6z\u00f6s-\u00e9lete,-hanem-k\u00e9t-k\u00fcl\u00f6n-vil\u00e1g-\u00f6sszefon\u00f3d\u00e1sa\"><img fetchpriority=\"high\" decoding=\"async\" width=\"800\" height=\"800\" src=\"https:\/\/noivezetok.eu\/wp-content\/uploads\/2025\/01\/Noi-Vezetok-BLOG-belso-kepek-2.jpg\" alt=\"Egy p\u00e1rkapcsolat nem csup\u00e1n k\u00e9t ember k\u00f6z\u00f6s \u00e9lete, hanem k\u00e9t k\u00fcl\u00f6n vil\u00e1g \u00f6sszefon\u00f3d\u00e1sa.\" class=\"wp-image-2371\" srcset=\"https:\/\/noivezetok.eu\/wp-content\/uploads\/2025\/01\/Noi-Vezetok-BLOG-belso-kepek-2.jpg 800w, https:\/\/noivezetok.eu\/wp-content\/uploads\/2025\/01\/Noi-Vezetok-BLOG-belso-kepek-2-300x300.jpg 300w, https:\/\/noivezetok.eu\/wp-content\/uploads\/2025\/01\/Noi-Vezetok-BLOG-belso-kepek-2-150x150.jpg 150w, https:\/\/noivezetok.eu\/wp-content\/uploads\/2025\/01\/Noi-Vezetok-BLOG-belso-kepek-2-768x768.jpg 768w, https:\/\/noivezetok.eu\/wp-content\/uploads\/2025\/01\/Noi-Vezetok-BLOG-belso-kepek-2-12x12.jpg 12w, https:\/\/noivezetok.eu\/wp-content\/uploads\/2025\/01\/Noi-Vezetok-BLOG-belso-kepek-2-600x600.jpg 600w, https:\/\/noivezetok.eu\/wp-content\/uploads\/2025\/01\/Noi-Vezetok-BLOG-belso-kepek-2-100x100.jpg 100w\" sizes=\"(max-width: 800px) 100vw, 800px\" \/><\/figure><p class=\"has-medium-font-size\"><\/p><h2 class=\"wp-block-heading has-large-font-size\"><strong>Hogyan hat az \u00f6nfejleszt\u00e9s a kapcsolatra?<\/strong><\/h2><ul class=\"wp-block-list\"><li class=\"has-medium-font-size\"><strong>Jobb kommunik\u00e1ci\u00f3:<\/strong> Ha tiszt\u00e1ban vagy azzal, mit \u00e9rzel \u00e9s mi\u00e9rt, k\u00f6nnyebben fejezed ki magad a partnered fel\u00e9.<\/li>\n\n<li class=\"has-medium-font-size\"><strong>Kevesebb konfliktus:<\/strong> Az \u00f6nismeret seg\u00edt abban, hogy meg\u00e9rtsd a saj\u00e1t \u00e9s a p\u00e1rod viselked\u00e9s\u00e9nek mozgat\u00f3rug\u00f3it.<\/li>\n\n<li class=\"has-medium-font-size\"><strong>Eg\u00e9szs\u00e9gesebb hat\u00e1rok:<\/strong> Az \u00f6nfejleszt\u00e9s sor\u00e1n megtanulod, hogyan mondj nemet, \u00e9s hogyan k\u00e9pviseld magad an\u00e9lk\u00fcl, hogy megb\u00e1ntan\u00e1d a m\u00e1sikat.<\/li><\/ul><h2 class=\"wp-block-heading has-large-font-size\"><strong>Alapvet\u0151 probl\u00e9m\u00e1k a p\u00e1rkapcsolatokban<\/strong><\/h2><p class=\"has-medium-font-size\">Egy p\u00e1rkapcsolatban mindenki id\u0151nk\u00e9nt szembes\u00fcl neh\u00e9zs\u00e9gekkel. Azonban vannak olyan alapvet\u0151 probl\u00e9m\u00e1k, amelyek hossz\u00fa t\u00e1von al\u00e1\u00e1shatj\u00e1k a kapcsolatot, ha nem foglalkozunk vel\u00fck.<\/p><figure class=\"wp-block-image aligncenter size-full\" id=\"Mik-az-alapvet\u0151-probl\u00e9m\u00e1k-egy-p\u00e1rkapcsolatban-\u00e9s-hogyan-oldjuk-meg-\u0151ket\"><img decoding=\"async\" width=\"800\" height=\"800\" src=\"https:\/\/noivezetok.eu\/wp-content\/uploads\/2025\/01\/Noi-Vezetok-BLOG-belso-kepek-4.jpg\" alt=\"Mik az alapvet\u0151 probl\u00e9m\u00e1k egy p\u00e1rkapcsolatban \u00e9s hogyan oldjuk meg \u0151ket?\" class=\"wp-image-2372\" srcset=\"https:\/\/noivezetok.eu\/wp-content\/uploads\/2025\/01\/Noi-Vezetok-BLOG-belso-kepek-4.jpg 800w, https:\/\/noivezetok.eu\/wp-content\/uploads\/2025\/01\/Noi-Vezetok-BLOG-belso-kepek-4-300x300.jpg 300w, https:\/\/noivezetok.eu\/wp-content\/uploads\/2025\/01\/Noi-Vezetok-BLOG-belso-kepek-4-150x150.jpg 150w, https:\/\/noivezetok.eu\/wp-content\/uploads\/2025\/01\/Noi-Vezetok-BLOG-belso-kepek-4-768x768.jpg 768w, https:\/\/noivezetok.eu\/wp-content\/uploads\/2025\/01\/Noi-Vezetok-BLOG-belso-kepek-4-12x12.jpg 12w, https:\/\/noivezetok.eu\/wp-content\/uploads\/2025\/01\/Noi-Vezetok-BLOG-belso-kepek-4-600x600.jpg 600w, https:\/\/noivezetok.eu\/wp-content\/uploads\/2025\/01\/Noi-Vezetok-BLOG-belso-kepek-4-100x100.jpg 100w\" sizes=\"(max-width: 800px) 100vw, 800px\" \/><\/figure><h4 class=\"wp-block-heading has-medium-font-size\"><strong>1. Kommunik\u00e1ci\u00f3 hi\u00e1nya vagy nem megfelel\u0151 kommunik\u00e1ci\u00f3<\/strong><\/h4><p class=\"has-medium-font-size\">A legt\u00f6bb p\u00e1rkapcsolati probl\u00e9ma gy\u00f6kere a kommunik\u00e1ci\u00f3ban rejlik. Ha nem besz\u00e9litek meg az \u00e9rz\u00e9seiteket, vagy nem hallgatj\u00e1tok meg egym\u00e1st, az f\u00e9lre\u00e9rt\u00e9sekhez \u00e9s t\u00e1vols\u00e1ghoz vezethet.<\/p><p class=\"has-medium-font-size\"><strong>Megold\u00e1s:<\/strong><\/p><ul class=\"wp-block-list\"><li class=\"has-medium-font-size\">Gyakorolj\u00e1tok az akt\u00edv hallgat\u00e1st: figyelj, k\u00e9rdezz, \u00e9s pr\u00f3b\u00e1ld meg\u00e9rteni, amit a m\u00e1sik mond.<\/li>\n\n<li class=\"has-medium-font-size\">Fogalmazz tiszt\u00e1n: mondd ki, amit \u00e9rzel, de soha ne b\u00e1nt\u00f3 sz\u00e1nd\u00e9kkal.<\/li><\/ul><h4 class=\"wp-block-heading has-medium-font-size\"><strong>2. Az elnyom\u00e1s jelei<\/strong><\/h4><p class=\"has-medium-font-size\">Egy eg\u00e9szs\u00e9ges kapcsolatban mindk\u00e9t f\u00e9l egyenrang\u00fa. Az elnyom\u00e1s \u2013 legyen az \u00e9rzelmi, anyagi vagy fizikai \u2013 soha nem elfogadhat\u00f3, \u00e9s hossz\u00fa t\u00e1von s\u00falyos k\u00e1rokat okoz mindk\u00e9t f\u00e9l sz\u00e1m\u00e1ra.<\/p><p class=\"has-medium-font-size\"><strong>Hogyan ismerheted fel az elnyom\u00e1st?<\/strong><\/p><ul class=\"wp-block-list\"><li class=\"has-medium-font-size\">Ha gyakran \u00e9rzed magad b\u0171n\u00f6snek an\u00e9lk\u00fcl, hogy okod lenne r\u00e1.<\/li>\n\n<li class=\"has-medium-font-size\">Ha a partnered korl\u00e1tozza a szabads\u00e1godat, p\u00e9ld\u00e1ul hogy kikkel tal\u00e1lkozhatsz vagy mit tehetsz.<\/li>\n\n<li class=\"has-medium-font-size\">Ha az \u00e9rz\u00e9seidet vagy v\u00e9lem\u00e9nyedet \u00e1lland\u00f3an elbagatelliz\u00e1lj\u00e1k.<\/li><\/ul><p class=\"has-medium-font-size\"><strong>Megold\u00e1s:<\/strong><\/p><ul class=\"wp-block-list\"><li class=\"has-medium-font-size\">Ismerd fel, hogy senkinek sincs joga korl\u00e1tozni vagy manipul\u00e1lni t\u00e9ged.<\/li>\n\n<li class=\"has-medium-font-size\">Besz\u00e9lj egy szakemberrel, aki seg\u00edthet felismerni a helyzetedet \u00e9s megtenni a sz\u00fcks\u00e9ges l\u00e9p\u00e9seket.<\/li><\/ul><h4 class=\"wp-block-heading has-medium-font-size\"><strong>3. &#8222;Red flag&#8221;-ek, avagy a figyelmeztet\u0151 jelek<\/strong><\/h4><p class=\"has-medium-font-size\">Egy kapcsolat kezdet\u00e9n neh\u00e9z felismerni azokat a jeleket, amelyek probl\u00e9m\u00e1kra utalhatnak. Ezek lehetnek apr\u00f3 dolgok, amelyek k\u00e9s\u0151bb nagyobb gondokk\u00e1 v\u00e1lhatnak.<\/p><p class=\"has-medium-font-size\"><strong>Figyelmeztet\u0151 jelek:<\/strong><\/p><ul class=\"wp-block-list\"><li class=\"has-medium-font-size\">A partnered soha nem v\u00e1llalja a felel\u0151ss\u00e9get a hib\u00e1i\u00e9rt.<\/li>\n\n<li class=\"has-medium-font-size\">Gyakran kritiz\u00e1l, k\u00fcl\u00f6n\u00f6sen olyan dolgok miatt, amiken nem tudsz v\u00e1ltoztatni.<\/li>\n\n<li class=\"has-medium-font-size\">\u00c9rzelmi manipul\u00e1ci\u00f3val pr\u00f3b\u00e1lja ir\u00e1ny\u00edtani a viselked\u00e9sedet.<\/li><\/ul><p class=\"has-medium-font-size\"><strong>Megold\u00e1s:<\/strong><\/p><ul class=\"wp-block-list\"><li class=\"has-medium-font-size\">Ne hagyd figyelmen k\u00edv\u00fcl ezeket a jeleket. Besz\u00e9lj r\u00f3la a bar\u00e1taiddal vagy csal\u00e1doddal, \u00e9s k\u00e9rj t\u00e1mogat\u00e1st.<\/li><\/ul><h2 class=\"wp-block-heading has-large-font-size\"><strong>Hogyan \u00e9p\u00edtsd \u00fajra a kapcsolatot az \u00f6nfejleszt\u00e9s seg\u00edts\u00e9g\u00e9vel?<\/strong><\/h2><p class=\"has-medium-font-size\">Ha \u00fagy \u00e9rzed, a kapcsolatod nem olyan, amilyennek lennie kellene, az \u00f6nfejleszt\u00e9s lehet az els\u0151 l\u00e9p\u00e9s a v\u00e1ltoz\u00e1s fel\u00e9. A v\u00e1ltoz\u00e1s soha nem egyoldal\u00fa; mindk\u00e9t f\u00e9lnek dolgoznia kell a kapcsolat\u00e9rt.<br><\/p><h2 class=\"wp-block-heading has-large-font-size\"><strong>Hogyan v\u00e9gezhetitek az \u00f6nfejleszt\u00e9st k\u00f6z\u00f6sen?<\/strong><\/h2><p class=\"has-medium-font-size\">Az \u00f6nfejleszt\u00e9s gyakran egy\u00e9ni \u00fatnak t\u0171nik, de p\u00e1rkapcsolatban rengeteg lehet\u0151s\u00e9g van arra, hogy k\u00f6z\u00f6sen is dolgozzatok magatokon, mik\u00f6zben er\u0151s\u00edtitek a kapcsolatotokat. \u00cdme n\u00e9h\u00e1ny technika, amelyeket kipr\u00f3b\u00e1lhattok egy\u00fctt:<\/p><figure class=\"wp-block-image aligncenter size-full\" id=\"K\u00f6z\u00f6s--\u00f6nfejleszt\u0151-programok-a-harmonikus-p\u00e1rkapcsolat\u00e9rt\"><img decoding=\"async\" width=\"800\" height=\"800\" src=\"https:\/\/noivezetok.eu\/wp-content\/uploads\/2025\/01\/Noi-Vezetok-BLOG-belso-kepek-5.jpg\" alt=\"K\u00f6z\u00f6s \u00f6nfejleszt\u0151 programok a harmonikus p\u00e1rkapcsolat\u00e9rt\" class=\"wp-image-2373\" srcset=\"https:\/\/noivezetok.eu\/wp-content\/uploads\/2025\/01\/Noi-Vezetok-BLOG-belso-kepek-5.jpg 800w, https:\/\/noivezetok.eu\/wp-content\/uploads\/2025\/01\/Noi-Vezetok-BLOG-belso-kepek-5-300x300.jpg 300w, https:\/\/noivezetok.eu\/wp-content\/uploads\/2025\/01\/Noi-Vezetok-BLOG-belso-kepek-5-150x150.jpg 150w, https:\/\/noivezetok.eu\/wp-content\/uploads\/2025\/01\/Noi-Vezetok-BLOG-belso-kepek-5-768x768.jpg 768w, https:\/\/noivezetok.eu\/wp-content\/uploads\/2025\/01\/Noi-Vezetok-BLOG-belso-kepek-5-12x12.jpg 12w, https:\/\/noivezetok.eu\/wp-content\/uploads\/2025\/01\/Noi-Vezetok-BLOG-belso-kepek-5-600x600.jpg 600w, https:\/\/noivezetok.eu\/wp-content\/uploads\/2025\/01\/Noi-Vezetok-BLOG-belso-kepek-5-100x100.jpg 100w\" sizes=\"(max-width: 800px) 100vw, 800px\" \/><\/figure><h4 class=\"wp-block-heading has-medium-font-size\"><strong>1. K\u00f6z\u00f6s c\u00e9lok kit\u0171z\u00e9se \u00e9s tervez\u00e9se<\/strong><\/h4><p class=\"has-medium-font-size\">Az egy\u00fctt megfogalmazott c\u00e9lok nemcsak motiv\u00e1lnak, hanem seg\u00edtenek abban is, hogy egy ir\u00e1nyba haladjatok. Ezek lehetnek kisebbek, p\u00e9ld\u00e1ul egy k\u00f6z\u00f6s k\u00f6nyv elolvas\u00e1sa, vagy nagyobbak, mint p\u00e9ld\u00e1ul egy \u00faj hobbi elsaj\u00e1t\u00edt\u00e1sa vagy egy utaz\u00e1s megtervez\u00e9se.<\/p><p class=\"has-medium-font-size\"><strong>Tipp:<\/strong> Tartsatok heti &#8222;c\u00e9lmegbesz\u00e9l\u00e9st&#8221;, ahol \u00e1tbesz\u00e9litek, hol tartotok, mi az, ami j\u00f3l ment, \u00e9s miben seg\u00edthetitek egym\u00e1st.<\/p><h4 class=\"wp-block-heading has-medium-font-size\"><strong>2. P\u00e1rkapcsolati gyakorlatok<\/strong><\/h4><p class=\"has-medium-font-size\">L\u00e9teznek olyan gyakorlatok, amelyek kifejezetten a p\u00e1rkapcsolat er\u0151s\u00edt\u00e9s\u00e9t c\u00e9lozz\u00e1k, mik\u00f6zben mindk\u00e9t f\u00e9l fejl\u0151dik. P\u00e9ld\u00e1ul:<\/p><ul class=\"wp-block-list\"><li class=\"has-medium-font-size\"><strong>H\u00e1la-lista:<\/strong> Hetente egyszer \u00edrj\u00e1tok le egym\u00e1snak, mi\u00e9rt vagytok h\u00e1l\u00e1sak a m\u00e1siknak.<\/li>\n\n<li class=\"has-medium-font-size\"><strong>K\u00e9rdezz-felelek est\u00e9k:<\/strong> Ismerj\u00e9tek meg egym\u00e1st m\u00e9lyebben olyan k\u00e9rd\u00e9sekkel, mint &#8222;Mi az, amit m\u00e9g szeretn\u00e9l megtapasztalni az \u00e9letben?&#8221; vagy &#8222;Hogyan \u00e9rezted magad ezen a h\u00e9ten a kapcsolatunkban?&#8221;.<\/li>\n\n<li class=\"has-medium-font-size\"><strong>Napz\u00e1r\u00f3 szertart\u00e1s:<\/strong> Lefekv\u00e9s el\u0151tt osszatok meg egy-egy pozit\u00edv \u00e9lm\u00e9nyt a napb\u00f3l, \u00edgy z\u00e1rva le a napot pozit\u00edv \u00e9rz\u00e9sekkel.<\/li><\/ul><h4 class=\"wp-block-heading has-medium-font-size\"><strong>3. K\u00f6z\u00f6s tanul\u00e1s<\/strong><\/h4><p class=\"has-medium-font-size\">A k\u00f6z\u00f6s tanul\u00e1s nemcsak izgalmas \u00e9lm\u00e9ny, hanem er\u0151s\u00edti az egym\u00e1s ir\u00e1nti tiszteletet is. Tanuljatok egy\u00fctt valami \u00fajat, p\u00e9ld\u00e1ul:<\/p><ul class=\"wp-block-list\"><li class=\"has-medium-font-size\">Vegyetek r\u00e9szt egy online tanfolyamon, ami mindkett\u0151t\u00f6ket \u00e9rdekel (p\u00e9ld\u00e1ul mindfulness vagy kommunik\u00e1ci\u00f3 t\u00e9m\u00e1ban).<\/li>\n\n<li class=\"has-medium-font-size\">N\u00e9zzetek egy\u00fctt el\u0151ad\u00e1sokat, TED Talkokat, vagy hallgassatok podcastokat, amelyek \u00f6nfejleszt\u00e9ssel vagy p\u00e1rkapcsolattal foglalkoznak.<\/li><\/ul><h4 class=\"wp-block-heading has-medium-font-size\"><strong>4. Medit\u00e1ci\u00f3 \u00e9s mindfulness gyakorlatok<\/strong><\/h4><p class=\"has-medium-font-size\">A k\u00f6z\u00f6s medit\u00e1ci\u00f3 vagy relax\u00e1ci\u00f3s gyakorlatok seg\u00edtenek a jelen pillanatra koncentr\u00e1lni \u00e9s elm\u00e9ly\u00edtik az \u00e9rzelmi k\u00f6t\u0151d\u00e9st.<br><strong>Pr\u00f3b\u00e1lj\u00e1tok ki:<\/strong><\/p><ul class=\"wp-block-list\"><li class=\"has-medium-font-size\">Egy\u00fctt v\u00e9gezni egy 10 perces l\u00e9gz\u0151gyakorlatot reggelente.<\/li>\n\n<li class=\"has-medium-font-size\">P\u00e1ros medit\u00e1ci\u00f3s gyakorlatokat, amelyek a szinkroniz\u00e1lt l\u00e9gz\u00e9sre \u00e9s az egym\u00e1sra figyel\u00e9sre \u00e9p\u00edtenek.<\/li><\/ul><h4 class=\"wp-block-heading has-medium-font-size\"><strong>5. Sport \u00e9s mozg\u00e1s egy\u00fctt<\/strong><\/h4><p class=\"has-medium-font-size\">A k\u00f6z\u00f6s sportol\u00e1s nemcsak a fizikai eg\u00e9szs\u00e9gre van j\u00f3 hat\u00e1ssal, hanem er\u0151s\u00edti a csapatszellemet is.<br><strong>Pr\u00f3b\u00e1lj\u00e1tok ki:<\/strong><\/p><ul class=\"wp-block-list\"><li class=\"has-medium-font-size\">Heti egy k\u00f6z\u00f6s j\u00f3ga\u00f3r\u00e1t vagy egy k\u00f6z\u00f6s fut\u00e1st.<\/li>\n\n<li class=\"has-medium-font-size\">Kir\u00e1nduljatok a term\u00e9szetben, ahol egyszerre mozogtok \u00e9s kapcsol\u00f3dtok ki.<\/li><\/ul><p class=\"has-medium-font-size\"><strong>6. P\u00e1rkapcsolati workshopok \u00e9s ter\u00e1pi\u00e1k<\/strong><\/p><p class=\"has-medium-font-size\">Manaps\u00e1g egyre n\u00e9pszer\u0171bbek a p\u00e1rkapcsolati workshopok, ahol szakemberek vezet\u00e9s\u00e9vel tanulhattok \u00faj technik\u00e1kat a kapcsolati probl\u00e9m\u00e1k kezel\u00e9s\u00e9re \u00e9s a k\u00f6z\u00f6s fejl\u0151d\u00e9s el\u0151seg\u00edt\u00e9s\u00e9re.<br><strong>Tipp:<\/strong> N\u00e9zzetek ut\u00e1na olyan programoknak, amelyek kifejezetten p\u00e1roknak sz\u00f3lnak, p\u00e9ld\u00e1ul kommunik\u00e1ci\u00f3fejleszt\u0151 vagy konfliktuskezel\u00e9si workshopok.<\/p><h4 class=\"wp-block-heading has-medium-font-size\"><strong>7. K\u00f6z\u00f6s kreat\u00edv projektek<\/strong><\/h4><p class=\"has-medium-font-size\">Alkossatok valami k\u00f6z\u00f6sen, ami er\u0151s\u00edti a kreativit\u00e1st \u00e9s a k\u00f6z\u00f6s munk\u00e1t:<\/p><ul class=\"wp-block-list\"><li class=\"has-medium-font-size\">\u00cdrjatok egy\u00fctt egy &#8222;kapcsolati k\u00e9zik\u00f6nyvet&#8221;, amelyben \u00f6sszegy\u0171jtitek a k\u00f6z\u00f6s c\u00e9lokat, \u00e9rt\u00e9keket, \u00e9s azt, hogyan szeretn\u00e9tek t\u00e1mogatni egym\u00e1st.<\/li>\n\n<li class=\"has-medium-font-size\">Dolgozzatok egy\u00fctt egy DIY projekten vagy egy otthoni dekor\u00e1ci\u00f3n.<\/li><\/ul><p class=\"has-medium-font-size\">Ezek a technik\u00e1k nemcsak az egy\u00e9ni, hanem a k\u00f6z\u00f6s fejl\u0151d\u00e9st is t\u00e1mogatj\u00e1k, mik\u00f6zben m\u00e9ly\u00edtik a k\u00f6t\u0151d\u00e9st \u00e9s az intimit\u00e1st a kapcsolatban. Ne feledd: az \u00f6nfejleszt\u00e9s nemcsak magad\u00e9rt, hanem a kapcsolatotok\u00e9rt is t\u00f6rt\u00e9nik.&nbsp;<\/p><h2 class=\"wp-block-heading has-large-font-size\"><strong>Valentin-napi gondolatok<\/strong><\/h2><p class=\"has-medium-font-size\">B\u00e1r a Valentin-nap els\u0151re csak a romantikus aj\u00e1nd\u00e9kokr\u00f3l sz\u00f3lhat, remek alkalom arra, hogy meg\u00e1lljatok egy kicsit, \u00e9s \u00fajragondolj\u00e1tok a kapcsolatotokat. Ne csak a gesztusokra figyeljetek, hanem arra is, hogy mit tanulhattok egym\u00e1st\u00f3l \u00e9s a kapcsolatotokb\u00f3l.<\/p><p class=\"has-medium-font-size\"><strong>Tipp:<\/strong> Lepd meg a p\u00e1rodat valami szem\u00e9lyre sz\u00f3l\u00f3val, p\u00e9ld\u00e1ul egy \u00fczenettel arr\u00f3l, hogy mi\u00e9rt vagy h\u00e1l\u00e1s neki. Ez t\u00f6bbet jelenthet, mint egy dr\u00e1ga aj\u00e1nd\u00e9k.<\/p><figure class=\"wp-block-image aligncenter size-full\" id=\"A-szeretet-nem-a-t\u00f6k\u00e9letes-pillanatokban-\u00e9l,-hanem-abban,-ahogyan-egy\u00fctt-alkotjuk-meg-\u0151ket\"><img loading=\"lazy\" decoding=\"async\" width=\"800\" height=\"800\" src=\"https:\/\/noivezetok.eu\/wp-content\/uploads\/2025\/01\/Noi-Vezetok-BLOG-belso-kepek-6.jpg\" alt=\"A szeretet nem a t\u00f6k\u00e9letes pillanatokban \u00e9l, hanem abban, ahogyan egy\u00fctt alkotjuk meg \u0151ket.\" class=\"wp-image-2374\" srcset=\"https:\/\/noivezetok.eu\/wp-content\/uploads\/2025\/01\/Noi-Vezetok-BLOG-belso-kepek-6.jpg 800w, https:\/\/noivezetok.eu\/wp-content\/uploads\/2025\/01\/Noi-Vezetok-BLOG-belso-kepek-6-300x300.jpg 300w, https:\/\/noivezetok.eu\/wp-content\/uploads\/2025\/01\/Noi-Vezetok-BLOG-belso-kepek-6-150x150.jpg 150w, https:\/\/noivezetok.eu\/wp-content\/uploads\/2025\/01\/Noi-Vezetok-BLOG-belso-kepek-6-768x768.jpg 768w, https:\/\/noivezetok.eu\/wp-content\/uploads\/2025\/01\/Noi-Vezetok-BLOG-belso-kepek-6-12x12.jpg 12w, https:\/\/noivezetok.eu\/wp-content\/uploads\/2025\/01\/Noi-Vezetok-BLOG-belso-kepek-6-600x600.jpg 600w, https:\/\/noivezetok.eu\/wp-content\/uploads\/2025\/01\/Noi-Vezetok-BLOG-belso-kepek-6-100x100.jpg 100w\" sizes=\"(max-width: 800px) 100vw, 800px\" \/><\/figure><h2 class=\"wp-block-heading has-large-font-size\"><strong>\u00d6sszegz\u00e9s<\/strong><\/h2><p class=\"has-medium-font-size\">A p\u00e1rkapcsolat nem csak \u00f6r\u00f6m\u00f6ket, hanem kih\u00edv\u00e1sokat is tartogat. Az \u00f6nismeret \u00e9s az \u00f6nfejleszt\u00e9s kulcsfontoss\u00e1g\u00fa ahhoz, hogy ezekkel a kih\u00edv\u00e1sokkal szemben\u00e9zz, \u00e9s hogy a kapcsolatod hossz\u00fa t\u00e1von is boldog legyen. Figyelj a jelekre, l\u00e9gy nyitott a v\u00e1ltoz\u00e1sra, \u00e9s ne feledd: minden sikeres kapcsolat alapja az egym\u00e1s ir\u00e1nti tisztelet \u00e9s a folyamatos fejl\u0151d\u00e9s.<\/p><p class=\"has-medium-font-size\">Az \u00faj \u00e9v \u00e9s a Valentin-nap remek alkalom arra, hogy \u00faj fejezetet nyissatok a k\u00f6z\u00f6s \u00e9letetekben \u2013 tele szeretettel, meg\u00e9rt\u00e9ssel \u00e9s fejl\u0151d\u00e9ssel.&nbsp;<\/p><p class=\"has-medium-font-size\">Ha sz\u00edvesen olvasn\u00e1l m\u00e9g hasonl\u00f3 bejegyz\u00e9seket a j\u00f6v\u0151ben, k\u00f6vesd a<a href=\"https:\/\/noivezetok.eu\/en_en\/blog\/\"> blogunk<\/a>-at, de megtal\u00e1lsz minket a N\u0151i Vezet\u0151k<a href=\"https:\/\/www.instagram.com\/noivezetok\/\" target=\"_blank\" rel=\"noopener\"> Instagram<\/a> \u00e9s<a href=\"https:\/\/hu.pinterest.com\/noivezetok\/\" target=\"_blank\" rel=\"noopener\"> Pinterest<\/a> oldal\u00e1n is!<\/p><\/div>\n\t\t\t\t<\/div>\n\t\t\t\t<div class=\"elementor-element elementor-element-96d3bcc elementor-widget elementor-widget-global elementor-global-4587 elementor-widget-author-box\" data-id=\"96d3bcc\" data-element_type=\"widget\" data-e-type=\"widget\" data-widget_type=\"author-box.default\">\n\t\t\t\t<div class=\"elementor-widget-container\">\n\t\t\t\t\t\t\t<div class=\"elementor-author-box\">\n\t\t\t\t\t\t\t<a href=\"https:\/\/timesaver.hu\/\" class=\"elementor-author-box__avatar\" target=\"_blank\" rel=\"noopener\">\n\t\t\t\t\t<img decoding=\"async\" src=\"https:\/\/noivezetok.eu\/wp-content\/uploads\/2025\/08\/8084a1e8-a04b-4a44-bcab-049a496e2169-275x300.jpeg\" alt=\"Picture of Sinka Gabriella T\u00edmea\" loading=\"lazy\">\n\t\t\t\t<\/a>\n\t\t\t\n\t\t\t<div class=\"elementor-author-box__text\">\n\t\t\t\t\t\t\t\t\t<a href=\"https:\/\/timesaver.hu\/\" target=\"_blank\" rel=\"noopener\">\n\t\t\t\t\t\t<h3 class=\"elementor-author-box__name\">\n\t\t\t\t\t\t\tSinka Gabriella T\u00edmea\t\t\t\t\t\t<\/h3>\n\t\t\t\t\t<\/a>\n\t\t\t\t\n\t\t\t\t\t\t\t\t\t<div class=\"elementor-author-box__bio\">\n\t\t\t\t\t\t<p>Im\u00e1dom, amikor egy j\u00f3 besz\u00e9lget\u00e9sb\u0151l \u00faj \u00f6tletek sz\u00fcletnek! Hiszem, hogy minden n\u0151 vezet\u0151 \u2013 legal\u00e1bb a saj\u00e1t \u00e9let\u00e9ben, \u00e9s itt azon dolgozom, hogy Te is visszatal\u00e1lj a f\u0151szerepbe, mik\u00f6zben egy\u00fctt nevet\u00fcnk, inspir\u00e1l\u00f3dunk \u00e9s mer\u00fcnk nagyot \u00e1lmodni!<\/p>\n\t\t\t\t\t<\/div>\n\t\t\t\t\n\t\t\t\t\t\t\t\t\t<a class=\"elementor-author-box__button elementor-button elementor-size-xs\" href=\"https:\/\/www.facebook.com\/timesaver.sinkagabriella\/\" target=\"_blank\" rel=\"noopener\">\n\t\t\t\t\t\tK\u00e9rd\u00e9sed van? \u00cdrj!\t\t\t\t\t<\/a>\n\t\t\t\t\t\t\t<\/div>\n\t\t<\/div>\n\t\t\t\t\t\t<\/div>\n\t\t\t\t<\/div>\n\t\t\t\t<div class=\"elementor-element elementor-element-e03fe68 elementor-widget elementor-widget-wp-widget-recent-posts\" data-id=\"e03fe68\" data-element_type=\"widget\" data-e-type=\"widget\" data-widget_type=\"wp-widget-recent-posts.default\">\n\t\t\t\t<div class=\"elementor-widget-container\">\n\t\t\t\t\t\n\t\t\n\t\t<h5>Recent Posts<\/h5><nav aria-label=\"Recent Posts\">\n\t\t<ul>\n\t\t\t\t\t\t\t\t\t\t\t<li>\n\t\t\t\t\t<a href=\"https:\/\/noivezetok.eu\/en_en\/vasarnap-esti-ujratervezes\/\">Vas\u00e1rnap esti \u00fajratervez\u00e9s: 30 perc, ami megmenti a heted<\/a>\n\t\t\t\t\t\t\t\t\t<\/li>\n\t\t\t\t\t\t\t\t\t\t\t<li>\n\t\t\t\t\t<a href=\"https:\/\/noivezetok.eu\/en_en\/lagy-elet-hustle-helyett\/\">L\u00e1gy \u00e9let: a csendes amb\u00edci\u00f3, ami felv\u00e1ltja a hustle-kult\u00far\u00e1t<\/a>\n\t\t\t\t\t\t\t\t\t<\/li>\n\t\t\t\t\t\t\t\t\t\t\t<li>\n\t\t\t\t\t<a href=\"https:\/\/noivezetok.eu\/en_en\/gondolatok-megfigyelese-szemlelo-mod\/\">Ne \u00e1ll\u00edtsd meg a gondolataidat, csak figyeld \u0151ket<\/a>\n\t\t\t\t\t\t\t\t\t<\/li>\n\t\t\t\t\t\t\t\t\t\t\t<li>\n\t\t\t\t\t<a href=\"https:\/\/noivezetok.eu\/en_en\/kulcs-a-kieges-ellen-remember-classic-party\/\">F\u00f3kusz \u00e9s felszabadults\u00e1g: Egy gigabuli a kulcs a ki\u00e9g\u00e9s ellen?<\/a>\n\t\t\t\t\t\t\t\t\t<\/li>\n\t\t\t\t\t\t\t\t\t\t\t<li>\n\t\t\t\t\t<a href=\"https:\/\/noivezetok.eu\/en_en\/nonap-fuggetlenseg-vagy-sodrodas\/\">N\u0151nap: F\u00fcggetlens\u00e9g vagy sodr\u00f3d\u00e1s?<\/a>\n\t\t\t\t\t\t\t\t\t<\/li>\n\t\t\t\t\t<\/ul>\n\n\t\t<\/nav>\t\t\t\t<\/div>\n\t\t\t\t<\/div>\n\t\t\t\t\t<\/div>\n\t\t\t\t<\/div>\t\t<\/div>","protected":false},"excerpt":{"rendered":"<p>A Valentin-nap k\u00f6zeledt\u00e9vel sokan a romantikus gesztusokra, aj\u00e1nd\u00e9kokra \u00e9s k\u00f6z\u00f6s pillanatokra helyezik a hangs\u00falyt. B\u00e1r a szeretet kifejez\u00e9se elengedhetetlen, a p\u00e1rkapcsolatok hossz\u00fa t\u00e1v\u00fa siker\u00e9hez m\u00e9lyebb alapok kellenek. A romantika mellett az \u00f6nismeret, az \u00f6nfejleszt\u00e9s \u00e9s a kommunik\u00e1ci\u00f3 azok a kulcselemek, amelyek egy kapcsolatot nemcsak \u00e9letben tartanak, de boldogg\u00e1 \u00e9s kiegyens\u00falyozott\u00e1 is tesznek. De mi\u00e9rt olyan [&hellip;]<\/p>\n","protected":false},"author":5,"featured_media":2370,"comment_status":"open","ping_status":"open","sticky":false,"template":"","format":"standard","meta":{"rank_math_focus_keyword":"\u00f6nfejleszt\u00e9s a p\u00e1rkapcsolatban,\u00f6nismeret","rank_math_title":"\u00d6nismeret \u00e9s \u00f6nfejleszt\u00e9s a p\u00e1rkapcsolatban:","rank_math_description":"Tudd meg, hogyan er\u0151s\u00edtheted p\u00e1rkapcsolatodat \u00f6nfejleszt\u00e9ssel, jobb kommunik\u00e1ci\u00f3val \u00e9s k\u00f6z\u00f6s c\u00e9lokkal. Tippek \u00e9s technik\u00e1k Valentin-napra \u00e9s azon t\u00fal!","footnotes":""},"categories":[1],"tags":[42,99,55,60,97,45,57,98],"class_list":["post-2369","post","type-post","status-publish","format-standard","has-post-thumbnail","hentry","category-uncategorized","tag-hala","tag-kommunikacio","tag-noi-vezetok","tag-onismeret","tag-parkapcsolat","tag-pozitiv-gondolatok","tag-tudatossag","tag-valentin-nap"],"_links":{"self":[{"href":"https:\/\/noivezetok.eu\/en_en\/wp-json\/wp\/v2\/posts\/2369","targetHints":{"allow":["GET"]}}],"collection":[{"href":"https:\/\/noivezetok.eu\/en_en\/wp-json\/wp\/v2\/posts"}],"about":[{"href":"https:\/\/noivezetok.eu\/en_en\/wp-json\/wp\/v2\/types\/post"}],"author":[{"embeddable":true,"href":"https:\/\/noivezetok.eu\/en_en\/wp-json\/wp\/v2\/users\/5"}],"replies":[{"embeddable":true,"href":"https:\/\/noivezetok.eu\/en_en\/wp-json\/wp\/v2\/comments?post=2369"}],"version-history":[{"count":9,"href":"https:\/\/noivezetok.eu\/en_en\/wp-json\/wp\/v2\/posts\/2369\/revisions"}],"predecessor-version":[{"id":6308,"href":"https:\/\/noivezetok.eu\/en_en\/wp-json\/wp\/v2\/posts\/2369\/revisions\/6308"}],"wp:featuredmedia":[{"embeddable":true,"href":"https:\/\/noivezetok.eu\/en_en\/wp-json\/wp\/v2\/media\/2370"}],"wp:attachment":[{"href":"https:\/\/noivezetok.eu\/en_en\/wp-json\/wp\/v2\/media?parent=2369"}],"wp:term":[{"taxonomy":"category","embeddable":true,"href":"https:\/\/noivezetok.eu\/en_en\/wp-json\/wp\/v2\/categories?post=2369"},{"taxonomy":"post_tag","embeddable":true,"href":"https:\/\/noivezetok.eu\/en_en\/wp-json\/wp\/v2\/tags?post=2369"}],"curies":[{"name":"wp","href":"https:\/\/api.w.org\/{rel}","templated":true}]}}