{"id":1884,"date":"2024-12-10T17:38:44","date_gmt":"2024-12-10T17:38:44","guid":{"rendered":"https:\/\/noivezetok.eu\/?p=1884"},"modified":"2025-11-28T13:22:49","modified_gmt":"2025-11-28T13:22:49","slug":"utmutato-noi-vallalkozoknak","status":"publish","type":"post","link":"https:\/\/noivezetok.eu\/en_en\/utmutato-noi-vallalkozoknak\/","title":{"rendered":"\u00datmutat\u00f3 n\u0151i v\u00e1llalkoz\u00f3knak: hogyan \u00e9p\u00edts sikeres social media jelenl\u00e9tet?"},"content":{"rendered":"<div data-elementor-type=\"wp-post\" data-elementor-id=\"1884\" class=\"elementor elementor-1884\" data-elementor-post-type=\"post\">\n\t\t\t\t<div class=\"elementor-element elementor-element-2cd2992c e-flex e-con-boxed e-con e-parent\" data-id=\"2cd2992c\" data-element_type=\"container\" data-e-type=\"container\">\n\t\t\t\t\t<div class=\"e-con-inner\">\n\t\t\t\t<div class=\"elementor-element elementor-element-6f936d7b elementor-widget elementor-widget-text-editor\" data-id=\"6f936d7b\" data-element_type=\"widget\" data-e-type=\"widget\" data-widget_type=\"text-editor.default\">\n\t\t\t\t<div class=\"elementor-widget-container\"><p>A k\u00f6z\u00f6ss\u00e9gi m\u00e9dia ma m\u00e1r nem csup\u00e1n sz\u00f3rakoz\u00e1si platform, hanem egy hat\u00e9kony eszk\u00f6z, amely lehet\u0151s\u00e9get ny\u00fajt a v\u00e1llalkoz\u00f3k sz\u00e1m\u00e1ra, hogy sz\u00e9lesebb k\u00f6z\u00f6ns\u00e9get \u00e9rjenek el, k\u00f6z\u00f6ss\u00e9get \u00e9p\u00edtsenek \u00e9s n\u00f6velj\u00e9k a m\u00e1rk\u00e1juk ir\u00e1nti elk\u00f6telez\u0151d\u00e9st. A N\u0151i Vezet\u0151k p\u00e9ld\u00e1ja t\u00f6k\u00e9letesen bemutatja, hogyan lehet sikeresen kihaszn\u00e1lni a social media erej\u00e9t egy n\u0151i v\u00e1llalkoz\u00e1s \u00e9p\u00edt\u00e9s\u00e9ben. Ebben az \u00fatmutat\u00f3ban a m\u00e1rka strat\u00e9gi\u00e1j\u00e1t, \u00e9s gyakorlati tan\u00e1csokat adunk, hogyan alkalmazhatod ezeket a saj\u00e1t v\u00e1llalkoz\u00e1sodban. Mi n\u0151k, tartsunk \u00f6ssze!<\/p><h2 class=\"wp-block-heading\"><strong>Mi\u00e9rt fontos a social media jelenl\u00e9t a v\u00e1llalkoz\u00e1sok sz\u00e1m\u00e1ra?<\/strong><\/h2><p>A v\u00e1llalkoz\u00f3k sz\u00e1m\u00e1ra a k\u00f6z\u00f6ss\u00e9gi m\u00e9dia nemcsak marketingeszk\u00f6z, hanem lehet\u0151s\u00e9g arra, hogy szem\u00e9lyesebb kapcsolatot alak\u00edtsanak ki k\u00f6z\u00f6ns\u00e9g\u00fckkel. Ez k\u00fcl\u00f6n\u00f6sen fontos, mert:<\/p><ul class=\"wp-block-list\"><li><strong>Hiteless\u00e9get teremt<\/strong>: A social m\u00e9dia lehet\u0151v\u00e9 teszi, hogy megmutasd az emberi oldaladat, ami k\u00fcl\u00f6n\u00f6sen vonz\u00f3 a n\u0151i c\u00e9lcsoport sz\u00e1m\u00e1ra.<\/li><li><strong>El\u00e9rhet\u0151s\u00e9get biztos\u00edt<\/strong>: P\u00e9ld\u00e1ul az Instagramon vagy Pinteresten val\u00f3 jelenl\u00e9t r\u00e9v\u00e9n k\u00f6nnyebben \u00e9s gyorsabban \u00e9rheted el a c\u00e9lk\u00f6z\u00f6ns\u00e9gedet, mint hagyom\u00e1nyos marketingeszk\u00f6z\u00f6kkel.<\/li><li><strong>K\u00f6z\u00f6ss\u00e9get \u00e9p\u00edt<\/strong>: A n\u0151k sz\u00e1m\u00e1ra l\u00e9trehozott k\u00f6z\u00f6ss\u00e9gek, csoportok \u00e9s oldalak t\u00e1mogat\u00f3 k\u00f6rnyezetet teremtenek, ahol a tagok tanulhatnak egym\u00e1st\u00f3l \u00e9s megoszthatj\u00e1k tapasztalataikat.<\/li><\/ul><h2 class=\"wp-block-heading\"><strong>A N\u0151i Vezet\u0151k sikert\u00f6rt\u00e9nete a k\u00f6z\u00f6ss\u00e9gi m\u00e9di\u00e1ban<\/strong><\/h2><p>A N\u0151i Vezet\u0151k m\u00e1rka a Pinteresten \u00e9s Instagramon kiemelked\u0151 jelenl\u00e9tet \u00e9p\u00edtett ki, amelynek alapj\u00e1t egy j\u00f3l megtervezett, hiteles \u00e9s inspir\u00e1l\u00f3 strat\u00e9gia adja. N\u00e9zz\u00fck meg, hogyan \u00e9rt\u00fck ezt el!<\/p><h4 class=\"wp-block-heading\"><strong>1. Pinterest: Az inspir\u00e1ci\u00f3 \u00e9s az \u00f6nismeret otthona<\/strong><\/h4><p>A Pinterest t\u00f6k\u00e9letes platform az inspir\u00e1l\u00f3 tartalmakhoz:<\/p><ul class=\"wp-block-list\"><li><strong>Motiv\u00e1l\u00f3 vizu\u00e1lis tartalmak<\/strong>: A N\u0151i Vezet\u0151kn\u00e9l rendszeresen osztunk meg id\u00e9zeteket, infografik\u00e1kat \u00e9s vizu\u00e1lisan vonz\u00f3 tartalmakat, amelyek az \u00f6nfejleszt\u00e9s, az \u00f6nbizalom \u00e9s az \u00f6nismeret t\u00e9m\u00e1ira f\u00f3kusz\u00e1lnak.<\/li><li><strong>Praktikus tippek<\/strong>: Csapatunk a c\u00e9lcsoportunk sz\u00e1m\u00e1ra hasznos inform\u00e1ci\u00f3kat is k\u00edn\u00e1l, p\u00e9ld\u00e1ul \u00fatmutat\u00f3kat a h\u00e1lanapl\u00f3 vagy a meger\u0151s\u00edt\u0151 k\u00e1rty\u00e1k haszn\u00e1lat\u00e1hoz.<\/li><li><strong>Kulcssz\u00f3-optimaliz\u00e1lt pinek<\/strong>: A Pinterest egy keres\u0151motor, ez\u00e9rt a N\u0151i Vezet\u0151k pinek c\u00edmeit \u00e9s le\u00edr\u00e1sait strat\u00e9giailag \u00fagy alak\u00edtjuk ki, hogy k\u00f6nnyen megtal\u00e1lhat\u00f3k legyenek a relev\u00e1ns keres\u00e9sek sor\u00e1n.<\/li><\/ul><h4 class=\"wp-block-heading\"><strong>2. Instagram: Hiteless\u00e9g \u00e9s kapcsol\u00f3d\u00e1s<\/strong><\/h4><p>Az Instagramon a m\u00e1rka egyens\u00falyt teremt a vizu\u00e1lis sz\u00e9ps\u00e9g \u00e9s az \u00e9rzelmi kapcsol\u00f3d\u00e1s k\u00f6z\u00f6tt:<\/p><ul class=\"wp-block-list\"><li><strong>Egys\u00e9ges arculat<\/strong>: A N\u0151i Vezet\u0151k Instagramj\u00e1n egys\u00e9ges sz\u00ednvil\u00e1got \u00e9s arculatot haszn\u00e1lunk, ami seg\u00edti a m\u00e1rka felismerhet\u0151s\u00e9g\u00e9t.<\/li><li><strong>Szem\u00e9lyes t\u00f6rt\u00e9netek<\/strong>: A posztokban nemcsak term\u00e9keket mutatunk be, hanem szem\u00e9lyes t\u00f6rt\u00e9neteket is megosztunk, amelyek inspir\u00e1ci\u00f3k\u00e9nt szolg\u00e1lnak a k\u00f6vet\u0151k sz\u00e1m\u00e1ra.<\/li><\/ul><figure class=\"wp-block-image size-full\"><img fetchpriority=\"high\" decoding=\"async\" width=\"800\" height=\"350\" class=\"wp-image-1887\" src=\"https:\/\/noivezetok.eu\/wp-content\/uploads\/2024\/12\/15-motivalo-idezet-a-manifesztaciorol-1.jpg\" alt=\"\" srcset=\"https:\/\/noivezetok.eu\/wp-content\/uploads\/2024\/12\/15-motivalo-idezet-a-manifesztaciorol-1.jpg 800w, https:\/\/noivezetok.eu\/wp-content\/uploads\/2024\/12\/15-motivalo-idezet-a-manifesztaciorol-1-300x131.jpg 300w, https:\/\/noivezetok.eu\/wp-content\/uploads\/2024\/12\/15-motivalo-idezet-a-manifesztaciorol-1-768x336.jpg 768w, https:\/\/noivezetok.eu\/wp-content\/uploads\/2024\/12\/15-motivalo-idezet-a-manifesztaciorol-1-18x8.jpg 18w, https:\/\/noivezetok.eu\/wp-content\/uploads\/2024\/12\/15-motivalo-idezet-a-manifesztaciorol-1-600x263.jpg 600w\" sizes=\"(max-width: 800px) 100vw, 800px\" \/><\/figure><h2 class=\"wp-block-heading\"><strong>Hogyan alkalmazhatod a N\u0151i Vezet\u0151k strat\u00e9gi\u00e1it a saj\u00e1t v\u00e1llalkoz\u00e1sodban?<\/strong><\/h2><h4 class=\"wp-block-heading\"><strong>1. Ismerd meg a c\u00e9lk\u00f6z\u00f6ns\u00e9gedet<\/strong><\/h4><p>Miel\u0151tt b\u00e1rmilyen tartalmat megosztan\u00e1l, fontos, hogy pontosan tudd, kiknek szeretn\u00e9l sz\u00f3lni. A N\u0151i Vezet\u0151k p\u00e9ld\u00e1ja azt mutatja, hogy a n\u0151i v\u00e1llalkoz\u00f3k \u00e9s \u00f6nfejleszt\u00e9s ir\u00e1nt \u00e9rdekl\u0151d\u0151k sz\u00e1m\u00e1ra k\u00e9sz\u00fclt tartalom mindig relev\u00e1ns \u00e9s \u00e9rt\u00e9kes.<\/p><p><strong>Tipp:<\/strong> Hozz l\u00e9tre egy v\u00e1s\u00e1rl\u00f3i persz\u00f3n\u00e1t, amely le\u00edrja a c\u00e9lcsoportod \u00e9rdekl\u0151d\u00e9si k\u00f6reit, probl\u00e9m\u00e1it \u00e9s motiv\u00e1ci\u00f3it.<\/p><h4 class=\"wp-block-heading\"><strong>2. \u00c9p\u00edts hiteles tartalmat<\/strong><\/h4><p>A hiteless\u00e9g az egyik legfontosabb t\u00e9nyez\u0151 a k\u00f6z\u00f6ss\u00e9gi m\u00e9di\u00e1ban. A N\u0151i Vezet\u0151kn\u00e9l nemcsak a term\u00e9keinket mutatjuk be, hanem \u00e9rt\u00e9kes inform\u00e1ci\u00f3kat \u00e9s inspir\u00e1ci\u00f3t is k\u00edn\u00e1lunk a k\u00f6vet\u0151knek.<\/p><p><strong>Tipp:<\/strong> Oszd meg saj\u00e1t t\u00f6rt\u00e9netedet, tapasztalataidat, \u00e9s ne f\u00e9lj megmutatni a kih\u00edv\u00e1sokat is, amelyekkel szembes\u00fclsz.<\/p><h4 class=\"wp-block-heading\"><strong>3. Haszn\u00e1lj vizu\u00e1lisan vonz\u00f3 tartalmakat<\/strong><\/h4><p>A vizu\u00e1lis megjelen\u00e9s kulcsfontoss\u00e1g\u00fa a Pinteresten \u00e9s Instagramon. A harmonikus sz\u00ednpaletta, a min\u0151s\u00e9gi k\u00e9pek \u00e9s az egys\u00e9ges arculat er\u0151s\u00edti a m\u00e1rk\u00e1d meg\u00edt\u00e9l\u00e9s\u00e9t.<\/p><p><strong>Tipp:<\/strong> Haszn\u00e1lj tervez\u0151eszk\u00f6z\u00f6ket, p\u00e9ld\u00e1ul Canva-t, hogy professzion\u00e1lis megjelen\u00e9s\u0171 grafik\u00e1kat k\u00e9sz\u00edts.<\/p><h4 class=\"wp-block-heading\"><strong>4. L\u00e9gy rendszeres \u00e9s k\u00f6vetkezetes<\/strong><\/h4><p>A N\u0151i Vezet\u0151kn\u00e9l rendszeresen osztunk meg tartalmakat, ami n\u00f6veli az elk\u00f6telez\u0151d\u00e9st \u00e9s a l\u00e1that\u00f3s\u00e1got a k\u00f6z\u00f6ss\u00e9gi m\u00e9di\u00e1ban. A konzisztens kommunik\u00e1ci\u00f3 er\u0151s\u00edti a k\u00f6vet\u0151i b\u00e1zist.<\/p><p><strong>Tipp:<\/strong> K\u00e9sz\u00edts tartalomnapt\u00e1rt, amely seg\u00edt a posztok megtervez\u00e9s\u00e9ben \u00e9s \u00fctemez\u00e9s\u00e9ben.<\/p><h4 class=\"wp-block-heading\"><strong>5. \u00c9p\u00edts kapcsolatot a k\u00f6vet\u0151kkel<\/strong><\/h4><p>A N\u0151i Vezet\u0151k sikere r\u00e9szben annak k\u00f6sz\u00f6nhet\u0151, hogy akt\u00edvan kommunik\u00e1lunk a k\u00f6z\u00f6ss\u00e9g\u00fcnkkel. A k\u00e9rd\u00e9s-v\u00e1lasz szekci\u00f3k \u00e9s szem\u00e9lyes \u00fczenetek mind hozz\u00e1j\u00e1rulnak a k\u00f6vet\u0151k lojalit\u00e1s\u00e1hoz.<\/p><p><strong>Tipp:<\/strong> Ne csak posztolj, hanem v\u00e1laszolj a kommentekre, \u00fczenetekre, \u00e9s \u00f6szt\u00f6n\u00f6zd a k\u00f6vet\u0151ket az interakci\u00f3ra.<\/p><h2 class=\"wp-block-heading\"><strong>Tov\u00e1bbi eszk\u00f6z\u00f6k \u00e9s m\u00f3dszerek<\/strong><\/h2><ul class=\"wp-block-list\"><li><strong>Hashtag-strat\u00e9gia<\/strong>: Haszn\u00e1lj relev\u00e1ns hashtageket, hogy n\u00f6veld a tartalmaid el\u00e9r\u00e9s\u00e9t.<\/li><li><strong>Elemz\u00e9sek<\/strong>: K\u00f6vesd nyomon a k\u00f6z\u00f6ss\u00e9gi m\u00e9dia statisztik\u00e1it, hogy megtudd, mely tartalmak m\u0171k\u00f6dnek a legjobban.<\/li><li><strong>Egy\u00fcttm\u0171k\u00f6d\u00e9sek<\/strong>: Keress partnereket, akik hasonl\u00f3 \u00e9rt\u00e9keket k\u00e9pviselnek \u00e9s k\u00f6z\u00f6s projektekkel n\u00f6velheted a l\u00e1that\u00f3s\u00e1godat.<\/li><\/ul><h2 class=\"wp-block-heading\"><strong>Az \u00f6nbecs\u00fcl\u00e9s szerepe a v\u00e1llalkoz\u00e1s fel\u00e9p\u00edt\u00e9se sor\u00e1n<\/strong><\/h2><p><a href=\"https:\/\/noivezetok.eu\/en_en\/onbecsules-es-onbizalom-az-uzleti-eletben\/\">A m\u00falt h\u00e9ten megjelent blogunkra szeretn\u00e9nk felh\u00edvni a figyelmed<\/a>, hiszen az \u00f6nbecs\u00fcl\u00e9s fontoss\u00e1g\u00e1t nem lehet el\u00e9gszer hangs\u00falyozni. Az \u00f6nbecs\u00fcl\u00e9s egy v\u00e1llalkoz\u00f3 sz\u00e1m\u00e1ra az alap, amelyre a sikeres karrier \u00e9p\u00fcl. Az eg\u00e9szs\u00e9ges \u00f6n\u00e9rt\u00e9kel\u00e9s nemcsak magabiztoss\u00e1got ad a d\u00f6nt\u00e9shozatalban, hanem er\u0151s\u00edti a rugalmass\u00e1got a kih\u00edv\u00e1sok kezel\u00e9s\u00e9ben is. Ha b\u00edzol \u00f6nmagadban \u00e9s az \u00e9rt\u00e9keidben, k\u00f6nnyebben \u00e1llsz ki az \u00f6tleteid mellett, \u00e9s k\u00e9pes vagy motiv\u00e1lni m\u00e1sokat, legyen sz\u00f3 \u00fcgyfelekr\u0151l, partnerekr\u0151l vagy csapattagokr\u00f3l.<\/p><p>Az alacsony \u00f6nbecs\u00fcl\u00e9s azonban visszafoghat: f\u00e9lelmet okozhat a kudarcokt\u00f3l, elbizonytalan\u00edthat a versenyt\u00e1rsakkal szemben, \u00e9s nehezebb\u00e9 teheti az \u00faj lehet\u0151s\u00e9gek felismer\u00e9s\u00e9t. Egy v\u00e1llalkoz\u00f3 \u00e9let\u00e9ben ezek mind kritikus t\u00e9nyez\u0151k, amelyek befoly\u00e1solj\u00e1k a n\u00f6veked\u00e9si potenci\u00e1lt. Az \u00f6nbecs\u00fcl\u00e9s fejleszt\u00e9se teh\u00e1t nemcsak szem\u00e9lyes, hanem \u00fczleti szempontb\u00f3l is kulcsfontoss\u00e1g\u00fa, mert meger\u0151s\u00edti a v\u00e1llalkoz\u00f3 k\u00e9pess\u00e9g\u00e9t arra, hogy kihaszn\u00e1lja az ad\u00f3d\u00f3 lehet\u0151s\u00e9geket, \u00e9s sikeresen navig\u00e1ljon a piac kih\u00edv\u00e1sai k\u00f6z\u00f6tt.<\/p><figure class=\"wp-block-gallery has-nested-images columns-default is-cropped wp-block-gallery-3 is-layout-flex wp-block-gallery-is-layout-flex\"><figure id=\"az\u00e9letnemk\u00f6nny\u0171\" class=\"wp-block-image size-large\"><img decoding=\"async\" width=\"683\" height=\"1024\" data-id=\"1888\" class=\"wp-image-1888\" src=\"https:\/\/noivezetok.eu\/wp-content\/uploads\/2024\/12\/Noi-Vezetok-Pinek-masolata-683x1024.jpg\" alt=\"Az \u00e9let egyik\u00fcnk sz\u00e1m\u00e1ra sem k\u00f6nny\u0171...\" srcset=\"https:\/\/noivezetok.eu\/wp-content\/uploads\/2024\/12\/Noi-Vezetok-Pinek-masolata-683x1024.jpg 683w, https:\/\/noivezetok.eu\/wp-content\/uploads\/2024\/12\/Noi-Vezetok-Pinek-masolata-200x300.jpg 200w, https:\/\/noivezetok.eu\/wp-content\/uploads\/2024\/12\/Noi-Vezetok-Pinek-masolata-768x1152.jpg 768w, https:\/\/noivezetok.eu\/wp-content\/uploads\/2024\/12\/Noi-Vezetok-Pinek-masolata-1024x1536.jpg 1024w, https:\/\/noivezetok.eu\/wp-content\/uploads\/2024\/12\/Noi-Vezetok-Pinek-masolata-8x12.jpg 8w, https:\/\/noivezetok.eu\/wp-content\/uploads\/2024\/12\/Noi-Vezetok-Pinek-masolata-600x900.jpg 600w, https:\/\/noivezetok.eu\/wp-content\/uploads\/2024\/12\/Noi-Vezetok-Pinek-masolata.jpg 1200w\" sizes=\"(max-width: 683px) 100vw, 683px\" \/><\/figure><\/figure><h2 class=\"wp-block-heading\"><strong>Kezdd el ma!<\/strong><\/h2><p>A N\u0151i Vezet\u0151k p\u00e9ld\u00e1ja inspir\u00e1l\u00f3 bizony\u00edt\u00e9k arra, hogy a k\u00f6z\u00f6ss\u00e9gi m\u00e9dia tudatos haszn\u00e1lat\u00e1val hogyan lehet k\u00f6z\u00f6ss\u00e9get \u00e9p\u00edteni \u00e9s sikert el\u00e9rni. K\u00f6vesd az itt bemutatott strat\u00e9gi\u00e1kat, alkalmazd a gyakorlatban, \u00e9s figyeld, hogyan n\u00f6vekszik a v\u00e1llalkoz\u00e1sod.<br \/><br \/>A siker nem \u00e9rkezik egyik napr\u00f3l a m\u00e1sikra, de kitart\u00e1ssal, kreativit\u00e1ssal \u00e9s hiteles kommunik\u00e1ci\u00f3val te is fel\u00e9p\u00edtheted a saj\u00e1t sikeres social m\u00e9dia jelenl\u00e9tedet! Ha \u00fagy \u00e9rzed, seg\u00edts\u00e9gre van sz\u00fcks\u00e9ged, \u00e9rdemes megfontolni egy virtu\u00e1lis asszisztens bevon\u00e1s\u00e1t. <a href=\"https:\/\/www.facebook.com\/timesaver.sinkagabriella\" target=\"_blank\" rel=\"noopener\">Egy tapasztalt virtu\u00e1lis asszisztens<\/a> nemcsak a tartalomk\u00e9sz\u00edt\u00e9sben, hanem a social m\u00e9dia kezel\u00e9se \u00e9s az adminisztrat\u00edv feladatok elv\u00e9gz\u00e9se sor\u00e1n is nagy terhet vehet le a v\u00e1lladr\u00f3l.<\/p><p>Ha sz\u00edvesen olvasn\u00e1l m\u00e9g hasonl\u00f3 bejegyz\u00e9seket a j\u00f6v\u0151ben, k\u00f6vesd a <a href=\"https:\/\/noivezetok.eu\/en_en\/blog\/\">blogunk<\/a>-at, de megtal\u00e1lsz minket a N\u0151i Vezet\u0151k <a href=\"https:\/\/www.instagram.com\/noivezetok\/\" target=\"_blank\" rel=\"noopener\">Instagram<\/a> \u00e9s <a href=\"https:\/\/hu.pinterest.com\/noivezetok\/\" target=\"_blank\" rel=\"noopener\">Pinterest<\/a> oldal\u00e1n is!<\/p><figure class=\"wp-block-gallery has-nested-images columns-default is-cropped wp-block-gallery-4 is-layout-flex wp-block-gallery-is-layout-flex\"><figure id=\"az\u00f6nbizalom\" class=\"wp-block-image size-large\"><img decoding=\"async\" width=\"683\" height=\"1024\" data-id=\"1889\" class=\"wp-image-1889\" src=\"https:\/\/noivezetok.eu\/wp-content\/uploads\/2024\/12\/Noi-Vezetok-Pinek-masolata-1-683x1024.jpg\" alt=\"Az \u00f6nbizalom a siker els\u0151 titka\" srcset=\"https:\/\/noivezetok.eu\/wp-content\/uploads\/2024\/12\/Noi-Vezetok-Pinek-masolata-1-683x1024.jpg 683w, https:\/\/noivezetok.eu\/wp-content\/uploads\/2024\/12\/Noi-Vezetok-Pinek-masolata-1-200x300.jpg 200w, https:\/\/noivezetok.eu\/wp-content\/uploads\/2024\/12\/Noi-Vezetok-Pinek-masolata-1-768x1152.jpg 768w, https:\/\/noivezetok.eu\/wp-content\/uploads\/2024\/12\/Noi-Vezetok-Pinek-masolata-1-1024x1536.jpg 1024w, https:\/\/noivezetok.eu\/wp-content\/uploads\/2024\/12\/Noi-Vezetok-Pinek-masolata-1-8x12.jpg 8w, https:\/\/noivezetok.eu\/wp-content\/uploads\/2024\/12\/Noi-Vezetok-Pinek-masolata-1-600x900.jpg 600w, https:\/\/noivezetok.eu\/wp-content\/uploads\/2024\/12\/Noi-Vezetok-Pinek-masolata-1.jpg 1200w\" sizes=\"(max-width: 683px) 100vw, 683px\" \/><\/figure><\/figure><\/div>\n\t\t\t\t<\/div>\n\t\t\t\t<div class=\"elementor-element elementor-element-687deaa elementor-widget elementor-widget-global elementor-global-4587 elementor-widget-author-box\" data-id=\"687deaa\" data-element_type=\"widget\" data-e-type=\"widget\" data-widget_type=\"author-box.default\">\n\t\t\t\t<div class=\"elementor-widget-container\">\n\t\t\t\t\t\t\t<div class=\"elementor-author-box\">\n\t\t\t\t\t\t\t<a href=\"https:\/\/timesaver.hu\/\" class=\"elementor-author-box__avatar\" target=\"_blank\" rel=\"noopener\">\n\t\t\t\t\t<img decoding=\"async\" src=\"https:\/\/noivezetok.eu\/wp-content\/uploads\/2025\/08\/8084a1e8-a04b-4a44-bcab-049a496e2169-275x300.jpeg\" alt=\"Picture of Sinka Gabriella T\u00edmea\" loading=\"lazy\">\n\t\t\t\t<\/a>\n\t\t\t\n\t\t\t<div class=\"elementor-author-box__text\">\n\t\t\t\t\t\t\t\t\t<a href=\"https:\/\/timesaver.hu\/\" target=\"_blank\" rel=\"noopener\">\n\t\t\t\t\t\t<h3 class=\"elementor-author-box__name\">\n\t\t\t\t\t\t\tSinka Gabriella T\u00edmea\t\t\t\t\t\t<\/h3>\n\t\t\t\t\t<\/a>\n\t\t\t\t\n\t\t\t\t\t\t\t\t\t<div class=\"elementor-author-box__bio\">\n\t\t\t\t\t\t<p>Im\u00e1dom, amikor egy j\u00f3 besz\u00e9lget\u00e9sb\u0151l \u00faj \u00f6tletek sz\u00fcletnek! Hiszem, hogy minden n\u0151 vezet\u0151 \u2013 legal\u00e1bb a saj\u00e1t \u00e9let\u00e9ben, \u00e9s itt azon dolgozom, hogy Te is visszatal\u00e1lj a f\u0151szerepbe, mik\u00f6zben egy\u00fctt nevet\u00fcnk, inspir\u00e1l\u00f3dunk \u00e9s mer\u00fcnk nagyot \u00e1lmodni!<\/p>\n\t\t\t\t\t<\/div>\n\t\t\t\t\n\t\t\t\t\t\t\t\t\t<a class=\"elementor-author-box__button elementor-button elementor-size-xs\" href=\"https:\/\/www.facebook.com\/timesaver.sinkagabriella\/\" target=\"_blank\" rel=\"noopener\">\n\t\t\t\t\t\tK\u00e9rd\u00e9sed van? \u00cdrj!\t\t\t\t\t<\/a>\n\t\t\t\t\t\t\t<\/div>\n\t\t<\/div>\n\t\t\t\t\t\t<\/div>\n\t\t\t\t<\/div>\n\t\t\t\t\t<\/div>\n\t\t\t\t<\/div>\t\t<\/div>","protected":false},"excerpt":{"rendered":"<p>A k\u00f6z\u00f6ss\u00e9gi m\u00e9dia ma m\u00e1r nem csup\u00e1n sz\u00f3rakoz\u00e1si platform, hanem egy hat\u00e9kony eszk\u00f6z, amely lehet\u0151s\u00e9get ny\u00fajt a v\u00e1llalkoz\u00f3k sz\u00e1m\u00e1ra, hogy sz\u00e9lesebb k\u00f6z\u00f6ns\u00e9get \u00e9rjenek el, k\u00f6z\u00f6ss\u00e9get \u00e9p\u00edtsenek \u00e9s n\u00f6velj\u00e9k a m\u00e1rk\u00e1juk ir\u00e1nti elk\u00f6telez\u0151d\u00e9st. A N\u0151i Vezet\u0151k p\u00e9ld\u00e1ja t\u00f6k\u00e9letesen bemutatja, hogyan lehet sikeresen kihaszn\u00e1lni a social media erej\u00e9t egy n\u0151i v\u00e1llalkoz\u00e1s \u00e9p\u00edt\u00e9s\u00e9ben. Ebben az \u00fatmutat\u00f3ban a m\u00e1rka [&hellip;]<\/p>\n","protected":false},"author":5,"featured_media":1885,"comment_status":"open","ping_status":"open","sticky":false,"template":"","format":"standard","meta":{"rank_math_focus_keyword":"\u00fatmutat\u00f3","rank_math_title":"","rank_math_description":"Tanuld meg, hogyan \u00e9p\u00edts sikeres social media jelenl\u00e9tet n\u0151i v\u00e1llalkoz\u00f3k\u00e9nt! Inspir\u00e1l\u00f3 tippek \u00e9s gyakorlati \u00fatmutat\u00f3 a N\u0151i Vezet\u0151k p\u00e9ld\u00e1j\u00e1n kereszt\u00fcl.","footnotes":""},"categories":[1],"tags":[79,55,76,60,78],"class_list":["post-1884","post","type-post","status-publish","format-standard","has-post-thumbnail","hentry","category-uncategorized","tag-noi-vallalkozok","tag-noi-vezetok","tag-onbecsules","tag-onismeret","tag-vallalkozas"],"_links":{"self":[{"href":"https:\/\/noivezetok.eu\/en_en\/wp-json\/wp\/v2\/posts\/1884","targetHints":{"allow":["GET"]}}],"collection":[{"href":"https:\/\/noivezetok.eu\/en_en\/wp-json\/wp\/v2\/posts"}],"about":[{"href":"https:\/\/noivezetok.eu\/en_en\/wp-json\/wp\/v2\/types\/post"}],"author":[{"embeddable":true,"href":"https:\/\/noivezetok.eu\/en_en\/wp-json\/wp\/v2\/users\/5"}],"replies":[{"embeddable":true,"href":"https:\/\/noivezetok.eu\/en_en\/wp-json\/wp\/v2\/comments?post=1884"}],"version-history":[{"count":8,"href":"https:\/\/noivezetok.eu\/en_en\/wp-json\/wp\/v2\/posts\/1884\/revisions"}],"predecessor-version":[{"id":6288,"href":"https:\/\/noivezetok.eu\/en_en\/wp-json\/wp\/v2\/posts\/1884\/revisions\/6288"}],"wp:featuredmedia":[{"embeddable":true,"href":"https:\/\/noivezetok.eu\/en_en\/wp-json\/wp\/v2\/media\/1885"}],"wp:attachment":[{"href":"https:\/\/noivezetok.eu\/en_en\/wp-json\/wp\/v2\/media?parent=1884"}],"wp:term":[{"taxonomy":"category","embeddable":true,"href":"https:\/\/noivezetok.eu\/en_en\/wp-json\/wp\/v2\/categories?post=1884"},{"taxonomy":"post_tag","embeddable":true,"href":"https:\/\/noivezetok.eu\/en_en\/wp-json\/wp\/v2\/tags?post=1884"}],"curies":[{"name":"wp","href":"https:\/\/api.w.org\/{rel}","templated":true}]}}