{"id":1646,"date":"2024-11-11T07:18:51","date_gmt":"2024-11-11T07:18:51","guid":{"rendered":"https:\/\/noivezetok.eu\/?p=1646"},"modified":"2026-03-17T18:04:49","modified_gmt":"2026-03-17T18:04:49","slug":"noi-vallalkozok-kihivasai-igy-latjak-a-noi-vezetok","status":"publish","type":"post","link":"https:\/\/noivezetok.eu\/en_en\/noi-vallalkozok-kihivasai-igy-latjak-a-noi-vezetok\/","title":{"rendered":"N\u0151i v\u00e1llalkoz\u00f3k kih\u00edv\u00e1sai \u2013 \u00cdgy l\u00e1tj\u00e1k a N\u0151i Vezet\u0151k"},"content":{"rendered":"<div data-elementor-type=\"wp-post\" data-elementor-id=\"1646\" class=\"elementor elementor-1646\" data-elementor-post-type=\"post\">\n\t\t\t\t<div class=\"elementor-element elementor-element-71566f30 e-flex e-con-boxed e-con e-parent\" data-id=\"71566f30\" data-element_type=\"container\" data-e-type=\"container\">\n\t\t\t\t\t<div class=\"e-con-inner\">\n\t\t\t\t<div class=\"elementor-element elementor-element-42501a6c elementor-widget elementor-widget-text-editor\" data-id=\"42501a6c\" data-element_type=\"widget\" data-e-type=\"widget\" data-widget_type=\"text-editor.default\">\n\t\t\t\t<div class=\"elementor-widget-container\"><h2 class=\"wp-block-heading has-large-font-size\">Hogyan teremtsd meg az egyens\u00falyt az \u00fczleti \u00e9s mag\u00e1n\u00e9let k\u00f6z\u00f6tt?<\/h2><p class=\"has-medium-font-size\">A n\u0151i v\u00e1llalkoz\u00f3k \u00e9s vezet\u0151 beoszt\u00e1sban dolgoz\u00f3k sz\u00e1m\u00e1ra a 21. sz\u00e1zad rengeteg \u00faj<br \/>lehet\u0151s\u00e9get tartogat, ugyanakkor kih\u00edv\u00e1sokkal is szembe kell n\u00e9zni\u00fck. Ha n\u0151k\u00e9nt d\u00f6nt\u00f6tt\u00e9l<br \/>\u00fagy, hogy v\u00e1llalkoz\u00e1sba kezdesz, vagy m\u00e1r benne is vagy a s\u0171r\u0171j\u00e9ben, biztosan ismered a<br \/>mindennapok sokszor f\u00e1raszt\u00f3 zsong\u00e1s\u00e1t. A csal\u00e1d, az eg\u00e9szs\u00e9ged, a p\u00e1rkapcsolatod, a<br \/>v\u00e1llalkoz\u00e1sod \u00e9p\u00edt\u00e9se \u00e9s valahol m\u00e9g te is, mint egy\u00e9n, mind-mind ott vannak az \u00e9letedben,<br \/>\u00e9s mindegyik\u00fckre id\u0151t kellene ford\u00edtani. Hogyan is lehet ezek k\u00f6zt egyens\u00falyt tal\u00e1lni?<br \/>A n\u0151i v\u00e1llalkoz\u00f3k k\u00fcl\u00f6nleges helyzetben vannak: nemcsak az \u00fczleti vil\u00e1gban kell helyt\u00e1llniuk,<br \/>de gyakran elv\u00e1r\u00e1s az is, hogy csal\u00e1di \u00e9s egy\u00e9ni szerepeiket is maxim\u00e1lisan teljes\u00edts\u00e9k. Az<br \/>ilyen t\u00f6bbir\u00e1ny\u00fa k\u00f6telezetts\u00e9gek k\u00f6zepette a sikeres \u00e9letvitel kulcsa a tudatoss\u00e1g \u00e9s az<br \/>\u00f6nismeret, amelyet sz\u00e1mos m\u00f3dszerrel lehet t\u00e1mogatni. Az olyan eszk\u00f6z\u00f6k, mint a<br \/>h\u00e1lanapl\u00f3, a heti tervez\u0151 \u00e9s a meger\u0151s\u00edt\u0151 k\u00e1rty\u00e1k seg\u00edthetnek az egyens\u00faly<br \/>megteremt\u00e9s\u00e9ben. N\u00e9zz\u00fck meg, hogyan lehet ezeket a gyakorlatban alkalmazni, hogy a<br \/>kih\u00edv\u00e1sok neh\u00e9zs\u00e9gek helyett lehet\u0151s\u00e9gekk\u00e9 v\u00e1ljanak!<\/p><h2 class=\"wp-block-heading has-large-font-size\">N\u0151i Vezet\u0151k \u00e9s a kih\u00edv\u00e1sok kezel\u00e9se<\/h2><p class=\"has-medium-font-size\">A n\u0151k jelenl\u00e9te egyre meghat\u00e1roz\u00f3bb\u00e1 v\u00e1lik a v\u00e1llalkoz\u00f3i vil\u00e1gban. Nemcsak a v\u00e1llalkoz\u00e1s<br \/>ir\u00e1ny\u00edt\u00e1s\u00e1ban, hanem a munkat\u00e1rsakkal val\u00f3 kapcsolatukban is kiemelked\u0151 szerepet<br \/>j\u00e1tszanak. Egy n\u0151i vezet\u0151 gyakran kiemelten figyel az emp\u00e1ti\u00e1ra, a csapat motiv\u00e1l\u00e1s\u00e1ra \u00e9s<br \/>az egy\u00e9ni er\u0151ss\u00e9gek t\u00e1mogat\u00e1s\u00e1ra. Azonban ezzel p\u00e1rhuzamosan nagy felel\u0151ss\u00e9g is h\u00e1rul<br \/>r\u00e1juk, hiszen sokan k\u00f6z\u00fcl\u00fck p\u00e9ldak\u00e9pk\u00e9nt \u00e1llnak m\u00e1s n\u0151i v\u00e1llalkoz\u00f3k \u00e9s munkav\u00e1llal\u00f3k el\u0151tt.<br \/>Az \u00f6nbizalom er\u0151s\u00edt\u00e9se, a hat\u00e1rok fel\u00e1ll\u00edt\u00e1sa \u00e9s a stresszkezel\u00e9s mind olyan ter\u00fcletek,<br \/>amelyeken sok n\u0151i vezet\u0151 dolgozik napi szinten.<\/p><p class=\"has-medium-font-size\">Az \u00f6nismeret ezen az \u00faton rendk\u00edv\u00fcl fontos. Ahhoz, hogy sikeresen ir\u00e1ny\u00edts egy v\u00e1llalkoz\u00e1st<br \/>\u00e9s k\u00f6zben kiegyens\u00falyozott \u00e9letet \u00e9lhess, tiszt\u00e1ban kell lenned az er\u0151ss\u00e9geiddel,<br \/>gyenges\u00e9geiddel \u00e9s azzal, hogyan oszthatod meg er\u0151forr\u00e1saidat. Egy \u00f6nismereti \u00fat p\u00e9ld\u00e1ul<br \/>seg\u00edthet abban, hogy felismerd, milyen szitu\u00e1ci\u00f3kban kell hat\u00e1rozottabban fell\u00e9pned, \u00e9s<br \/>mikor kell t\u00fcrelmesebben v\u00e1rakoznod. Az \u00f6nismeret \u00e9s a tudatoss\u00e1g seg\u00edt abban, hogy az<br \/>\u00e9rzelmi terheket is k\u00f6nnyebben kezeld, valamint abban, hogy er\u0151ss\u00e9geidet hat\u00e9konyabban<br \/>tudd kiakn\u00e1zni.<\/p><h2 class=\"wp-block-heading has-large-font-size\">A N\u0151i Vezet\u0151k tippjei: Az egyens\u00faly megteremt\u00e9se tudatos eszk\u00f6z\u00f6kkel<\/h2><h2 class=\"wp-block-heading\">1. H\u00e1lanapl\u00f3 \u2013 A pozit\u00edv gondolatok ereje<\/h2><figure class=\"wp-block-gallery has-nested-images columns-default is-cropped wp-block-gallery-5 is-layout-flex wp-block-gallery-is-layout-flex\"><figure class=\"wp-block-image size-large\"><a href=\"https:\/\/noivezetok.eu\/en_en\/termek\/halanaplo\/\"><img fetchpriority=\"high\" decoding=\"async\" width=\"1024\" height=\"683\" data-id=\"1649\" class=\"wp-image-1649\" src=\"https:\/\/noivezetok.eu\/wp-content\/uploads\/2024\/11\/untitled-0655-Edit-1024x683.jpg\" alt=\"\" srcset=\"https:\/\/noivezetok.eu\/wp-content\/uploads\/2024\/11\/untitled-0655-Edit-1024x683.jpg 1024w, https:\/\/noivezetok.eu\/wp-content\/uploads\/2024\/11\/untitled-0655-Edit-300x200.jpg 300w, https:\/\/noivezetok.eu\/wp-content\/uploads\/2024\/11\/untitled-0655-Edit-768x512.jpg 768w, https:\/\/noivezetok.eu\/wp-content\/uploads\/2024\/11\/untitled-0655-Edit-1536x1024.jpg 1536w, https:\/\/noivezetok.eu\/wp-content\/uploads\/2024\/11\/untitled-0655-Edit-2048x1365.jpg 2048w, https:\/\/noivezetok.eu\/wp-content\/uploads\/2024\/11\/untitled-0655-Edit-18x12.jpg 18w, https:\/\/noivezetok.eu\/wp-content\/uploads\/2024\/11\/untitled-0655-Edit-600x400.jpg 600w\" sizes=\"(max-width: 1024px) 100vw, 1024px\" \/><\/a><\/figure><\/figure><p class=\"has-medium-font-size\">A <a href=\"https:\/\/noivezetok.eu\/en_en\/termek\/halanaplo\/\">h\u00e1lanapl\u00f3<\/a> egy egyszer\u0171, m\u00e9gis rendk\u00edv\u00fcl hat\u00e9kony eszk\u00f6z, amelyet b\u00e1rmikor elkezdhetsz<br \/>haszn\u00e1lni, hogy pozit\u00edvabb szeml\u00e9letet alak\u00edts ki az \u00e9leted minden ter\u00fclet\u00e9n. A h\u00e1lanapl\u00f3ba<br \/>minden nap \u00edrj le n\u00e9h\u00e1ny dolgot, ami\u00e9rt h\u00e1l\u00e1s vagy. Ez lehet egy kis gy\u0151zelem a<br \/>munkahelyen, egy sz\u00e9p pillanat a csal\u00e1doddal, vagy ak\u00e1r valami apr\u00f3 \u00f6r\u00f6m a<br \/>mindennapokban. Az\u00e1ltal, hogy id\u0151t sz\u00e1nsz arra, hogy tudatos\u00edtsd, milyen sok j\u00f3 dolog van<br \/>az \u00e9letedben, nemcsak a hangulatodat jav\u00edtod, hanem a stresszkezel\u00e9si k\u00e9pess\u00e9geidet is<br \/>fejleszted.<\/p><p class=\"has-medium-font-size\">A <a href=\"https:\/\/noivezetok.eu\/en_en\/termek\/halanaplo\/\">h\u00e1lanapl\u00f3<\/a> rendszeres vezet\u00e9se abban is seg\u00edthet, hogy ne \u00e9rezd magad t\u00falterheltnek a<br \/>sz\u00e1mos k\u00f6telezetts\u00e9g mellett. Gyakran a h\u00e1la \u00e9rz\u00e9se k\u00e9pes feloldani azokat a bels\u0151<br \/>fesz\u00fclts\u00e9geket, amelyek esetleg a munka \u00e9s a mag\u00e1n\u00e9let k\u00f6z\u00f6tt kialakulnak. P\u00e9ld\u00e1ul, ha egy<br \/>neh\u00e9z nap ut\u00e1n h\u00e1l\u00e1t adsz az eg\u00e9szs\u00e9ged\u00e9rt, a csal\u00e1dod\u00e9rt vagy az\u00e9rt, hogy egy sikeres<br \/>projektet lez\u00e1rt\u00e1l, az seg\u00edt \u00e1tlend\u00fclni a neh\u00e9zs\u00e9geken.<\/p><h2 class=\"wp-block-heading\">2. Heti tervez\u0151 \u2013 Az id\u0151 menedzsel\u00e9se a sikerhez<\/h2><figure class=\"wp-block-gallery has-nested-images columns-default is-cropped wp-block-gallery-6 is-layout-flex wp-block-gallery-is-layout-flex\"><figure class=\"wp-block-image size-large\"><a href=\"https:\/\/noivezetok.eu\/en_en\/termek\/noi-vezetok-heti-tervezo\/\"><img decoding=\"async\" width=\"819\" height=\"1024\" data-id=\"1650\" class=\"wp-image-1650\" src=\"https:\/\/noivezetok.eu\/wp-content\/uploads\/2024\/11\/WeeklyPlanner_0002-2-819x1024.jpg\" alt=\"\" srcset=\"https:\/\/noivezetok.eu\/wp-content\/uploads\/2024\/11\/WeeklyPlanner_0002-2-819x1024.jpg 819w, https:\/\/noivezetok.eu\/wp-content\/uploads\/2024\/11\/WeeklyPlanner_0002-2-240x300.jpg 240w, https:\/\/noivezetok.eu\/wp-content\/uploads\/2024\/11\/WeeklyPlanner_0002-2-768x960.jpg 768w, https:\/\/noivezetok.eu\/wp-content\/uploads\/2024\/11\/WeeklyPlanner_0002-2-1229x1536.jpg 1229w, https:\/\/noivezetok.eu\/wp-content\/uploads\/2024\/11\/WeeklyPlanner_0002-2-1638x2048.jpg 1638w, https:\/\/noivezetok.eu\/wp-content\/uploads\/2024\/11\/WeeklyPlanner_0002-2-10x12.jpg 10w, https:\/\/noivezetok.eu\/wp-content\/uploads\/2024\/11\/WeeklyPlanner_0002-2-600x750.jpg 600w, https:\/\/noivezetok.eu\/wp-content\/uploads\/2024\/11\/WeeklyPlanner_0002-2-scaled.jpg 2048w\" sizes=\"(max-width: 819px) 100vw, 819px\" \/><\/a><\/figure><\/figure><p class=\"has-medium-font-size\">Egy n\u0151i vezet\u0151 vagy v\u00e1llalkoz\u00f3 \u00e9let\u00e9ben az id\u0151 menedzsel\u00e9se kulcsfontoss\u00e1g\u00fa. A <a href=\"https:\/\/noivezetok.eu\/en_en\/termek\/noi-vezetok-heti-tervezo\/\">heti<br \/>tervez\u0151<\/a> egy olyan eszk\u00f6z, amellyel rendszerezheted a feladataidat, legyen sz\u00f3 a<br \/>munkahelyi, csal\u00e1di vagy szem\u00e9lyes teend\u0151kr\u0151l. A tudatos tervez\u00e9s lehet\u0151v\u00e9 teszi, hogy ne<br \/>csak reag\u00e1lj a k\u00f6r\u00fcl\u00f6tted l\u00e9v\u0151 esem\u00e9nyekre, hanem proakt\u00edvan megtervezd, mikor mire van<br \/>sz\u00fcks\u00e9g.<\/p><p class=\"has-medium-font-size\">A <a href=\"https:\/\/noivezetok.eu\/en_en\/termek\/noi-vezetok-heti-tervezo\/\">heti tervez\u0151<\/a> haszn\u00e1lata k\u00fcl\u00f6n\u00f6sen hasznos lehet abban, hogy ne \u00e9rezd magad<br \/>sz\u00e9tsz\u00f3rtnak, \u00e9s id\u0151t szentelhess azokra a ter\u00fcletekre is, amelyek gyakran h\u00e1tt\u00e9rbe<br \/>szorulnak, mint p\u00e9ld\u00e1ul az eg\u00e9szs\u00e9ged vagy a p\u00e1rkapcsolatod \u00e1pol\u00e1sa. Ez\u00e1ltal kialak\u00edthatsz<br \/>egy kiegyens\u00falyozottabb, struktur\u00e1ltabb napirendet, ami t\u00e1mogatja az \u00fczleti c\u00e9ljaid el\u00e9r\u00e9s\u00e9t,<br \/>ugyanakkor seg\u00edt meg\u0151rizni a testi \u00e9s lelki eg\u00e9szs\u00e9gedet is.<\/p><h2 class=\"wp-block-heading\">3. Meger\u0151s\u00edt\u0151 k\u00e1rty\u00e1k \u2013 Pozit\u00edv gondolatok minden napra<\/h2><figure class=\"wp-block-image size-large\"><a href=\"https:\/\/noivezetok.eu\/en_en\/termek\/megerosito-kartyak\/\"><img decoding=\"async\" width=\"819\" height=\"1024\" class=\"wp-image-1651\" src=\"https:\/\/noivezetok.eu\/wp-content\/uploads\/2024\/11\/Lifestyle_Side_0002_PP-819x1024.jpg\" alt=\"\" srcset=\"https:\/\/noivezetok.eu\/wp-content\/uploads\/2024\/11\/Lifestyle_Side_0002_PP-819x1024.jpg 819w, https:\/\/noivezetok.eu\/wp-content\/uploads\/2024\/11\/Lifestyle_Side_0002_PP-240x300.jpg 240w, https:\/\/noivezetok.eu\/wp-content\/uploads\/2024\/11\/Lifestyle_Side_0002_PP-768x960.jpg 768w, https:\/\/noivezetok.eu\/wp-content\/uploads\/2024\/11\/Lifestyle_Side_0002_PP-10x12.jpg 10w, https:\/\/noivezetok.eu\/wp-content\/uploads\/2024\/11\/Lifestyle_Side_0002_PP-600x750.jpg 600w, https:\/\/noivezetok.eu\/wp-content\/uploads\/2024\/11\/Lifestyle_Side_0002_PP.jpg 1080w\" sizes=\"(max-width: 819px) 100vw, 819px\" \/><\/a><\/figure><p class=\"has-medium-font-size\">A <a href=\"https:\/\/noivezetok.eu\/en_en\/termek\/megerosito-kartyak\/\">meger\u0151s\u00edt\u0151 k\u00e1rty\u00e1k<\/a> olyan eszk\u00f6z\u00f6k, amelyek seg\u00edtenek a napi pozit\u00edv gondolatok<br \/>kialak\u00edt\u00e1s\u00e1ban. A reggeli rutin r\u00e9szek\u00e9nt kiv\u00e1lasztott meger\u0151s\u00edt\u0151 mondatok, mint p\u00e9ld\u00e1ul<br \/>&#8222;K\u00e9pes vagyok megoldani minden kih\u00edv\u00e1st&#8221; vagy &#8222;\u00c9rt\u00e9kes vagyok \u00e9s sikeres&#8221;, nap mint nap<br \/>eml\u00e9keztetnek arra, hogy er\u0151s \u00e9s \u00e9rt\u00e9kes vagy. Az ilyen mondatok seg\u00edtenek az \u00f6nbizalom<br \/>\u00e9p\u00edt\u00e9s\u00e9ben \u00e9s a pozit\u00edv gondolkod\u00e1s meger\u0151s\u00edt\u00e9s\u00e9ben.<\/p><p class=\"has-medium-font-size\">A n\u0151i vezet\u0151k sz\u00e1m\u00e1ra k\u00fcl\u00f6n\u00f6sen fontos a bels\u0151 er\u0151 fenntart\u00e1sa, hiszen nemcsak saj\u00e1t<br \/>maguk\u00e9rt, hanem sokszor egy teljes csapat\u00e9rt is felel\u0151sek. A <a href=\"https:\/\/noivezetok.eu\/en_en\/termek\/megerosito-kartyak\/\">meger\u0151s\u00edt\u0151 k\u00e1rty\u00e1k<\/a> haszn\u00e1lata<br \/>t\u00e1mogatja azt a pozit\u00edv \u00e9letszeml\u00e9letet, amely seg\u00edt abban, hogy a neh\u00e9z helyzetekben is<br \/>meg\u0151rizd az optimizmusodat \u00e9s a bels\u0151 nyugalmadat. Egy n\u0151i v\u00e1llalkoz\u00f3nak gyakran olyan<br \/>helyzetekben kell hat\u00e1rozottan \u00e9s gyorsan d\u00f6nteni, ahol a pozit\u00edv gondolkod\u00e1s \u00e9s az<br \/>\u00f6nbizalom kulcsfontoss\u00e1g\u00fa.<\/p><h2 class=\"wp-block-heading has-large-font-size\">Az eg\u00e9szs\u00e9ges \u00e9letm\u00f3d megtart\u00e1sa \u00e9s annak fontoss\u00e1ga<\/h2><p class=\"has-medium-font-size\">Az eg\u00e9szs\u00e9g nemcsak a mag\u00e1n\u00e9letben, hanem az \u00fczleti sikerben is kulcsfontoss\u00e1g\u00fa<br \/>t\u00e9nyez\u0151. A v\u00e1llalkoz\u00f3i \u00e9let gyakran rendszertelens\u00e9get hozhat mag\u00e1val \u00e9s tal\u00e1n te is<br \/>megtapasztaltad m\u00e1r, hogy a nap v\u00e9g\u00e9n nincs id\u0151d egy kiad\u00f3s f\u0151z\u00e9sre, vagy hogy alv\u00e1s<br \/>helyett az \u00fczleti terveken j\u00e1r az agyad. Az eg\u00e9szs\u00e9ges \u00e9letm\u00f3d kialak\u00edt\u00e1sa azonban nem<br \/>lehetetlen. A tudatos \u00e9tkez\u00e9s, a megfelel\u0151 mozg\u00e1s \u00e9s a rendszeres pihen\u00e9s mind-mind seg\u00edt<br \/>abban, hogy hossz\u00fa t\u00e1von is fenntarthat\u00f3 \u00e9letvitelt folytass.<\/p><p class=\"has-medium-font-size\">A heti tervez\u0151 seg\u00edts\u00e9g\u00e9vel el\u0151re megtervezheted a heti \u00e9tkez\u00e9seidet \u00e9s a<br \/>sporttev\u00e9kenys\u00e9geket, amelyek hozz\u00e1seg\u00edtenek ahhoz, hogy eg\u00e9szs\u00e9ges maradj. Az\u00e1ltal,<br \/>hogy tudatosan odafigyelsz az \u00e9tkez\u00e9sedre \u00e9s a testmozg\u00e1sra, jelent\u0151sen n\u00f6velheted az<br \/>energiaszintedet \u00e9s cs\u00f6kkentheted a stresszt.<\/p><figure class=\"wp-block-gallery has-nested-images columns-default is-cropped wp-block-gallery-7 is-layout-flex wp-block-gallery-is-layout-flex\"><figure class=\"wp-block-image size-large\"><img loading=\"lazy\" decoding=\"async\" width=\"800\" height=\"800\" data-id=\"1652\" class=\"wp-image-1652\" src=\"https:\/\/noivezetok.eu\/wp-content\/uploads\/2024\/11\/Meditacio-a-lelek-utazasa-1.jpg\" alt=\"Az eg\u00e9szs\u00e9gre ford\u00edtott figyelem hossz\u00fa t\u00e1von hozz\u00e1j\u00e1rul a sikeresebb \u00e9skiegyens\u00falyozottabb \u00e9lethez.\" srcset=\"https:\/\/noivezetok.eu\/wp-content\/uploads\/2024\/11\/Meditacio-a-lelek-utazasa-1.jpg 800w, https:\/\/noivezetok.eu\/wp-content\/uploads\/2024\/11\/Meditacio-a-lelek-utazasa-1-300x300.jpg 300w, https:\/\/noivezetok.eu\/wp-content\/uploads\/2024\/11\/Meditacio-a-lelek-utazasa-1-150x150.jpg 150w, https:\/\/noivezetok.eu\/wp-content\/uploads\/2024\/11\/Meditacio-a-lelek-utazasa-1-768x768.jpg 768w, https:\/\/noivezetok.eu\/wp-content\/uploads\/2024\/11\/Meditacio-a-lelek-utazasa-1-12x12.jpg 12w, https:\/\/noivezetok.eu\/wp-content\/uploads\/2024\/11\/Meditacio-a-lelek-utazasa-1-600x600.jpg 600w, https:\/\/noivezetok.eu\/wp-content\/uploads\/2024\/11\/Meditacio-a-lelek-utazasa-1-100x100.jpg 100w\" sizes=\"(max-width: 800px) 100vw, 800px\" \/><\/figure><\/figure><p class=\"has-medium-font-size\">Az eg\u00e9szs\u00e9gre ford\u00edtott figyelem hossz\u00fa t\u00e1von hozz\u00e1j\u00e1rul a sikeresebb \u00e9s<br \/>kiegyens\u00falyozottabb \u00e9lethez.<\/p><h2 class=\"wp-block-heading has-large-font-size\">A ment\u00e1lis eg\u00e9szs\u00e9g meg\u0151rz\u00e9se \u00e9s a stresszkezel\u00e9si technik\u00e1k<\/h2><p class=\"has-medium-font-size\">A v\u00e1llalkoz\u00f3i \u00e9let sok stresszt hordozhat mag\u00e1ban. Fontos, hogy tal\u00e1lj olyan m\u00f3dszereket,<br \/>amelyek seg\u00edtenek a fesz\u00fclts\u00e9g old\u00e1s\u00e1ban. A medit\u00e1ci\u00f3, a j\u00f3ga vagy ak\u00e1r egy egyszer\u0171 s\u00e9ta<br \/>a term\u00e9szetben mind seg\u00edthetnek abban, hogy \u00fajra felt\u00f6lt\u0151dj \u00e9s nyugodt l\u00e9lekkel tudj<br \/>visszat\u00e9rni a munk\u00e1dhoz.<\/p><p class=\"has-medium-font-size\">A h\u00e1lanapl\u00f3 vezet\u00e9se is hozz\u00e1j\u00e1rulhat a ment\u00e1lis eg\u00e9szs\u00e9g meg\u0151rz\u00e9s\u00e9hez. Amikor nap<br \/>v\u00e9g\u00e9n v\u00e9giggondolod, mi minden\u00e9rt lehetsz h\u00e1l\u00e1s, az pozit\u00edv hat\u00e1ssal lehet a hangulatodra<br \/>\u00e9s a k\u00f6z\u00e9rzetedre. Emellett a meger\u0151s\u00edt\u0151 k\u00e1rty\u00e1k napi szint\u0171 haszn\u00e1lata is seg\u00edt abban,<br \/>hogy fenntartsd az \u00f6nbizalmadat \u00e9s a pozit\u00edv \u00e9letszeml\u00e9letet.<\/p><h2 class=\"wp-block-heading has-large-font-size\">\u00d6sszegz\u00e9s<\/h2><p class=\"has-medium-font-size\">A n\u0151i vezet\u0151k \u00e9s v\u00e1llalkoz\u00f3k szerepe a modern vil\u00e1gban egyre fontosabb, \u00e9s rengeteg<br \/>lehet\u0151s\u00e9get k\u00edn\u00e1l a szem\u00e9lyes \u00e9s szakmai fejl\u0151d\u00e9sre. Az egyens\u00faly megteremt\u00e9se azonban<br \/>tudatoss\u00e1got \u00e9s \u00f6nismeretet ig\u00e9nyel. A <a href=\"https:\/\/noivezetok.eu\/en_en\/termek\/halanaplo\/\">h\u00e1lanapl\u00f3<\/a>, a <a href=\"https:\/\/noivezetok.eu\/en_en\/termek\/noi-vezetok-heti-tervezo\/\">heti tervez\u0151<\/a> \u00e9s a <a href=\"https:\/\/noivezetok.eu\/en_en\/termek\/megerosito-kartyak\/\">meger\u0151s\u00edt\u0151 k\u00e1rty\u00e1k<\/a><br \/>mind olyan eszk\u00f6z\u00f6k, amelyek seg\u00edthetnek abban, hogy sikeresen \u00e9s kiegyens\u00falyozottan<br \/>\u00e9ld az \u00e9letedet. Az eg\u00e9szs\u00e9ged, a ment\u00e1lis egyens\u00falyod \u00e9s a pozit\u00edv gondolkod\u00e1s mind<br \/>hozz\u00e1j\u00e1rulnak ahhoz, hogy a v\u00e1llalkoz\u00e1sod mellett mag\u00e1n\u00e9letedben is boldog \u00e9s teljes \u00e9letet<br \/>\u00e9lhess.<\/p><figure class=\"wp-block-gallery has-nested-images columns-default is-cropped wp-block-gallery-8 is-layout-flex wp-block-gallery-is-layout-flex\"><figure class=\"wp-block-image size-large\"><img loading=\"lazy\" decoding=\"async\" width=\"800\" height=\"800\" data-id=\"1653\" class=\"wp-image-1653\" src=\"https:\/\/noivezetok.eu\/wp-content\/uploads\/2024\/11\/Meditacio-a-lelek-utazasa.jpg\" alt=\"A te kezedben van az ir\u00e1ny\u00edt\u00e1s \u2013 \u00e9p\u00edts olyan v\u00e1llalkoz\u00e1st, ami nemcsak a meg\u00e9lhet\u00e9st, de aboldogs\u00e1got is biztos\u00edtja sz\u00e1modra.\" srcset=\"https:\/\/noivezetok.eu\/wp-content\/uploads\/2024\/11\/Meditacio-a-lelek-utazasa.jpg 800w, https:\/\/noivezetok.eu\/wp-content\/uploads\/2024\/11\/Meditacio-a-lelek-utazasa-300x300.jpg 300w, https:\/\/noivezetok.eu\/wp-content\/uploads\/2024\/11\/Meditacio-a-lelek-utazasa-150x150.jpg 150w, https:\/\/noivezetok.eu\/wp-content\/uploads\/2024\/11\/Meditacio-a-lelek-utazasa-768x768.jpg 768w, https:\/\/noivezetok.eu\/wp-content\/uploads\/2024\/11\/Meditacio-a-lelek-utazasa-12x12.jpg 12w, https:\/\/noivezetok.eu\/wp-content\/uploads\/2024\/11\/Meditacio-a-lelek-utazasa-600x600.jpg 600w, https:\/\/noivezetok.eu\/wp-content\/uploads\/2024\/11\/Meditacio-a-lelek-utazasa-100x100.jpg 100w\" sizes=\"(max-width: 800px) 100vw, 800px\" \/><\/figure><\/figure><p class=\"has-medium-font-size\">A te kezedben van az ir\u00e1ny\u00edt\u00e1s \u2013 <a href=\"https:\/\/timesaver.hu\/\" target=\"_blank\" rel=\"noopener\">\u00e9p\u00edts olyan v\u00e1llalkoz\u00e1st<\/a>, ami nemcsak a meg\u00e9lhet\u00e9st, de a<br \/>boldogs\u00e1got is biztos\u00edtja sz\u00e1modra.<\/p><p class=\"has-medium-font-size\">Ha sz\u00edvesen olvasn\u00e1l m\u00e9g hasonl\u00f3 bejegyz\u00e9seket a j\u00f6v\u0151ben, k\u00f6vesd a <a href=\"https:\/\/noivezetok.eu\/en_en\/blog\/\">blogunk<\/a>-at, de<br \/>megtal\u00e1lsz minket a N\u0151i Vezet\u0151k <a href=\"https:\/\/www.instagram.com\/noivezetok\/\" target=\"_blank\" rel=\"noopener\">Instagram<\/a> \u00e9s <a href=\"https:\/\/hu.pinterest.com\/noivezetok\/\" target=\"_blank\" rel=\"noopener\">Pinterest<\/a> oldal\u00e1n is!<\/p><\/div>\n\t\t\t\t<\/div>\n\t\t\t\t<div class=\"elementor-element elementor-element-1b41799 elementor-widget elementor-widget-global elementor-global-4587 elementor-widget-author-box\" data-id=\"1b41799\" data-element_type=\"widget\" data-e-type=\"widget\" data-widget_type=\"author-box.default\">\n\t\t\t\t<div class=\"elementor-widget-container\">\n\t\t\t\t\t\t\t<div class=\"elementor-author-box\">\n\t\t\t\t\t\t\t<a href=\"https:\/\/timesaver.hu\/\" class=\"elementor-author-box__avatar\" target=\"_blank\" rel=\"noopener\">\n\t\t\t\t\t<img decoding=\"async\" src=\"https:\/\/noivezetok.eu\/wp-content\/uploads\/2025\/08\/8084a1e8-a04b-4a44-bcab-049a496e2169-275x300.jpeg\" alt=\"Picture of Sinka Gabriella T\u00edmea\" loading=\"lazy\">\n\t\t\t\t<\/a>\n\t\t\t\n\t\t\t<div class=\"elementor-author-box__text\">\n\t\t\t\t\t\t\t\t\t<a href=\"https:\/\/timesaver.hu\/\" target=\"_blank\" rel=\"noopener\">\n\t\t\t\t\t\t<h3 class=\"elementor-author-box__name\">\n\t\t\t\t\t\t\tSinka Gabriella T\u00edmea\t\t\t\t\t\t<\/h3>\n\t\t\t\t\t<\/a>\n\t\t\t\t\n\t\t\t\t\t\t\t\t\t<div class=\"elementor-author-box__bio\">\n\t\t\t\t\t\t<p>Im\u00e1dom, amikor egy j\u00f3 besz\u00e9lget\u00e9sb\u0151l \u00faj \u00f6tletek sz\u00fcletnek! Hiszem, hogy minden n\u0151 vezet\u0151 \u2013 legal\u00e1bb a saj\u00e1t \u00e9let\u00e9ben, \u00e9s itt azon dolgozom, hogy Te is visszatal\u00e1lj a f\u0151szerepbe, mik\u00f6zben egy\u00fctt nevet\u00fcnk, inspir\u00e1l\u00f3dunk \u00e9s mer\u00fcnk nagyot \u00e1lmodni!<\/p>\n\t\t\t\t\t<\/div>\n\t\t\t\t\n\t\t\t\t\t\t\t\t\t<a class=\"elementor-author-box__button elementor-button elementor-size-xs\" href=\"https:\/\/www.facebook.com\/timesaver.sinkagabriella\/\" target=\"_blank\" rel=\"noopener\">\n\t\t\t\t\t\tK\u00e9rd\u00e9sed van? \u00cdrj!\t\t\t\t\t<\/a>\n\t\t\t\t\t\t\t<\/div>\n\t\t<\/div>\n\t\t\t\t\t\t<\/div>\n\t\t\t\t<\/div>\n\t\t\t\t\t<\/div>\n\t\t\t\t<\/div>\t\t<\/div>","protected":false},"excerpt":{"rendered":"<p>Hogyan teremtsd meg az egyens\u00falyt az \u00fczleti \u00e9s mag\u00e1n\u00e9let k\u00f6z\u00f6tt? A n\u0151i v\u00e1llalkoz\u00f3k \u00e9s vezet\u0151 beoszt\u00e1sban dolgoz\u00f3k sz\u00e1m\u00e1ra a 21. sz\u00e1zad rengeteg \u00fajlehet\u0151s\u00e9get tartogat, ugyanakkor kih\u00edv\u00e1sokkal is szembe kell n\u00e9zni\u00fck. Ha n\u0151k\u00e9nt d\u00f6nt\u00f6tt\u00e9l\u00fagy, hogy v\u00e1llalkoz\u00e1sba kezdesz, vagy m\u00e1r benne is vagy a s\u0171r\u0171j\u00e9ben, biztosan ismered amindennapok sokszor f\u00e1raszt\u00f3 zsong\u00e1s\u00e1t. A csal\u00e1d, az eg\u00e9szs\u00e9ged, a p\u00e1rkapcsolatod, [&hellip;]<\/p>\n","protected":false},"author":5,"featured_media":1647,"comment_status":"open","ping_status":"open","sticky":false,"template":"","format":"standard","meta":{"rank_math_focus_keyword":"n\u0151i v\u00e1llalkoz\u00f3k","rank_math_title":"","rank_math_description":"A n\u0151i v\u00e1llalkoz\u00f3k sz\u00e1mos kih\u00edv\u00e1ssal kell szemben\u00e9zzenek. \u00cdme n\u00e9h\u00e1ny egyszer\u0171, de hat\u00e9kony seg\u00edts\u00e9g a mindennapokhoz!","footnotes":""},"categories":[102],"tags":[63,55],"class_list":["post-1646","post","type-post","status-publish","format-standard","has-post-thumbnail","hentry","category-inspiracio","tag-motivacio","tag-noi-vezetok"],"_links":{"self":[{"href":"https:\/\/noivezetok.eu\/en_en\/wp-json\/wp\/v2\/posts\/1646","targetHints":{"allow":["GET"]}}],"collection":[{"href":"https:\/\/noivezetok.eu\/en_en\/wp-json\/wp\/v2\/posts"}],"about":[{"href":"https:\/\/noivezetok.eu\/en_en\/wp-json\/wp\/v2\/types\/post"}],"author":[{"embeddable":true,"href":"https:\/\/noivezetok.eu\/en_en\/wp-json\/wp\/v2\/users\/5"}],"replies":[{"embeddable":true,"href":"https:\/\/noivezetok.eu\/en_en\/wp-json\/wp\/v2\/comments?post=1646"}],"version-history":[{"count":9,"href":"https:\/\/noivezetok.eu\/en_en\/wp-json\/wp\/v2\/posts\/1646\/revisions"}],"predecessor-version":[{"id":6276,"href":"https:\/\/noivezetok.eu\/en_en\/wp-json\/wp\/v2\/posts\/1646\/revisions\/6276"}],"wp:featuredmedia":[{"embeddable":true,"href":"https:\/\/noivezetok.eu\/en_en\/wp-json\/wp\/v2\/media\/1647"}],"wp:attachment":[{"href":"https:\/\/noivezetok.eu\/en_en\/wp-json\/wp\/v2\/media?parent=1646"}],"wp:term":[{"taxonomy":"category","embeddable":true,"href":"https:\/\/noivezetok.eu\/en_en\/wp-json\/wp\/v2\/categories?post=1646"},{"taxonomy":"post_tag","embeddable":true,"href":"https:\/\/noivezetok.eu\/en_en\/wp-json\/wp\/v2\/tags?post=1646"}],"curies":[{"name":"wp","href":"https:\/\/api.w.org\/{rel}","templated":true}]}}