{"id":1475,"date":"2024-09-01T12:39:45","date_gmt":"2024-09-01T12:39:45","guid":{"rendered":"https:\/\/noivezetok.eu\/?p=1475"},"modified":"2025-11-28T13:10:38","modified_gmt":"2025-11-28T13:10:38","slug":"noi_vezetok","status":"publish","type":"post","link":"https:\/\/noivezetok.eu\/en_en\/noi_vezetok\/","title":{"rendered":"N\u0151i Vezet\u0151k Magyarorsz\u00e1gon"},"content":{"rendered":"<div data-elementor-type=\"wp-post\" data-elementor-id=\"1475\" class=\"elementor elementor-1475\" data-elementor-post-type=\"post\">\n\t\t\t\t<div class=\"elementor-element elementor-element-4ca78373 e-flex e-con-boxed e-con e-parent\" data-id=\"4ca78373\" data-element_type=\"container\" data-e-type=\"container\">\n\t\t\t\t\t<div class=\"e-con-inner\">\n\t\t\t\t<div class=\"elementor-element elementor-element-48a58ced elementor-widget elementor-widget-text-editor\" data-id=\"48a58ced\" data-element_type=\"widget\" data-e-type=\"widget\" data-widget_type=\"text-editor.default\">\n\t\t\t\t<div class=\"elementor-widget-container\"><h2 class=\"wp-block-heading has-large-font-size\">Pozit\u00edv \u00e9letszeml\u00e9let \u00e9s fenntarthat\u00f3 j\u00f6v\u0151<\/h2><p class=\"has-medium-font-size\">A <a href=\"https:\/\/noivezetok.eu\/en_en\/\">N\u0151i Vezet\u0151k<\/a> c\u00e9lja, a vil\u00e1gban eluralkodott negativit\u00e1s megt\u00f6r\u00e9se \u00e9s helyette egy pozit\u00edv<br>attit\u0171d kialak\u00edt\u00e1sa. Ebben a gyorsan v\u00e1ltoz\u00f3 k\u00f6rnyezetben most van itt a megfelel\u0151 id\u0151, hogy<br>tudatosabb \u00e9s teljesebb \u00e9letet \u00e9lj\u00fcnk. A <em>N\u0151i Vezet\u0151k<\/em> platformja seg\u00edt abban, hogy<br>mindennapjaink r\u00e9sz\u00e9v\u00e9 v\u00e1ljon a pozit\u00edv \u00e9letszeml\u00e9let \u00e9s elinduljunk a bels\u0151 fejl\u0151d\u00e9s \u00fatj\u00e1n.<\/p><h2 class=\"wp-block-heading has-large-font-size\">Tudatoss\u00e1g \u00e9s \u00f6nismeret fejleszt\u00e9se<\/h2><p class=\"has-medium-font-size\">Az \u00f6nmagunkra ford\u00edtott id\u0151 sosem hi\u00e1baval\u00f3. Ha v\u00e1ltoztatni szeretn\u00e9nk<br>gondolkod\u00e1sm\u00f3dunkon, el\u0151sz\u00f6r is tiszt\u00e1ban kell lenn\u00fcnk saj\u00e1t bels\u0151 vil\u00e1gunkkal. Egyre t\u00f6bb<br>ember fedezi fel a h\u00e1la \u00e9s az \u00f6nreflexi\u00f3 erej\u00e9t, amely hat\u00e9kony eszk\u00f6z lehet a pozit\u00edv<br>\u00e9letszeml\u00e9let kialak\u00edt\u00e1s\u00e1ban. A <a href=\"https:\/\/noivezetok.eu\/en_en\/termek\/halanaplo\/\">h\u00e1lanapl\u00f3<\/a> egy egyszer\u0171, de er\u0151teljes eszk\u00f6z, amely seg\u00edt<br>abban, hogy \u00e9rt\u00e9kelj\u00fck \u00e9let\u00fcnk apr\u00f3 \u00f6r\u00f6meit \u00e9s elismerj\u00fck azokat a pillanatokat, amelyek<br>boldogs\u00e1got hoznak. Minden este vegy\u00fcnk el\u0151 egy h\u00e1lanapl\u00f3t \u00e9s jegyezz\u00fcnk fel h\u00e1rom<br>dolgot, ami\u00e9rt h\u00e1l\u00e1sak vagyunk. Ez az egyszer\u0171 szok\u00e1s id\u0151vel m\u00e9lyebb bels\u0151 b\u00e9k\u00e9t \u00e9s<br>el\u00e9gedetts\u00e9get hoz \u00e9let\u00fcnkbe.<\/p><h2 class=\"wp-block-heading has-large-font-size\">Csatlakozz a N\u0151i Vezet\u0151k k\u00f6z\u00f6ss\u00e9g\u00e9hez<\/h2><p class=\"has-medium-font-size\">A <em>N\u0151i Vezet\u0151k <\/em>k\u00f6z\u00f6ss\u00e9ge olyan embereket fog \u00f6ssze, akik elk\u00f6telezettek a szem\u00e9lyes<br>fejl\u0151d\u00e9s \u00e9s a pozit\u00edv \u00e9letszeml\u00e9let ir\u00e1nt. A <a href=\"https:\/\/noivezetok.eu\/en_en\/fiokom\/\">N\u0151i Vezet\u0151k Weekly h\u00edrlev\u00e9l<\/a>, amely szem\u00e9lyes<br>fejl\u0151d\u00e9si tippeket, termel\u00e9kenys\u00e9g-n\u00f6vel\u0151 \u00f6tleteket, boldogs\u00e1gr\u00f3l \u00e9s kapcsolatokr\u00f3l sz\u00f3l\u00f3<br>tan\u00e1csokat tartalmaz, ide\u00e1lis eszk\u00f6z mindenki sz\u00e1m\u00e1ra, aki tudatosabban szeretne \u00e9lni.<br><a href=\"https:\/\/noivezetok.eu\/en_en\/blog\/\">Blogunkon<\/a> bemutatjuk a <em>N\u0151i Vezet\u0151k<\/em> elengedhetetlen eszk\u00f6zt\u00e1r\u00e1t, a manifeszt\u00e1ci\u00f3,<br>medit\u00e1ci\u00f3 \u00e9s pozit\u00edv gondolkod\u00e1s vil\u00e1g\u00e1t. Ezeket az eszk\u00f6z\u00f6ket gyakorlati le\u00edr\u00e1sainknak<br>k\u00f6sz\u00f6nhet\u0151en k\u00f6nnyed\u00e9n be\u00e9p\u00edthetitek a mindennapokba, ak\u00e1r csal\u00e1dotokkal k\u00f6z\u00f6sen,<br>eg\u00e9szen kisgyermekkort\u00f3l is.<\/p><figure class=\"wp-block-image size-full is-resized\"><img fetchpriority=\"high\" decoding=\"async\" width=\"800\" height=\"800\" src=\"https:\/\/noivezetok.eu\/wp-content\/uploads\/2024\/09\/Meditacio-a-lelek-utazasa-800-x-800-keppont-6.jpg\" alt=\"N\u0151i Vezet\u0151k: \u00c9lj pozit\u00edvan!\" class=\"wp-image-1477\" style=\"width:757px;height:auto\" srcset=\"https:\/\/noivezetok.eu\/wp-content\/uploads\/2024\/09\/Meditacio-a-lelek-utazasa-800-x-800-keppont-6.jpg 800w, https:\/\/noivezetok.eu\/wp-content\/uploads\/2024\/09\/Meditacio-a-lelek-utazasa-800-x-800-keppont-6-300x300.jpg 300w, https:\/\/noivezetok.eu\/wp-content\/uploads\/2024\/09\/Meditacio-a-lelek-utazasa-800-x-800-keppont-6-150x150.jpg 150w, https:\/\/noivezetok.eu\/wp-content\/uploads\/2024\/09\/Meditacio-a-lelek-utazasa-800-x-800-keppont-6-768x768.jpg 768w, https:\/\/noivezetok.eu\/wp-content\/uploads\/2024\/09\/Meditacio-a-lelek-utazasa-800-x-800-keppont-6-12x12.jpg 12w, https:\/\/noivezetok.eu\/wp-content\/uploads\/2024\/09\/Meditacio-a-lelek-utazasa-800-x-800-keppont-6-600x600.jpg 600w, https:\/\/noivezetok.eu\/wp-content\/uploads\/2024\/09\/Meditacio-a-lelek-utazasa-800-x-800-keppont-6-100x100.jpg 100w\" sizes=\"(max-width: 800px) 100vw, 800px\" \/><\/figure><h2 class=\"wp-block-heading has-large-font-size\">Kevesebbel t\u00f6bbet el\u00e9rni<\/h2><p class=\"has-medium-font-size\">A modern vil\u00e1g tele van zavar\u00f3 t\u00e9nyez\u0151kkel, amelyek elterelik figyelm\u00fcnket a val\u00f3ban fontos<br>dolgokr\u00f3l, \u00edgy igaz\u00e1b\u00f3l \u00f6nmagunkr\u00f3l is. Mindennel tele van a fej\u00fcnk a mindennapok sor\u00e1n.<br>Ez\u00e9rt is fontos, hogy egyszer\u0171 \u00e9s hat\u00e9kony eszk\u00f6z\u00f6kkel dolgozzunk a szem\u00e9lyes<br>fejl\u0151d\u00e9s\u00fcnk \u00e9rdek\u00e9ben. Olyan term\u00e9keket hozunk l\u00e9tre, amelyek seg\u00edtenek kiakn\u00e1zni a<br>benn\u00fcnk rejl\u0151 lehet\u0151s\u00e9geket minim\u00e1lis er\u0151fesz\u00edt\u00e9ssel. A <a href=\"https:\/\/noivezetok.eu\/en_en\/termek\/noi-vezetok-heti-tervezo\/\">heti tervez\u0151<\/a> seg\u00edt rendszerezni<br>teend\u0151inket, \u00edgy f\u00f3kusz\u00e1ltabb\u00e1 \u00e9s produkt\u00edvabb\u00e1 v\u00e1lhatunk. Az \u00e9let\u00fcnket jobban szervezve<br>t\u00f6bb id\u0151t szentelhet\u00fcnk azoknak a tev\u00e9kenys\u00e9geknek, amelyek val\u00f3di \u00f6r\u00f6m\u00f6t okoznak \u00e9s<br>el\u0151seg\u00edtik testi-, lelki eg\u00e9szs\u00e9g\u00fcnket.<\/p><h2 class=\"wp-block-heading has-large-font-size\">H\u00e1lanapl\u00f3k \u00e9s meger\u0151s\u00edt\u0151 k\u00e1rty\u00e1k<\/h2><p class=\"has-medium-font-size\">A <a href=\"https:\/\/noivezetok.eu\/en_en\/termek\/halanaplo\/\">h\u00e1lanapl\u00f3k<\/a> \u00e9s <a href=\"https:\/\/noivezetok.eu\/en_en\/termek\/megerosito-kartyak\/\">meger\u0151s\u00edt\u0151 k\u00e1rty\u00e1k<\/a> m\u00e1r az els\u0151 napokt\u00f3l kezdve pozit\u00edv szok\u00e1sokat<br>alak\u00edtanak ki. A h\u00e1lanapl\u00f3k seg\u00edtenek abban, hogy minden nap h\u00e1l\u00e1sak legy\u00fcnk a k\u00f6r\u00fcl\u00f6tt\u00fcnk <br>l\u00e9v\u0151 j\u00f3 dolgok\u00e9rt, m\u00edg a meger\u0151s\u00edt\u0151 k\u00e1rty\u00e1k \u00e9p\u00edtik az \u00f6nbizalmat \u00e9s motiv\u00e1lnak.<br>Kevesebb er\u0151fesz\u00edt\u00e9ssel felszabad\u00edthatjuk a benn\u00fcnk rejl\u0151 potenci\u00e1lt \u00e9s elker\u00fclhetj\u00fck az<br>\u00e9veken \u00e1t tart\u00f3 pr\u00f3b\u00e1lkoz\u00e1sokat \u00e9s kudarcokat. Ha pozit\u00edv szok\u00e1sokat \u00e9p\u00edt\u00fcnk be a<br>mindennapjainkba, hamarosan \u00e9szrevessz\u00fck, hogy \u00e9let\u00fcnk teljesebb\u00e9 \u00e9s boldogabb\u00e1 v\u00e1lik.<br><a href=\"https:\/\/noivezetok.eu\/en_en\/\">Term\u00e9keinkkel<\/a> mank\u00f3t pr\u00f3b\u00e1lunk adni Nektek, hiszen az \u00e9letszeml\u00e9let\u00fcnk megv\u00e1ltoztat\u00e1sa<br>\u00e9s a pozitivit\u00e1s er\u0151s\u00edt\u00e9se nem felt\u00e9tlen\u00fcl olyan k\u00f6nny\u0171, mint amilyennek gondoln\u00e1nk. P\u00e9ld\u00e1ul<br>egy neh\u00e9z, munk\u00e1val teli nap ut\u00e1n, amikor \u00e9ppen \u00fagy \u00e9rezz\u00fck, hogy semmi sem halad<br>megfelel\u0151 mederben, nagyon neh\u00e9z megkeresni azt, ami\u00e9rt h\u00e1l\u00e1sak lehet\u00fcnk \u00e9s ami pozit\u00edv<br>\u00e9rz\u00e9sekk\u00e9 form\u00e1lja ezt a sok \u201czajt\u201d.<\/p><figure class=\"wp-block-image size-large is-resized\"><img decoding=\"async\" width=\"819\" height=\"1024\" src=\"https:\/\/noivezetok.eu\/wp-content\/uploads\/2024\/09\/All_In_pp-819x1024.jpg\" alt=\"H\u00e1lanapl\u00f3, heti tervez\u0151, meger\u0151s\u00edt\u0151 k\u00e1rty\u00e1k\" class=\"wp-image-1478\" style=\"width:756px;height:auto\" srcset=\"https:\/\/noivezetok.eu\/wp-content\/uploads\/2024\/09\/All_In_pp-819x1024.jpg 819w, https:\/\/noivezetok.eu\/wp-content\/uploads\/2024\/09\/All_In_pp-240x300.jpg 240w, https:\/\/noivezetok.eu\/wp-content\/uploads\/2024\/09\/All_In_pp-768x960.jpg 768w, https:\/\/noivezetok.eu\/wp-content\/uploads\/2024\/09\/All_In_pp-10x12.jpg 10w, https:\/\/noivezetok.eu\/wp-content\/uploads\/2024\/09\/All_In_pp-600x750.jpg 600w, https:\/\/noivezetok.eu\/wp-content\/uploads\/2024\/09\/All_In_pp.jpg 1080w\" sizes=\"(max-width: 819px) 100vw, 819px\" \/><\/figure><h2 class=\"wp-block-heading has-large-font-size\">Fenntarthat\u00f3 \u00e9s etikus term\u00e9kek<\/h2><p class=\"has-medium-font-size\">Term\u00e9keink nemcsak a bels\u0151 fejl\u0151d\u00e9st t\u00e1mogatj\u00e1k, hanem a k\u00f6rnyezetet is \u00f3vj\u00e1k. 100%-ban<br>\u00fajrahasznos\u00edtott, biol\u00f3giailag leboml\u00f3 \u00e9s FSCTM tan\u00fas\u00edtv\u00e1nnyal rendelkez\u0151 pap\u00edrb\u00f3l<br>k\u00e9sz\u00fclnek. Ezzel biztos\u00edtjuk, hogy egyetlen f\u00e1t sem v\u00e1gnak ki term\u00e9keink el\u0151\u00e1ll\u00edt\u00e1s\u00e1hoz.<br><a href=\"https:\/\/noivezetok.eu\/en_en\/termek\/halanaplo\/\">Napl\u00f3ink <\/a>100%-ban term\u00e9szetes text\u00edli\u00e1kb\u00f3l, p\u00e9ld\u00e1ul pamutb\u00f3l vagy lenb\u0151l k\u00e9sz\u00fclnek \u00e9s<br>nem tartalmaznak szintetikus anyagokat, mint a poli\u00e9szter vagy m\u0171anyag. Ez\u00e1ltal<br>hozz\u00e1j\u00e1rulunk a fenntarthat\u00f3 \u00e9letm\u00f3dhoz \u00e9s t\u00e1mogatjuk a term\u00e9szet meg\u00f3v\u00e1s\u00e1t is.<\/p><figure class=\"wp-block-image size-large is-resized\"><img decoding=\"async\" width=\"819\" height=\"1024\" src=\"https:\/\/noivezetok.eu\/wp-content\/uploads\/2024\/09\/AnyakNapja_zold_pp-819x1024.jpg\" alt=\"\" class=\"wp-image-1479\" style=\"width:769px;height:auto\" srcset=\"https:\/\/noivezetok.eu\/wp-content\/uploads\/2024\/09\/AnyakNapja_zold_pp-819x1024.jpg 819w, https:\/\/noivezetok.eu\/wp-content\/uploads\/2024\/09\/AnyakNapja_zold_pp-240x300.jpg 240w, https:\/\/noivezetok.eu\/wp-content\/uploads\/2024\/09\/AnyakNapja_zold_pp-768x960.jpg 768w, https:\/\/noivezetok.eu\/wp-content\/uploads\/2024\/09\/AnyakNapja_zold_pp-10x12.jpg 10w, https:\/\/noivezetok.eu\/wp-content\/uploads\/2024\/09\/AnyakNapja_zold_pp-600x750.jpg 600w, https:\/\/noivezetok.eu\/wp-content\/uploads\/2024\/09\/AnyakNapja_zold_pp.jpg 1080w\" sizes=\"(max-width: 819px) 100vw, 819px\" \/><\/figure><h2 class=\"wp-block-heading has-large-font-size\">Pozit\u00edv \u00e9letszeml\u00e9let megteremt\u00e9se<\/h2><p class=\"has-medium-font-size\">A pozit\u00edv \u00e9letszeml\u00e9let kialak\u00edt\u00e1sa hossz\u00fa t\u00e1v\u00fa elk\u00f6telez\u0151d\u00e9st ig\u00e9nyel, de meg\u00e9ri. Az\u00e1ltal,<br>hogy tudatosan f\u00f3kusz\u00e1lunk a pozit\u00edvumokra \u00e9s olyan eszk\u00f6z\u00f6ket haszn\u00e1lunk, mint a<br>h\u00e1lanapl\u00f3 vagy a meger\u0151s\u00edt\u0151 k\u00e1rty\u00e1k, k\u00e9pesek vagyunk megv\u00e1ltoztatni az \u00e9let\u00fcnket. Az<br>ilyen gyakorlatok nemcsak a hangulatunkat jav\u00edtj\u00e1k, hanem a ment\u00e1lis eg\u00e9szs\u00e9g\u00fcnket is<br>er\u0151s\u00edtik. Az\u00e1ltal, hogy megtanuljuk \u00e9rt\u00e9kelni a jelen pillanatot \u00e9s h\u00e1l\u00e1snak lenni az\u00e9rt, amink<br>van, k\u00f6nnyebben lek\u00fczdhetj\u00fck a mindennapi stresszt \u00e9s szorong\u00e1st.<\/p><h2 class=\"wp-block-heading has-large-font-size\">Motiv\u00e1ci\u00f3 \u00e9s szem\u00e9lyes fejl\u0151d\u00e9s<\/h2><p class=\"has-medium-font-size\">A motiv\u00e1ci\u00f3 kulcsfontoss\u00e1g\u00fa szerepet j\u00e1tszik a szem\u00e9lyes fejl\u0151d\u00e9sben. A <em>N\u0151i Vezet\u0151k<\/em> c\u00e9lja,<br>hogy t\u00e1mogasson mindenkit abban, hogy megtal\u00e1lja saj\u00e1t bels\u0151 motiv\u00e1ci\u00f3j\u00e1t \u00e9s kitartson<br>c\u00e9ljai mellett, de amikor a saj\u00e1t motiv\u00e1ci\u00f3nk meggyeng\u00fcl, legyen kire t\u00e1maszkodnia<br>mindenkinek. <a href=\"https:\/\/noivezetok.eu\/en_en\/termek\/noi-vezetok-heti-tervezo\/\">A heti tervez\u0151k<\/a>, <a href=\"https:\/\/noivezetok.eu\/en_en\/termek\/halanaplo\/\">a h\u00e1lanapl\u00f3k<\/a> \u00e9s <a href=\"https:\/\/noivezetok.eu\/en_en\/termek\/megerosito-kartyak\/\">a meger\u0151s\u00edt\u0151 k\u00e1rty\u00e1k<\/a> mind olyan<br>eszk\u00f6z\u00f6k, amelyek seg\u00edtenek abban, hogy f\u00f3kusz\u00e1ltak \u00e9s motiv\u00e1ltak maradjunk. Az\u00e1ltal,<br>hogy rendszeresen haszn\u00e1ljuk ezeket az eszk\u00f6z\u00f6ket, k\u00f6nnyebben tudunk koncentr\u00e1lni a<br>fontos dolgokra \u00e9s el\u00e9rni c\u00e9ljainkat.<\/p><figure class=\"wp-block-image size-large is-resized\"><img loading=\"lazy\" decoding=\"async\" width=\"819\" height=\"1024\" src=\"https:\/\/noivezetok.eu\/wp-content\/uploads\/2024\/09\/WeeklyPlanner_0002-819x1024.jpg\" alt=\"\" class=\"wp-image-1480\" style=\"width:778px;height:auto\" srcset=\"https:\/\/noivezetok.eu\/wp-content\/uploads\/2024\/09\/WeeklyPlanner_0002-819x1024.jpg 819w, https:\/\/noivezetok.eu\/wp-content\/uploads\/2024\/09\/WeeklyPlanner_0002-240x300.jpg 240w, https:\/\/noivezetok.eu\/wp-content\/uploads\/2024\/09\/WeeklyPlanner_0002-768x960.jpg 768w, https:\/\/noivezetok.eu\/wp-content\/uploads\/2024\/09\/WeeklyPlanner_0002-1229x1536.jpg 1229w, https:\/\/noivezetok.eu\/wp-content\/uploads\/2024\/09\/WeeklyPlanner_0002-1638x2048.jpg 1638w, https:\/\/noivezetok.eu\/wp-content\/uploads\/2024\/09\/WeeklyPlanner_0002-10x12.jpg 10w, https:\/\/noivezetok.eu\/wp-content\/uploads\/2024\/09\/WeeklyPlanner_0002-600x750.jpg 600w, https:\/\/noivezetok.eu\/wp-content\/uploads\/2024\/09\/WeeklyPlanner_0002-scaled.jpg 2048w\" sizes=\"(max-width: 819px) 100vw, 819px\" \/><\/figure><h2 class=\"wp-block-heading has-large-font-size\">A j\u00f6v\u0151 pozit\u00edv form\u00e1l\u00e1sa<\/h2><p class=\"has-medium-font-size\">A <em>N\u0151i Vezet\u0151k<\/em> nemcsak az egy\u00e9ni fejl\u0151d\u00e9st, hanem a k\u00f6z\u00f6ss\u00e9gi \u00f6sszetartoz\u00e1st is<br>t\u00e1mogatj\u00e1k. Olyan k\u00f6z\u00f6ss\u00e9get \u00e9p\u00edt\u00fcnk, amelynek tagjai egy\u00fctt dolgoznak egy pozit\u00edvabb,<br>fenntarthat\u00f3bb j\u00f6v\u0151 megteremt\u00e9s\u00e9n. Csatlakozz k\u00f6z\u00f6ss\u00e9g\u00fcnkh\u00f6z, olvasd a <em>N\u0151i Vezet\u0151k<br>Weekly<\/em>-t, hogy te is r\u00e9szese lehess ennek a pozit\u00edv v\u00e1ltoz\u00e1snak. Egy\u00fctt er\u0151sebbek vagyunk<br>\u00e9s k\u00e9pesek vagyunk val\u00f3di v\u00e1ltoz\u00e1st el\u00e9rni Magyarorsz\u00e1gon \u00e9s azon t\u00fal is.<\/p><h2 class=\"wp-block-heading has-large-font-size\">\u00d6sszegz\u00e9s<\/h2><p class=\"has-medium-font-size\">A <em>N\u0151i Vezet\u0151k <\/em>c\u00e9lja, hogy t\u00e1mogasson mindenkit a pozit\u00edv \u00e9letszeml\u00e9let \u00e9s a fenntarthat\u00f3<br>\u00e9letm\u00f3d kialak\u00edt\u00e1s\u00e1ban. Term\u00e9keinkkel \u00e9s programjainkkal seg\u00edt\u00fcnk, hogy jobban<br>megismerd \u00f6nmagad \u00e9s kiakn\u00e1zd a benned rejl\u0151 lehet\u0151s\u00e9geket. A h\u00e1la, a motiv\u00e1ci\u00f3 \u00e9s a<br>szem\u00e9lyes fejl\u0151d\u00e9s mind hozz\u00e1j\u00e1rulnak ahhoz, hogy boldogabb, tudatosabb \u00e9s teljesebb<br>\u00e9letet \u00e9lhess. Kezdd el ma a v\u00e1ltoz\u00e1st \u00e9s l\u00e9gy r\u00e9sze egy pozit\u00edv j\u00f6v\u0151 megteremt\u00e9s\u00e9nek!<\/p><p class=\"has-medium-font-size\">Rem\u00e9lem hasznosnak tal\u00e1lt\u00e1tok a mai blogot, ami \u00e1ltal bepillant\u00e1st nyerhettetek <br>a N\u0151i Vezet\u0151k c\u00e9ljaiba!<br>Ha \u00fagy \u00e9rzed ez az, amire Neked is sz\u00fcks\u00e9ged van \u00e9s szeretn\u00e9l a N\u0151i Vezet\u0151k k\u00f6z\u00f6ss\u00e9g\u00e9hez csatlakozni, k\u00f6vesd a blogunkat \u00e9s iratkozz fel a <em>N\u0151i Vezet\u0151k Weekly<\/em>-re!<br>A k\u00f6vetkez\u0151 h\u00e9ten \u00faj bejegyz\u00e9ssel j\u00f6v\u00fcnk, addig is megtal\u00e1lsz minket <br><a href=\"https:\/\/www.instagram.com\/noivezetok\/\" target=\"_blank\" rel=\"noopener\">Instagram<\/a>-on \u00e9s <a href=\"https:\/\/hu.pinterest.com\/noivezetok\/\" target=\"_blank\" rel=\"noopener\">Pinterest<\/a>-en!<\/p><\/div>\n\t\t\t\t<\/div>\n\t\t\t\t<div class=\"elementor-element elementor-element-821f624 elementor-widget elementor-widget-global elementor-global-4587 elementor-widget-author-box\" data-id=\"821f624\" data-element_type=\"widget\" data-e-type=\"widget\" data-widget_type=\"author-box.default\">\n\t\t\t\t<div class=\"elementor-widget-container\">\n\t\t\t\t\t\t\t<div class=\"elementor-author-box\">\n\t\t\t\t\t\t\t<a href=\"https:\/\/timesaver.hu\/\" class=\"elementor-author-box__avatar\" target=\"_blank\" rel=\"noopener\">\n\t\t\t\t\t<img decoding=\"async\" src=\"https:\/\/noivezetok.eu\/wp-content\/uploads\/2025\/08\/8084a1e8-a04b-4a44-bcab-049a496e2169-275x300.jpeg\" alt=\"Picture of Sinka Gabriella T\u00edmea\" loading=\"lazy\">\n\t\t\t\t<\/a>\n\t\t\t\n\t\t\t<div class=\"elementor-author-box__text\">\n\t\t\t\t\t\t\t\t\t<a href=\"https:\/\/timesaver.hu\/\" target=\"_blank\" rel=\"noopener\">\n\t\t\t\t\t\t<h3 class=\"elementor-author-box__name\">\n\t\t\t\t\t\t\tSinka Gabriella T\u00edmea\t\t\t\t\t\t<\/h3>\n\t\t\t\t\t<\/a>\n\t\t\t\t\n\t\t\t\t\t\t\t\t\t<div class=\"elementor-author-box__bio\">\n\t\t\t\t\t\t<p>Im\u00e1dom, amikor egy j\u00f3 besz\u00e9lget\u00e9sb\u0151l \u00faj \u00f6tletek sz\u00fcletnek! Hiszem, hogy minden n\u0151 vezet\u0151 \u2013 legal\u00e1bb a saj\u00e1t \u00e9let\u00e9ben, \u00e9s itt azon dolgozom, hogy Te is visszatal\u00e1lj a f\u0151szerepbe, mik\u00f6zben egy\u00fctt nevet\u00fcnk, inspir\u00e1l\u00f3dunk \u00e9s mer\u00fcnk nagyot \u00e1lmodni!<\/p>\n\t\t\t\t\t<\/div>\n\t\t\t\t\n\t\t\t\t\t\t\t\t\t<a class=\"elementor-author-box__button elementor-button elementor-size-xs\" href=\"https:\/\/www.facebook.com\/timesaver.sinkagabriella\/\" target=\"_blank\" rel=\"noopener\">\n\t\t\t\t\t\tK\u00e9rd\u00e9sed van? \u00cdrj!\t\t\t\t\t<\/a>\n\t\t\t\t\t\t\t<\/div>\n\t\t<\/div>\n\t\t\t\t\t\t<\/div>\n\t\t\t\t<\/div>\n\t\t\t\t\t<\/div>\n\t\t\t\t<\/div>\t\t<\/div>","protected":false},"excerpt":{"rendered":"<p>Pozit\u00edv \u00e9letszeml\u00e9let \u00e9s fenntarthat\u00f3 j\u00f6v\u0151 A N\u0151i Vezet\u0151k c\u00e9lja, a vil\u00e1gban eluralkodott negativit\u00e1s megt\u00f6r\u00e9se \u00e9s helyette egy pozit\u00edvattit\u0171d kialak\u00edt\u00e1sa. Ebben a gyorsan v\u00e1ltoz\u00f3 k\u00f6rnyezetben most van itt a megfelel\u0151 id\u0151, hogytudatosabb \u00e9s teljesebb \u00e9letet \u00e9lj\u00fcnk. A N\u0151i Vezet\u0151k platformja seg\u00edt abban, hogymindennapjaink r\u00e9sz\u00e9v\u00e9 v\u00e1ljon a pozit\u00edv \u00e9letszeml\u00e9let \u00e9s elinduljunk a bels\u0151 fejl\u0151d\u00e9s \u00fatj\u00e1n. Tudatoss\u00e1g \u00e9s [&hellip;]<\/p>\n","protected":false},"author":5,"featured_media":1476,"comment_status":"open","ping_status":"open","sticky":false,"template":"","format":"standard","meta":{"rank_math_focus_keyword":"N\u0151i vezet\u0151k","rank_math_title":"","rank_math_description":"A N\u0151i Vezet\u0151k c\u00e9lja, a vil\u00e1gban eluralkodott negativit\u00e1s megt\u00f6r\u00e9se \u00e9s helyette egy pozit\u00edv attit\u0171d kialak\u00edt\u00e1sa.","footnotes":""},"categories":[1],"tags":[58,62,59,63,61,55,60,57],"class_list":["post-1475","post","type-post","status-publish","format-standard","has-post-thumbnail","hentry","category-uncategorized","tag-halanaplo","tag-heti-tervezo","tag-megerosito-kartyak","tag-motivacio","tag-noi-kozosseg","tag-noi-vezetok","tag-onismeret","tag-tudatossag"],"_links":{"self":[{"href":"https:\/\/noivezetok.eu\/en_en\/wp-json\/wp\/v2\/posts\/1475","targetHints":{"allow":["GET"]}}],"collection":[{"href":"https:\/\/noivezetok.eu\/en_en\/wp-json\/wp\/v2\/posts"}],"about":[{"href":"https:\/\/noivezetok.eu\/en_en\/wp-json\/wp\/v2\/types\/post"}],"author":[{"embeddable":true,"href":"https:\/\/noivezetok.eu\/en_en\/wp-json\/wp\/v2\/users\/5"}],"replies":[{"embeddable":true,"href":"https:\/\/noivezetok.eu\/en_en\/wp-json\/wp\/v2\/comments?post=1475"}],"version-history":[{"count":9,"href":"https:\/\/noivezetok.eu\/en_en\/wp-json\/wp\/v2\/posts\/1475\/revisions"}],"predecessor-version":[{"id":6252,"href":"https:\/\/noivezetok.eu\/en_en\/wp-json\/wp\/v2\/posts\/1475\/revisions\/6252"}],"wp:featuredmedia":[{"embeddable":true,"href":"https:\/\/noivezetok.eu\/en_en\/wp-json\/wp\/v2\/media\/1476"}],"wp:attachment":[{"href":"https:\/\/noivezetok.eu\/en_en\/wp-json\/wp\/v2\/media?parent=1475"}],"wp:term":[{"taxonomy":"category","embeddable":true,"href":"https:\/\/noivezetok.eu\/en_en\/wp-json\/wp\/v2\/categories?post=1475"},{"taxonomy":"post_tag","embeddable":true,"href":"https:\/\/noivezetok.eu\/en_en\/wp-json\/wp\/v2\/tags?post=1475"}],"curies":[{"name":"wp","href":"https:\/\/api.w.org\/{rel}","templated":true}]}}